{"id":10032,"date":"2025-02-19T10:20:55","date_gmt":"2025-02-19T13:20:55","guid":{"rendered":"https:\/\/crb1.org.br\/site\/?p=10032"},"modified":"2025-03-21T14:17:42","modified_gmt":"2025-03-21T17:17:42","slug":"oportunidade-2","status":"publish","type":"post","link":"https:\/\/crb1.org.br\/site\/2025\/02\/oportunidade-2\/","title":{"rendered":"Oportunidade &#8211; O INTERMAT abre processo seletivo com cadastro reserva para o cargo de Analista Fundi\u00e1rio e Agr\u00e1rio A1 &#8211; Biblioteconomia"},"content":{"rendered":"<p data-renderer-start-pos=\"15\">O <strong data-renderer-mark=\"true\">Instituto de Terras do Estado de Mato Grosso (INTERMAT)<\/strong>, abriu processo seletivo com cadastro reserva para o cargo de <strong data-renderer-mark=\"true\">Analista Fundi\u00e1rio e Agr\u00e1rio A1 &#8211; Biblioteconomia.<\/strong><\/p>\n<p data-renderer-start-pos=\"187\">Seguem informa\u00e7\u00f5es sobre a oportunidade:<\/p>\n<ul class=\"ak-ul\" data-indent-level=\"1\">\n<li>\n<p data-renderer-start-pos=\"231\">Sal\u00e1rio: R$9.497,43<\/p>\n<\/li>\n<li>\n<p data-renderer-start-pos=\"254\">Carga hor\u00e1ria: 40h semanais;<\/p>\n<\/li>\n<li>\n<p data-renderer-start-pos=\"286\">Forma\u00e7\u00e3o de Cadastro reserva;<\/p>\n<\/li>\n<li>\n<p data-renderer-start-pos=\"319\">Inscri\u00e7\u00f5es <strong data-renderer-mark=\"true\">de 21 de fevereiro a 5 de mar\u00e7o de 2025.<\/strong><\/p>\n<\/li>\n<li>\n<p data-renderer-start-pos=\"374\"><strong data-renderer-mark=\"true\">Para concorrer a vaga \u00e9 necess\u00e1rio possuir Registro ativo e regular no CRB-1.<\/strong><br \/>\nA inscri\u00e7\u00e3o e demais informa\u00e7\u00f5es referentes ao processo, podem ser acessadas em <a href=\"http:\/\/seletivo.seplag.mt.gov.br\/\" target=\"_blank\" rel=\"noopener\">http:\/\/seletivo.seplag.mt.gov.br\/<\/a><\/p>\n<\/li>\n<\/ul>\n","protected":false},"excerpt":{"rendered":"<p>O Instituto de Terras do Estado de Mato Grosso (INTERMAT), abriu processo seletivo com cadastro reserva para o cargo de Analista Fundi\u00e1rio e Agr\u00e1rio A1 &#8211; Biblioteconomia. Seguem informa\u00e7\u00f5es sobre a oportunidade: Sal\u00e1rio: R$9.497,43 Carga hor\u00e1ria: 40h semanais; Forma\u00e7\u00e3o de Cadastro reserva; Inscri\u00e7\u00f5es de 21 de fevereiro a 5 de mar\u00e7o de 2025. Para concorrer [&hellip;]<\/p>\n","protected":false},"author":2,"featured_media":10033,"comment_status":"closed","ping_status":"closed","sticky":false,"template":"","format":"standard","meta":{"site-sidebar-layout":"default","site-content-layout":"","ast-site-content-layout":"default","site-content-style":"default","site-sidebar-style":"default","ast-global-header-display":"","ast-banner-title-visibility":"","ast-main-header-display":"","ast-hfb-above-header-display":"","ast-hfb-below-header-display":"","ast-hfb-mobile-header-display":"","site-post-title":"","ast-breadcrumbs-content":"","ast-featured-img":"","footer-sml-layout":"","ast-disable-related-posts":"","theme-transparent-header-meta":"default","adv-header-id-meta":"","stick-header-meta":"","header-above-stick-meta":"","header-main-stick-meta":"","header-below-stick-meta":"","astra-migrate-meta-layouts":"set","ast-page-background-enabled":"default","ast-page-background-meta":{"desktop":{"background-color":"","background-image":"","background-repeat":"repeat","background-position":"center center","background-size":"auto","background-attachment":"scroll","background-type":"","background-media":"","overlay-type":"","overlay-color":"","overlay-opacity":"","overlay-gradient":""},"tablet":{"background-color":"","background-image":"","background-repeat":"repeat","background-position":"center center","background-size":"auto","background-attachment":"scroll","background-type":"","background-media":"","overlay-type":"","overlay-color":"","overlay-opacity":"","overlay-gradient":""},"mobile":{"background-color":"","background-image":"","background-repeat":"repeat","background-position":"center center","background-size":"auto","background-attachment":"scroll","background-type":"","background-media":"","overlay-type":"","overlay-color":"","overlay-opacity":"","overlay-gradient":""}},"ast-content-background-meta":{"desktop":{"background-color":"var(--ast-global-color-5)","background-image":"","background-repeat":"repeat","background-position":"center center","background-size":"auto","background-attachment":"scroll","background-type":"","background-media":"","overlay-type":"","overlay-color":"","overlay-opacity":"","overlay-gradient":""},"tablet":{"background-color":"var(--ast-global-color-5)","background-image":"","background-repeat":"repeat","background-position":"center center","background-size":"auto","background-attachment":"scroll","background-type":"","background-media":"","overlay-type":"","overlay-color":"","overlay-opacity":"","overlay-gradient":""},"mobile":{"background-color":"var(--ast-global-color-5)","background-image":"","background-repeat":"repeat","background-position":"center center","background-size":"auto","background-attachment":"scroll","background-type":"","background-media":"","overlay-type":"","overlay-color":"","overlay-opacity":"","overlay-gradient":""}},"footnotes":""},"categories":[22],"tags":[],"class_list":["post-10032","post","type-post","status-publish","format-standard","has-post-thumbnail","hentry","category-oportunidades"],"_links":{"self":[{"href":"https:\/\/crb1.org.br\/site\/wp-json\/wp\/v2\/posts\/10032","targetHints":{"allow":["GET"]}}],"collection":[{"href":"https:\/\/crb1.org.br\/site\/wp-json\/wp\/v2\/posts"}],"about":[{"href":"https:\/\/crb1.org.br\/site\/wp-json\/wp\/v2\/types\/post"}],"author":[{"embeddable":true,"href":"https:\/\/crb1.org.br\/site\/wp-json\/wp\/v2\/users\/2"}],"replies":[{"embeddable":true,"href":"https:\/\/crb1.org.br\/site\/wp-json\/wp\/v2\/comments?post=10032"}],"version-history":[{"count":0,"href":"https:\/\/crb1.org.br\/site\/wp-json\/wp\/v2\/posts\/10032\/revisions"}],"wp:featuredmedia":[{"embeddable":true,"href":"https:\/\/crb1.org.br\/site\/wp-json\/wp\/v2\/media\/10033"}],"wp:attachment":[{"href":"https:\/\/crb1.org.br\/site\/wp-json\/wp\/v2\/media?parent=10032"}],"wp:term":[{"taxonomy":"category","embeddable":true,"href":"https:\/\/crb1.org.br\/site\/wp-json\/wp\/v2\/categories?post=10032"},{"taxonomy":"post_tag","embeddable":true,"href":"https:\/\/crb1.org.br\/site\/wp-json\/wp\/v2\/tags?post=10032"}],"curies":[{"name":"wp","href":"https:\/\/api.w.org\/{rel}","templated":true}]}}