{"id":10434,"date":"2025-04-01T13:46:55","date_gmt":"2025-04-01T16:46:55","guid":{"rendered":"https:\/\/crb1.org.br\/site\/?p=10434"},"modified":"2025-04-01T13:52:47","modified_gmt":"2025-04-01T16:52:47","slug":"crb-1-participa-de-evento-de-boas-vindas-do-curso-de-biblioteconomia-da-unb","status":"publish","type":"post","link":"https:\/\/crb1.org.br\/site\/2025\/04\/crb-1-participa-de-evento-de-boas-vindas-do-curso-de-biblioteconomia-da-unb\/","title":{"rendered":"CRB-1 PARTICIPA DE EVENTO DE BOAS-VINDAS DO CURSO DE BIBLIOTECONOMIA DA UNB"},"content":{"rendered":"<p data-renderer-start-pos=\"78\">No \u00faltimo dia 27 de mar\u00e7o, o Conselho Regional de Biblioteconomia da 1\u00aa Regi\u00e3o (CRB-1) marcou presen\u00e7a no evento de boas-vindas do curso de Biblioteconomia da Universidade de Bras\u00edlia (UnB), realizado no audit\u00f3rio da Faculdade de Ci\u00eancia da Informa\u00e7\u00e3o (FCI\/UnB).<\/p>\n<p data-renderer-start-pos=\"342\">Promovida pela Coordena\u00e7\u00e3o do Curso de Biblioteconomia, pela Comiss\u00e3o de Comunica\u00e7\u00e3o e Promo\u00e7\u00e3o do Curso e pelo Centro Acad\u00eamico de Biblioteconomia (CABiblio), a a\u00e7\u00e3o teve como objetivo recepcionar as(os) calouras(os) do semestre 2025.1, proporcionando um momento de integra\u00e7\u00e3o e aproxima\u00e7\u00e3o entre estudantes, docentes e representantes da \u00e1rea. O evento ocorreu das 10h \u00e0s 12h e contou com falas institucionais, apresenta\u00e7\u00f5es sobre a atua\u00e7\u00e3o profissional e trocas de experi\u00eancias.<\/p>\n<p data-renderer-start-pos=\"824\">Entre os convidados estavam: Gabriela Melo Rocha, bibliotec\u00e1ria e pesquisadora do IBICT; Sofia Joko-Veltman, graduanda em Biblioteconomia da UnB e presidente do CABiblio; e Jefferson Higino Dantas, bibliotec\u00e1rio da Biblioteca Central da UnB e diretor administrativo do CRB-1.<\/p>\n<p data-renderer-start-pos=\"1101\">Jefferson ressaltou a import\u00e2ncia da participa\u00e7\u00e3o do CRB-1 na recep\u00e7\u00e3o das(os) estudantes calouras(os) e na aproxima\u00e7\u00e3o com o curso de Biblioteconomia da UnB, refor\u00e7ando o papel do Conselho na divulga\u00e7\u00e3o e valoriza\u00e7\u00e3o da profiss\u00e3o.<\/p>\n<p data-renderer-start-pos=\"1334\">A participa\u00e7\u00e3o do CRB-1 refor\u00e7a o compromisso com a forma\u00e7\u00e3o acad\u00eamica e o fortalecimento da Biblioteconomia desde os primeiros passos na gradua\u00e7\u00e3o. Desejamos \u00e0s(aos) novas(os) estudantes uma trajet\u00f3ria inspiradora e repleta de conquistas!<\/p>\n<p data-renderer-start-pos=\"1575\"><em data-renderer-mark=\"true\"><strong data-renderer-mark=\"true\">Conselho Regional de Biblioteconomia da 1\u00aa Regi\u00e3o<\/strong><\/em><\/p>\n<p data-renderer-start-pos=\"1575\"><img fetchpriority=\"high\" decoding=\"async\" class=\"alignnone wp-image-10438\" src=\"https:\/\/crb1.org.br\/site\/wp-content\/uploads\/2025\/04\/crb-1-participa-de-evento-de-boas-vindas-do-curso-de-biblioteconomia-da-unb-crb-1-participa-de-evento-de-boas-vindas-do-curso-de-biblioteconomia-da-unb-1-300x225.webp\" alt=\"\" width=\"614\" height=\"461\" srcset=\"https:\/\/crb1.org.br\/site\/wp-content\/uploads\/2025\/04\/crb-1-participa-de-evento-de-boas-vindas-do-curso-de-biblioteconomia-da-unb-crb-1-participa-de-evento-de-boas-vindas-do-curso-de-biblioteconomia-da-unb-1-300x225.webp 300w, https:\/\/crb1.org.br\/site\/wp-content\/uploads\/2025\/04\/crb-1-participa-de-evento-de-boas-vindas-do-curso-de-biblioteconomia-da-unb-crb-1-participa-de-evento-de-boas-vindas-do-curso-de-biblioteconomia-da-unb-1-768x576.webp 768w, https:\/\/crb1.org.br\/site\/wp-content\/uploads\/2025\/04\/crb-1-participa-de-evento-de-boas-vindas-do-curso-de-biblioteconomia-da-unb-crb-1-participa-de-evento-de-boas-vindas-do-curso-de-biblioteconomia-da-unb-1.webp 1000w\" sizes=\"(max-width: 614px) 100vw, 614px\" \/><\/p>\n<p data-renderer-start-pos=\"1575\"><img decoding=\"async\" class=\"alignnone wp-image-10439\" src=\"https:\/\/crb1.org.br\/site\/wp-content\/uploads\/2025\/04\/crb-1-participa-de-evento-de-boas-vindas-do-curso-de-biblioteconomia-da-unb-crb-1-participa-de-evento-de-boas-vindas-do-curso-de-biblioteconomia-da-unb-2-225x300.webp\" alt=\"\" width=\"421\" height=\"561\" srcset=\"https:\/\/crb1.org.br\/site\/wp-content\/uploads\/2025\/04\/crb-1-participa-de-evento-de-boas-vindas-do-curso-de-biblioteconomia-da-unb-crb-1-participa-de-evento-de-boas-vindas-do-curso-de-biblioteconomia-da-unb-2-225x300.webp 225w, https:\/\/crb1.org.br\/site\/wp-content\/uploads\/2025\/04\/crb-1-participa-de-evento-de-boas-vindas-do-curso-de-biblioteconomia-da-unb-crb-1-participa-de-evento-de-boas-vindas-do-curso-de-biblioteconomia-da-unb-2.webp 750w\" sizes=\"(max-width: 421px) 100vw, 421px\" \/><\/p>\n","protected":false},"excerpt":{"rendered":"<p>No \u00faltimo dia 27 de mar\u00e7o, o Conselho Regional de Biblioteconomia da 1\u00aa Regi\u00e3o (CRB-1) marcou presen\u00e7a no evento de boas-vindas do curso de Biblioteconomia da Universidade de Bras\u00edlia (UnB), realizado no audit\u00f3rio da Faculdade de Ci\u00eancia da Informa\u00e7\u00e3o (FCI\/UnB). Promovida pela Coordena\u00e7\u00e3o do Curso de Biblioteconomia, pela Comiss\u00e3o de Comunica\u00e7\u00e3o e Promo\u00e7\u00e3o do Curso [&hellip;]<\/p>\n","protected":false},"author":2,"featured_media":10436,"comment_status":"closed","ping_status":"closed","sticky":false,"template":"","format":"standard","meta":{"site-sidebar-layout":"default","site-content-layout":"","ast-site-content-layout":"default","site-content-style":"default","site-sidebar-style":"default","ast-global-header-display":"","ast-banner-title-visibility":"","ast-main-header-display":"","ast-hfb-above-header-display":"","ast-hfb-below-header-display":"","ast-hfb-mobile-header-display":"","site-post-title":"","ast-breadcrumbs-content":"","ast-featured-img":"","footer-sml-layout":"","ast-disable-related-posts":"","theme-transparent-header-meta":"default","adv-header-id-meta":"","stick-header-meta":"","header-above-stick-meta":"","header-main-stick-meta":"","header-below-stick-meta":"","astra-migrate-meta-layouts":"set","ast-page-background-enabled":"default","ast-page-background-meta":{"desktop":{"background-color":"","background-image":"","background-repeat":"repeat","background-position":"center center","background-size":"auto","background-attachment":"scroll","background-type":"","background-media":"","overlay-type":"","overlay-color":"","overlay-opacity":"","overlay-gradient":""},"tablet":{"background-color":"","background-image":"","background-repeat":"repeat","background-position":"center center","background-size":"auto","background-attachment":"scroll","background-type":"","background-media":"","overlay-type":"","overlay-color":"","overlay-opacity":"","overlay-gradient":""},"mobile":{"background-color":"","background-image":"","background-repeat":"repeat","background-position":"center center","background-size":"auto","background-attachment":"scroll","background-type":"","background-media":"","overlay-type":"","overlay-color":"","overlay-opacity":"","overlay-gradient":""}},"ast-content-background-meta":{"desktop":{"background-color":"var(--ast-global-color-5)","background-image":"","background-repeat":"repeat","background-position":"center center","background-size":"auto","background-attachment":"scroll","background-type":"","background-media":"","overlay-type":"","overlay-color":"","overlay-opacity":"","overlay-gradient":""},"tablet":{"background-color":"var(--ast-global-color-5)","background-image":"","background-repeat":"repeat","background-position":"center center","background-size":"auto","background-attachment":"scroll","background-type":"","background-media":"","overlay-type":"","overlay-color":"","overlay-opacity":"","overlay-gradient":""},"mobile":{"background-color":"var(--ast-global-color-5)","background-image":"","background-repeat":"repeat","background-position":"center center","background-size":"auto","background-attachment":"scroll","background-type":"","background-media":"","overlay-type":"","overlay-color":"","overlay-opacity":"","overlay-gradient":""}},"footnotes":""},"categories":[1],"tags":[],"class_list":["post-10434","post","type-post","status-publish","format-standard","has-post-thumbnail","hentry","category-noticias"],"_links":{"self":[{"href":"https:\/\/crb1.org.br\/site\/wp-json\/wp\/v2\/posts\/10434","targetHints":{"allow":["GET"]}}],"collection":[{"href":"https:\/\/crb1.org.br\/site\/wp-json\/wp\/v2\/posts"}],"about":[{"href":"https:\/\/crb1.org.br\/site\/wp-json\/wp\/v2\/types\/post"}],"author":[{"embeddable":true,"href":"https:\/\/crb1.org.br\/site\/wp-json\/wp\/v2\/users\/2"}],"replies":[{"embeddable":true,"href":"https:\/\/crb1.org.br\/site\/wp-json\/wp\/v2\/comments?post=10434"}],"version-history":[{"count":0,"href":"https:\/\/crb1.org.br\/site\/wp-json\/wp\/v2\/posts\/10434\/revisions"}],"wp:featuredmedia":[{"embeddable":true,"href":"https:\/\/crb1.org.br\/site\/wp-json\/wp\/v2\/media\/10436"}],"wp:attachment":[{"href":"https:\/\/crb1.org.br\/site\/wp-json\/wp\/v2\/media?parent=10434"}],"wp:term":[{"taxonomy":"category","embeddable":true,"href":"https:\/\/crb1.org.br\/site\/wp-json\/wp\/v2\/categories?post=10434"},{"taxonomy":"post_tag","embeddable":true,"href":"https:\/\/crb1.org.br\/site\/wp-json\/wp\/v2\/tags?post=10434"}],"curies":[{"name":"wp","href":"https:\/\/api.w.org\/{rel}","templated":true}]}}