{"id":10530,"date":"2025-05-07T11:49:09","date_gmt":"2025-05-07T14:49:09","guid":{"rendered":"https:\/\/crb1.org.br\/site\/?p=10530"},"modified":"2025-05-07T11:49:09","modified_gmt":"2025-05-07T14:49:09","slug":"bibliotecas-publicas-e-comunitarias-passam-a-integrar-o-pnld-por-meio-de-nova-portaria-interministerial","status":"publish","type":"post","link":"https:\/\/crb1.org.br\/site\/2025\/05\/bibliotecas-publicas-e-comunitarias-passam-a-integrar-o-pnld-por-meio-de-nova-portaria-interministerial\/","title":{"rendered":"Bibliotecas p\u00fablicas e comunit\u00e1rias passam a integrar o PNLD por meio de nova portaria interministerial"},"content":{"rendered":"<p data-renderer-start-pos=\"106\">Foi publicada a Portaria Interministerial MEC\/MinC n\u00ba 2, de 22 de abril de 2025, que estabelece as diretrizes para a inclus\u00e3o de bibliotecas p\u00fablicas e comunit\u00e1rias no Programa Nacional do Livro e do Material Did\u00e1tico (PNLD). A iniciativa visa fortalecer o acesso ao livro e \u00e0 leitura em todo o territ\u00f3rio nacional, por meio da distribui\u00e7\u00e3o de materiais did\u00e1ticos e liter\u00e1rios para esses espa\u00e7os.<\/p>\n<p data-renderer-start-pos=\"504\">A portaria determina que a distribui\u00e7\u00e3o ser\u00e1 realizada por meio de doa\u00e7\u00e3o com encargo, o que significa que as bibliotecas beneficiadas devem garantir a adequada utiliza\u00e7\u00e3o e conserva\u00e7\u00e3o dos materiais recebidos.<\/p>\n<p data-renderer-start-pos=\"716\">Segundo o documento, caber\u00e1 ao Minist\u00e9rio da Educa\u00e7\u00e3o (MEC) conduzir a avalia\u00e7\u00e3o pedag\u00f3gica dos materiais, al\u00e9m de ofertar forma\u00e7\u00e3o e monitorar as a\u00e7\u00f5es do programa. J\u00e1 o Minist\u00e9rio da Cultura (MinC) ficar\u00e1 respons\u00e1vel por coordenar o cadastro oficial das bibliotecas aptas a receber os materiais e promover a capacita\u00e7\u00e3o dos profissionais por meio do Sistema Nacional de Bibliotecas P\u00fablicas (SNBP).<\/p>\n<p data-renderer-start-pos=\"1118\">A gest\u00e3o do programa ser\u00e1 operacionalizada pelo Fundo Nacional de Desenvolvimento da Educa\u00e7\u00e3o (FNDE), e estados e munic\u00edpios dever\u00e3o manter atualizados os cadastros das bibliotecas, al\u00e9m de firmar coopera\u00e7\u00e3o entre os \u00f3rg\u00e3os do PNLD e as secretarias ou \u00f3rg\u00e3os respons\u00e1veis pela pol\u00edtica de bibliotecas em cada localidade.<\/p>\n<p data-renderer-start-pos=\"1440\">A medida representa um avan\u00e7o na integra\u00e7\u00e3o entre pol\u00edticas p\u00fablicas de educa\u00e7\u00e3o e cultura, promovendo o fortalecimento das bibliotecas como espa\u00e7os estrat\u00e9gicos de forma\u00e7\u00e3o, acesso \u00e0 informa\u00e7\u00e3o e democratiza\u00e7\u00e3o do conhecimento.<\/p>\n<p data-renderer-start-pos=\"1670\">\ud83d\udcce Confira a portaria completa:<br \/>\n**Portaria Interministerial n\u00ba 2\/2025 (colocar como hiperlink **<span data-inline-card=\"true\" data-card-url=\"https:\/\/www.in.gov.br\/en\/web\/dou\/-\/portaria-interministerial-mec\/minc-n-2-de-22-de-abril-de-2025-625463797\"><span class=\"loader-wrapper\"><a class=\"css-118vsk3\" tabindex=\"0\" role=\"button\" href=\"https:\/\/www.in.gov.br\/en\/web\/dou\/-\/portaria-interministerial-mec\/minc-n-2-de-22-de-abril-de-2025-625463797\" aria-label=\"https:\/\/www.in.gov.br\/en\/web\/dou\/-\/portaria-interministerial-mec\/minc-n-2-de-22-de-abril-de-2025-625463797\" data-testid=\"inline-card-resolved-view\"><span class=\"css-1cwva94\" data-testid=\"inline-card-icon-and-title\"><span class=\"css-1lcr4h8\" data-testid=\"icon-position-wrapper\"><img decoding=\"async\" class=\"_2rkoyh40 _4t3i7vkz _1bsb7vkz _2hwx1b66 _uiztglyw _kqswstnw _154i1ssb _1ltv1ssb _t9ec1ooe smart-link-icon\" src=\"https:\/\/www.in.gov.br\/o\/imprensa-nacional-lf7_1-ce-theme\/images\/favicon\/\/favicon-16x16.png\" alt=\"\" data-testid=\"inline-card-icon-and-title-image\" \/><\/span><span class=\"smart-link-title-wrapper css-0\">PORTARIA INTERMINISTERIAL MEC\/MINC N\u00ba 2, DE 22 DE ABRIL DE 2025 &#8211; DOU &#8211; Imprensa Nacional<\/span><\/span><\/a><\/span><\/span> &#8220;\u200c&#8221;)<\/p>\n<p data-renderer-start-pos=\"1774\"><strong data-renderer-mark=\"true\">CONSELHO REGIONAL DE BIBLIOTECONOMIA &#8211; 1\u00aa REGI\u00c3O (DF\/GO\/MS\/MT)<\/strong><\/p>\n","protected":false},"excerpt":{"rendered":"<p>Foi publicada a Portaria Interministerial MEC\/MinC n\u00ba 2, de 22 de abril de 2025, que estabelece as diretrizes para a inclus\u00e3o de bibliotecas p\u00fablicas e comunit\u00e1rias no Programa Nacional do Livro e do Material Did\u00e1tico (PNLD). A iniciativa visa fortalecer o acesso ao livro e \u00e0 leitura em todo o territ\u00f3rio nacional, por meio da [&hellip;]<\/p>\n","protected":false},"author":2,"featured_media":10533,"comment_status":"closed","ping_status":"closed","sticky":false,"template":"","format":"standard","meta":{"site-sidebar-layout":"default","site-content-layout":"","ast-site-content-layout":"default","site-content-style":"default","site-sidebar-style":"default","ast-global-header-display":"","ast-banner-title-visibility":"","ast-main-header-display":"","ast-hfb-above-header-display":"","ast-hfb-below-header-display":"","ast-hfb-mobile-header-display":"","site-post-title":"","ast-breadcrumbs-content":"","ast-featured-img":"","footer-sml-layout":"","ast-disable-related-posts":"","theme-transparent-header-meta":"default","adv-header-id-meta":"","stick-header-meta":"","header-above-stick-meta":"","header-main-stick-meta":"","header-below-stick-meta":"","astra-migrate-meta-layouts":"set","ast-page-background-enabled":"default","ast-page-background-meta":{"desktop":{"background-color":"","background-image":"","background-repeat":"repeat","background-position":"center center","background-size":"auto","background-attachment":"scroll","background-type":"","background-media":"","overlay-type":"","overlay-color":"","overlay-opacity":"","overlay-gradient":""},"tablet":{"background-color":"","background-image":"","background-repeat":"repeat","background-position":"center center","background-size":"auto","background-attachment":"scroll","background-type":"","background-media":"","overlay-type":"","overlay-color":"","overlay-opacity":"","overlay-gradient":""},"mobile":{"background-color":"","background-image":"","background-repeat":"repeat","background-position":"center center","background-size":"auto","background-attachment":"scroll","background-type":"","background-media":"","overlay-type":"","overlay-color":"","overlay-opacity":"","overlay-gradient":""}},"ast-content-background-meta":{"desktop":{"background-color":"var(--ast-global-color-5)","background-image":"","background-repeat":"repeat","background-position":"center center","background-size":"auto","background-attachment":"scroll","background-type":"","background-media":"","overlay-type":"","overlay-color":"","overlay-opacity":"","overlay-gradient":""},"tablet":{"background-color":"var(--ast-global-color-5)","background-image":"","background-repeat":"repeat","background-position":"center center","background-size":"auto","background-attachment":"scroll","background-type":"","background-media":"","overlay-type":"","overlay-color":"","overlay-opacity":"","overlay-gradient":""},"mobile":{"background-color":"var(--ast-global-color-5)","background-image":"","background-repeat":"repeat","background-position":"center center","background-size":"auto","background-attachment":"scroll","background-type":"","background-media":"","overlay-type":"","overlay-color":"","overlay-opacity":"","overlay-gradient":""}},"footnotes":""},"categories":[1],"tags":[],"class_list":["post-10530","post","type-post","status-publish","format-standard","has-post-thumbnail","hentry","category-noticias"],"_links":{"self":[{"href":"https:\/\/crb1.org.br\/site\/wp-json\/wp\/v2\/posts\/10530","targetHints":{"allow":["GET"]}}],"collection":[{"href":"https:\/\/crb1.org.br\/site\/wp-json\/wp\/v2\/posts"}],"about":[{"href":"https:\/\/crb1.org.br\/site\/wp-json\/wp\/v2\/types\/post"}],"author":[{"embeddable":true,"href":"https:\/\/crb1.org.br\/site\/wp-json\/wp\/v2\/users\/2"}],"replies":[{"embeddable":true,"href":"https:\/\/crb1.org.br\/site\/wp-json\/wp\/v2\/comments?post=10530"}],"version-history":[{"count":0,"href":"https:\/\/crb1.org.br\/site\/wp-json\/wp\/v2\/posts\/10530\/revisions"}],"wp:featuredmedia":[{"embeddable":true,"href":"https:\/\/crb1.org.br\/site\/wp-json\/wp\/v2\/media\/10533"}],"wp:attachment":[{"href":"https:\/\/crb1.org.br\/site\/wp-json\/wp\/v2\/media?parent=10530"}],"wp:term":[{"taxonomy":"category","embeddable":true,"href":"https:\/\/crb1.org.br\/site\/wp-json\/wp\/v2\/categories?post=10530"},{"taxonomy":"post_tag","embeddable":true,"href":"https:\/\/crb1.org.br\/site\/wp-json\/wp\/v2\/tags?post=10530"}],"curies":[{"name":"wp","href":"https:\/\/api.w.org\/{rel}","templated":true}]}}