{"id":10534,"date":"2025-05-09T15:16:34","date_gmt":"2025-05-09T18:16:34","guid":{"rendered":"https:\/\/crb1.org.br\/site\/?p=10534"},"modified":"2025-05-09T15:53:11","modified_gmt":"2025-05-09T18:53:11","slug":"encontro-no-gabinete-debate-fortalecimento-das-bibliotecas-escolares-em-mato-grosso","status":"publish","type":"post","link":"https:\/\/crb1.org.br\/site\/2025\/05\/encontro-no-gabinete-debate-fortalecimento-das-bibliotecas-escolares-em-mato-grosso\/","title":{"rendered":"Encontro no gabinete debate fortalecimento das bibliotecas escolares em Mato Grosso"},"content":{"rendered":"<p data-renderer-start-pos=\"86\">Na manh\u00e3 do dia 7 de maio, o deputado estadual L\u00fadio Cabral (PT) recebeu autoridades da \u00e1rea de biblioteconomia para discutir sobre o fortalecimento das bibliotecas escolares no estado de Mato Grosso. O encontro, que teve como objetivo central solicitar o apoio do parlamentar para a luta do Conselho Regional de Biblioteconomia da 1\u2022 Regi\u00e3o (CRB1) pela realiza\u00e7\u00e3o de uma audi\u00eancia p\u00fablica sobre a aplica\u00e7\u00e3o da Lei n\u00ba 14.837\/2024, que estabelece o Sistema Nacional de Bibliotecas Escolares (SNBE) e a garantia de vagas para bibliotec\u00e1rios e bibliotec\u00e1rias.<\/p>\n<p data-renderer-start-pos=\"644\">Estiveram presentes Valdeira Cardoso, vice-presidente do CRB1 e a bibliotec\u00e1ria e advogada Fabiana Souza de Andrade, coordenadora do N\u00facleo de Ensino, Pesquisa e Extens\u00e3o (Nuepe) que apresentaram ao legislador as quest\u00f5es sociais, econ\u00f4micas e jur\u00eddicas que envolvem o cumprimento da legisla\u00e7\u00e3o federal e estadual que garantem a universaliza\u00e7\u00e3o das bibliotecas escolares. O encontro foi apoiado pelo assessor parlamentar L\u00facio Andrade, que refor\u00e7ou o compromisso do deputado em atender as demandas da educa\u00e7\u00e3o b\u00e1sica.<\/p>\n<p data-renderer-start-pos=\"1164\">No di\u00e1logo destacou-se a relev\u00e2ncia da Lei n\u00ba 14.837\/2024, sancionada no ano passado, que integra e fortalece as bibliotecas escolares em todo o Brasil. Essa legisla\u00e7\u00e3o altera a Lei n\u00ba 12.244\/2010, que trata da universaliza\u00e7\u00e3o das bibliotecas em institui\u00e7\u00f5es de ensino, e \u00e9 complementada pela Lei Estadual n\u00ba 11.839\/2022, que prev\u00ea a implanta\u00e7\u00e3o de bibliotecas em escolas p\u00fablicas do estado. E a Lei n\u00ba 4.084\/1962 que disp\u00f5e sobre a profiss\u00e3o de Bibliotec\u00e1rio e regula seu exerc\u00edcio. As profissionais enfatizaram que as bibliotecas escolares s\u00e3o ferramentas fundamentais para promover a leitura, o conhecimento e o fortalecimento cultural e o papel de biblioteconomistas nestas a\u00e7\u00f5es.<\/p>\n<p data-renderer-start-pos=\"1850\">Valdeira Cardoso destacou a urg\u00eancia do cumprimento da legisla\u00e7\u00e3o que garante a universaliza\u00e7\u00e3o das bibliotecas escolares. \u201cA Lei n\u00ba 14.837\/2024 \u00e9 um marco para o fortalecimento das bibliotecas no Brasil, mas precisamos de a\u00e7\u00f5es concretas para torn\u00e1-la realidade. Contamos com o apoio do deputado L\u00fadio Cabral para levar essa pauta \u00e0 sociedade e garantir que as escolas de Mato Grosso tenham acesso a esses espa\u00e7os essenciais para a forma\u00e7\u00e3o cidad\u00e3\u201d, afirmou.<\/p>\n<p data-renderer-start-pos=\"2311\">O deputado L\u00fadio Cabral refor\u00e7ou seu compromisso com a causa e a import\u00e2ncia das bibliotecas no processo educacional. \u201cAs bibliotecas escolares s\u00e3o ferramentas indispens\u00e1veis para democratizar o acesso \u00e0 informa\u00e7\u00e3o e promover a leitura. Nosso papel, enquanto representantes do povo, \u00e9 garantir que leis como a n\u00ba 14.837\/2024 sejam implementadas, e isso passa por um di\u00e1logo aberto com a sociedade e por a\u00e7\u00f5es pr\u00e1ticas no Legislativo estadual\u201d, declarou.<\/p>\n<p data-renderer-start-pos=\"2766\">Al\u00e9m de promover o apoio \u00e0 audi\u00eancia p\u00fablica, o encontro refor\u00e7ou a necessidade de priorizar a implanta\u00e7\u00e3o de bibliotecas em todas as escolas p\u00fablicas de Mato Grosso com profissional bibliotec\u00e1rio atuando nesses espa\u00e7os. Para Fabiana Souza de Andrade, as bibliotecas escolares s\u00e3o mais do que locais de acesso a livros. \u201cElas s\u00e3o espa\u00e7os de transforma\u00e7\u00e3o social e cultural, que valorizam a identidade local e contribuem para o desenvolvimento integral dos estudantes. \u00c9 imprescind\u00edvel que sejam tratadas como prioridade. E a atua\u00e7\u00e3o dos profissionais da \u00e1rea fazem grande diferen\u00e7a\u201d, concluiu.<\/p>\n<p data-renderer-start-pos=\"3361\">O di\u00e1logo foi um passo significativo para uma futura articula\u00e7\u00e3o entre Conselho, governo e bibliotec\u00e1rios com vistas \u00e0 fortalecer as bibliotecas escolares, a abertura de vagas para bibliotec\u00e1rios e a promo\u00e7\u00e3o de um ensino p\u00fablico mais inclusivo e de qualidade no estado de Mato Grosso.<\/p>\n","protected":false},"excerpt":{"rendered":"<p>Na manh\u00e3 do dia 7 de maio, o deputado estadual L\u00fadio Cabral (PT) recebeu autoridades da \u00e1rea de biblioteconomia para discutir sobre o fortalecimento das bibliotecas escolares no estado de Mato Grosso. O encontro, que teve como objetivo central solicitar o apoio do parlamentar para a luta do Conselho Regional de Biblioteconomia da 1\u2022 Regi\u00e3o [&hellip;]<\/p>\n","protected":false},"author":2,"featured_media":10537,"comment_status":"closed","ping_status":"closed","sticky":false,"template":"","format":"standard","meta":{"site-sidebar-layout":"default","site-content-layout":"","ast-site-content-layout":"default","site-content-style":"default","site-sidebar-style":"default","ast-global-header-display":"","ast-banner-title-visibility":"","ast-main-header-display":"","ast-hfb-above-header-display":"","ast-hfb-below-header-display":"","ast-hfb-mobile-header-display":"","site-post-title":"","ast-breadcrumbs-content":"","ast-featured-img":"","footer-sml-layout":"","ast-disable-related-posts":"","theme-transparent-header-meta":"default","adv-header-id-meta":"","stick-header-meta":"","header-above-stick-meta":"","header-main-stick-meta":"","header-below-stick-meta":"","astra-migrate-meta-layouts":"set","ast-page-background-enabled":"default","ast-page-background-meta":{"desktop":{"background-color":"","background-image":"","background-repeat":"repeat","background-position":"center center","background-size":"auto","background-attachment":"scroll","background-type":"","background-media":"","overlay-type":"","overlay-color":"","overlay-opacity":"","overlay-gradient":""},"tablet":{"background-color":"","background-image":"","background-repeat":"repeat","background-position":"center center","background-size":"auto","background-attachment":"scroll","background-type":"","background-media":"","overlay-type":"","overlay-color":"","overlay-opacity":"","overlay-gradient":""},"mobile":{"background-color":"","background-image":"","background-repeat":"repeat","background-position":"center center","background-size":"auto","background-attachment":"scroll","background-type":"","background-media":"","overlay-type":"","overlay-color":"","overlay-opacity":"","overlay-gradient":""}},"ast-content-background-meta":{"desktop":{"background-color":"var(--ast-global-color-5)","background-image":"","background-repeat":"repeat","background-position":"center center","background-size":"auto","background-attachment":"scroll","background-type":"","background-media":"","overlay-type":"","overlay-color":"","overlay-opacity":"","overlay-gradient":""},"tablet":{"background-color":"var(--ast-global-color-5)","background-image":"","background-repeat":"repeat","background-position":"center center","background-size":"auto","background-attachment":"scroll","background-type":"","background-media":"","overlay-type":"","overlay-color":"","overlay-opacity":"","overlay-gradient":""},"mobile":{"background-color":"var(--ast-global-color-5)","background-image":"","background-repeat":"repeat","background-position":"center center","background-size":"auto","background-attachment":"scroll","background-type":"","background-media":"","overlay-type":"","overlay-color":"","overlay-opacity":"","overlay-gradient":""}},"footnotes":""},"categories":[1],"tags":[],"class_list":["post-10534","post","type-post","status-publish","format-standard","has-post-thumbnail","hentry","category-noticias"],"_links":{"self":[{"href":"https:\/\/crb1.org.br\/site\/wp-json\/wp\/v2\/posts\/10534","targetHints":{"allow":["GET"]}}],"collection":[{"href":"https:\/\/crb1.org.br\/site\/wp-json\/wp\/v2\/posts"}],"about":[{"href":"https:\/\/crb1.org.br\/site\/wp-json\/wp\/v2\/types\/post"}],"author":[{"embeddable":true,"href":"https:\/\/crb1.org.br\/site\/wp-json\/wp\/v2\/users\/2"}],"replies":[{"embeddable":true,"href":"https:\/\/crb1.org.br\/site\/wp-json\/wp\/v2\/comments?post=10534"}],"version-history":[{"count":0,"href":"https:\/\/crb1.org.br\/site\/wp-json\/wp\/v2\/posts\/10534\/revisions"}],"wp:featuredmedia":[{"embeddable":true,"href":"https:\/\/crb1.org.br\/site\/wp-json\/wp\/v2\/media\/10537"}],"wp:attachment":[{"href":"https:\/\/crb1.org.br\/site\/wp-json\/wp\/v2\/media?parent=10534"}],"wp:term":[{"taxonomy":"category","embeddable":true,"href":"https:\/\/crb1.org.br\/site\/wp-json\/wp\/v2\/categories?post=10534"},{"taxonomy":"post_tag","embeddable":true,"href":"https:\/\/crb1.org.br\/site\/wp-json\/wp\/v2\/tags?post=10534"}],"curies":[{"name":"wp","href":"https:\/\/api.w.org\/{rel}","templated":true}]}}