{"id":10566,"date":"2025-06-13T07:48:26","date_gmt":"2025-06-13T10:48:26","guid":{"rendered":"https:\/\/crb1.org.br\/site\/?p=10566"},"modified":"2025-06-13T07:48:26","modified_gmt":"2025-06-13T10:48:26","slug":"crb-1-se-reune-com-vereador-ronilco-guerreiro-para-debater-bibliotecas-escolares-em-campo-grande-ms","status":"publish","type":"post","link":"https:\/\/crb1.org.br\/site\/2025\/06\/crb-1-se-reune-com-vereador-ronilco-guerreiro-para-debater-bibliotecas-escolares-em-campo-grande-ms\/","title":{"rendered":"CRB-1 se re\u00fane com vereador Ronil\u00e7o Guerreiro para debater bibliotecas escolares em Campo Grande &#8211; MS"},"content":{"rendered":"<p data-renderer-start-pos=\"104\">Na \u00faltima sexta-feira (06\/06), o CRB-1 se reuniu com vereador Ronil\u00e7o Guerreiro para fortalecer as bibliotecas escolares municipais de Campo Grande &#8211; MS.<br \/>\nO Conselho Regional de Biblioteconomia da 1\u00aa Regi\u00e3o (CRB-1) realizou uma importante reuni\u00e3o com o vereador Ronil\u00e7o Guerreiro para discutir as quest\u00f5es referentes \u00e0s bibliotecas escolares do munic\u00edpio de Campo Grande, Mato Grosso do Sul. O encontro ocorreu com a participa\u00e7\u00e3o do conselheiro e coordenador da Comiss\u00e3o de Divulga\u00e7\u00e3o e Valoriza\u00e7\u00e3o Profissional do CRB-1, Alyson Souza, que representou a entidade no di\u00e1logo com o parlamentar.<\/p>\n<p data-renderer-start-pos=\"697\">Durante a reuni\u00e3o, foram enfatizados os desafios atuais que as bibliotecas escolares municipais enfrentam, especialmente a aus\u00eancia de profissionais bibliotec\u00e1rios qualificados para atuarem nesses espa\u00e7os fundamentais para o processo educacional. Alyson destacou que a presen\u00e7a destes profissionais \u00e9 imprescind\u00edvel para assegurar a correta organiza\u00e7\u00e3o, gest\u00e3o e promo\u00e7\u00e3o do acesso \u00e0 informa\u00e7\u00e3o e \u00e0 leitura dentro das escolas p\u00fablicas, conforme previsto na legisla\u00e7\u00e3o federal.<\/p>\n<p data-renderer-start-pos=\"1175\">Foram abordadas as Leis n\u00ba 12.244\/2010 e n\u00ba 14.837\/2024, que estabelecem normas para a universaliza\u00e7\u00e3o das bibliotecas em institui\u00e7\u00f5es p\u00fablicas de ensino e definem a obrigatoriedade da atua\u00e7\u00e3o de bibliotec\u00e1rios nessas unidades. A Lei n\u00ba 12.244\/2010 j\u00e1 determina que todas as escolas p\u00fablicas devem possuir uma biblioteca e que essa deve ser gerida por profissionais especializados. J\u00e1 a mais recente Lei n\u00ba 14.837\/2024 refor\u00e7a e atualiza esses dispositivos, ressaltando o papel estrat\u00e9gico dos bibliotec\u00e1rios na promo\u00e7\u00e3o da leitura e do acesso \u00e0 informa\u00e7\u00e3o, essenciais para a forma\u00e7\u00e3o cr\u00edtica dos estudantes.<\/p>\n<p data-renderer-start-pos=\"1785\">No encontro, tamb\u00e9m foi discutida a possibilidade de realiza\u00e7\u00e3o de uma audi\u00eancia p\u00fablica na C\u00e2mara Municipal de Campo Grande, iniciativa que tem como objetivo reunir diferentes setores da sociedade \u2014 gestores p\u00fablicos, educadores, bibliotec\u00e1rios e representantes da comunidade \u2014 para debater as necessidades e estrat\u00e9gias para a efetiva implementa\u00e7\u00e3o e fortalecimento das bibliotecas escolares no munic\u00edpio. O vereador Ronil\u00e7o Guerreiro demonstrou total apoio \u00e0 causa e se comprometeu a articular politicamente para viabilizar esse espa\u00e7o de di\u00e1logo.<\/p>\n<p data-renderer-start-pos=\"2337\">Para o CRB-1, a reuni\u00e3o representou um passo fundamental para ampliar a visibilidade das demandas da biblioteconomia escolar e para fortalecer a luta pela valoriza\u00e7\u00e3o dos profissionais da \u00e1rea, que desempenham um papel essencial na constru\u00e7\u00e3o do conhecimento, na democratiza\u00e7\u00e3o do acesso \u00e0 leitura e na promo\u00e7\u00e3o da cultura e da educa\u00e7\u00e3o de qualidade.<\/p>\n<p data-renderer-start-pos=\"2689\">O Conselho refor\u00e7a seu compromisso com a educa\u00e7\u00e3o p\u00fablica e com a garantia do direito \u00e0 informa\u00e7\u00e3o para todos, reafirmando a import\u00e2ncia da aplica\u00e7\u00e3o rigorosa das leis que asseguram a presen\u00e7a de bibliotec\u00e1rios nas bibliotecas escolares, beneficiando assim toda a comunidade escolar de Campo Grande.<\/p>\n<p data-renderer-start-pos=\"2990\"><strong data-renderer-mark=\"true\">CONSELHO REGIONAL DE BIBLIOTECONOMIA &#8211; 1\u00aa REGI\u00c3O (DF\/GO\/MT\/MS) &#8211; 20\u00aa GEST\u00c3O<\/strong><\/p>\n","protected":false},"excerpt":{"rendered":"<p>Na \u00faltima sexta-feira (06\/06), o CRB-1 se reuniu com vereador Ronil\u00e7o Guerreiro para fortalecer as bibliotecas escolares municipais de Campo Grande &#8211; MS. O Conselho Regional de Biblioteconomia da 1\u00aa Regi\u00e3o (CRB-1) realizou uma importante reuni\u00e3o com o vereador Ronil\u00e7o Guerreiro para discutir as quest\u00f5es referentes \u00e0s bibliotecas escolares do munic\u00edpio de Campo Grande, Mato [&hellip;]<\/p>\n","protected":false},"author":2,"featured_media":10570,"comment_status":"closed","ping_status":"closed","sticky":false,"template":"","format":"standard","meta":{"site-sidebar-layout":"default","site-content-layout":"","ast-site-content-layout":"default","site-content-style":"default","site-sidebar-style":"default","ast-global-header-display":"","ast-banner-title-visibility":"","ast-main-header-display":"","ast-hfb-above-header-display":"","ast-hfb-below-header-display":"","ast-hfb-mobile-header-display":"","site-post-title":"","ast-breadcrumbs-content":"","ast-featured-img":"","footer-sml-layout":"","ast-disable-related-posts":"","theme-transparent-header-meta":"default","adv-header-id-meta":"","stick-header-meta":"","header-above-stick-meta":"","header-main-stick-meta":"","header-below-stick-meta":"","astra-migrate-meta-layouts":"set","ast-page-background-enabled":"default","ast-page-background-meta":{"desktop":{"background-color":"","background-image":"","background-repeat":"repeat","background-position":"center center","background-size":"auto","background-attachment":"scroll","background-type":"","background-media":"","overlay-type":"","overlay-color":"","overlay-opacity":"","overlay-gradient":""},"tablet":{"background-color":"","background-image":"","background-repeat":"repeat","background-position":"center center","background-size":"auto","background-attachment":"scroll","background-type":"","background-media":"","overlay-type":"","overlay-color":"","overlay-opacity":"","overlay-gradient":""},"mobile":{"background-color":"","background-image":"","background-repeat":"repeat","background-position":"center center","background-size":"auto","background-attachment":"scroll","background-type":"","background-media":"","overlay-type":"","overlay-color":"","overlay-opacity":"","overlay-gradient":""}},"ast-content-background-meta":{"desktop":{"background-color":"var(--ast-global-color-5)","background-image":"","background-repeat":"repeat","background-position":"center center","background-size":"auto","background-attachment":"scroll","background-type":"","background-media":"","overlay-type":"","overlay-color":"","overlay-opacity":"","overlay-gradient":""},"tablet":{"background-color":"var(--ast-global-color-5)","background-image":"","background-repeat":"repeat","background-position":"center center","background-size":"auto","background-attachment":"scroll","background-type":"","background-media":"","overlay-type":"","overlay-color":"","overlay-opacity":"","overlay-gradient":""},"mobile":{"background-color":"var(--ast-global-color-5)","background-image":"","background-repeat":"repeat","background-position":"center center","background-size":"auto","background-attachment":"scroll","background-type":"","background-media":"","overlay-type":"","overlay-color":"","overlay-opacity":"","overlay-gradient":""}},"footnotes":""},"categories":[1],"tags":[],"class_list":["post-10566","post","type-post","status-publish","format-standard","has-post-thumbnail","hentry","category-noticias"],"_links":{"self":[{"href":"https:\/\/crb1.org.br\/site\/wp-json\/wp\/v2\/posts\/10566","targetHints":{"allow":["GET"]}}],"collection":[{"href":"https:\/\/crb1.org.br\/site\/wp-json\/wp\/v2\/posts"}],"about":[{"href":"https:\/\/crb1.org.br\/site\/wp-json\/wp\/v2\/types\/post"}],"author":[{"embeddable":true,"href":"https:\/\/crb1.org.br\/site\/wp-json\/wp\/v2\/users\/2"}],"replies":[{"embeddable":true,"href":"https:\/\/crb1.org.br\/site\/wp-json\/wp\/v2\/comments?post=10566"}],"version-history":[{"count":0,"href":"https:\/\/crb1.org.br\/site\/wp-json\/wp\/v2\/posts\/10566\/revisions"}],"wp:featuredmedia":[{"embeddable":true,"href":"https:\/\/crb1.org.br\/site\/wp-json\/wp\/v2\/media\/10570"}],"wp:attachment":[{"href":"https:\/\/crb1.org.br\/site\/wp-json\/wp\/v2\/media?parent=10566"}],"wp:term":[{"taxonomy":"category","embeddable":true,"href":"https:\/\/crb1.org.br\/site\/wp-json\/wp\/v2\/categories?post=10566"},{"taxonomy":"post_tag","embeddable":true,"href":"https:\/\/crb1.org.br\/site\/wp-json\/wp\/v2\/tags?post=10566"}],"curies":[{"name":"wp","href":"https:\/\/api.w.org\/{rel}","templated":true}]}}