{"id":1075,"date":"2016-11-08T15:48:28","date_gmt":"2016-11-08T17:48:28","guid":{"rendered":"https:\/\/crb1.org.br\/?p=1075"},"modified":"2016-11-08T15:48:28","modified_gmt":"2016-11-08T17:48:28","slug":"i-forum-senado-federal-de-bibliotecas-digitais","status":"publish","type":"post","link":"https:\/\/crb1.org.br\/site\/2016\/11\/i-forum-senado-federal-de-bibliotecas-digitais\/","title":{"rendered":"I Forum Senado Federal de bibliotecas digitais"},"content":{"rendered":"<aside id=\"column-one\">\n<div id=\"portletwrapper-706c6f6e652e6c656674636f6c756d6e0a636f6e746578740a2f636e5f696c706d2f706f7274616c0a696e737469747563696f6e616c\" class=\"portletWrapper\" data-portlethash=\"706c6f6e652e6c656674636f6c756d6e0a636f6e746578740a2f636e5f696c706d2f706f7274616c0a696e737469747563696f6e616c\">\nA Biblioteca do Senado Federal realizar\u00e1 no dia 06 de dezembro de 2016, de 8h30 \u00e0s 17h, no Audit\u00f3rio do Interlegis, o I F\u00f3rum Bibliotecas Digitais do Senado Federal &#8211; BDSF 10 anos, a Biblioteca a servi\u00e7o do Parlamento e da Sociedade para comemorar os 10 anos de cria\u00e7\u00e3o da Biblioteca Digital do Senado Federal.<br \/>\nO evento ir\u00e1 abordar a evolu\u00e7\u00e3o do projeto at\u00e9 os dias atuais e os aspectos que permitiram sua boa aceita\u00e7\u00e3o com mais de 2,5 milh\u00f5es de downloads anuais, trazendo tamb\u00e9m outros modelos de bibliotecas digitais, a plataforma DSpace, as parcerias para divulga\u00e7\u00e3o pela internet e pelas m\u00eddias sociais e como, ao final, tudo isso se alinha para contribuir com a atua\u00e7\u00e3o do Parlamento Brasileiro. Al\u00e9m disso, haver\u00e1 a oportunidade de reunir os melhores profissionais do Pa\u00eds que atuam com bibliotecas digitais, criando um ambiente que favore\u00e7a a troca de experi\u00eancias e o debate dos modelos atuais.\n<\/div>\n<\/aside>\n<div class=\"\">\n<div id=\"content\">\n<div id=\"viewlet-above-content-body\">Quando &#8211; 06\/12\/2016 de <abbr class=\"dtstart\" title=\"2016-12-06T08:30:00-02:00\">08h30<\/abbr> <span class=\"timespan\">at\u00e9<\/span> <abbr class=\"dtend\" title=\"2016-12-06T17:00:00-02:00\">17h00\u00a0<\/abbr>(Brazil\/East \/ UTC-200)<\/div>\n<div id=\"content-core\">\n<div class=\"event\">\n<dl class=\"event summary details\">\n<dt>Onde &#8211; audit\u00f3rio Senador Antonio Carlos Magalh\u00e3es\/ILB- Interlegis\/ Senado Federal.<\/dt>\n<dt><\/dt>\n<dt><strong><a class=\"external-link\" title=\"\" href=\"http:\/\/www.interlegis.leg.br\/institucional\/eventos\/inscricoes\/forum-de-bibliotecas-digitais-da-administracao\/view\" target=\"_blank\" rel=\"noopener\">Inscri\u00e7\u00f5es Clique aqui!<\/a><\/strong><\/dt>\n<dt><\/dt>\n<dt><b>Cronograma\u00a0<\/b><\/dt>\n<\/dl>\n<table>\n<tbody>\n<tr>\n<td><b>Hor\u00e1rio<\/b><\/td>\n<td><b>Evento \u2013 Mediadora: Clara Bessa da Costa<\/b><\/td>\n<\/tr>\n<tr>\n<td><b>8h30<\/b><\/td>\n<td><b>Credenciamento<\/b><\/td>\n<\/tr>\n<tr>\n<td><b>9h<\/b><\/td>\n<td>Cerim\u00f4nia de abertura do F\u00f3rum.<br \/>\nComposi\u00e7\u00e3o da Mesa:<br \/>\n\u2022 Primeiro-Secret\u00e1rio do Senado Federal<br \/>\n\u2022 Diretora Geral do Senado<br \/>\n\u2022 Diretor da Secretaria de Gest\u00e3o de Informa\u00e7\u00e3o e Documenta\u00e7\u00e3o do Senado Federal;<br \/>\n\u2022 Coordenadora da Biblioteca do Senado Federal<br \/>\n&nbsp;<\/td>\n<\/tr>\n<tr>\n<td><b>9h20<\/b><\/td>\n<td>Homenagem aos servidores integrantes da Comiss\u00e3o Especial que realizou o estudo para a institui\u00e7\u00e3o da BDSF<\/td>\n<\/tr>\n<tr>\n<td><b>9h30<\/b><\/td>\n<td>Apresenta\u00e7\u00e3o da Cole\u00e7\u00e3o Senadores<\/td>\n<\/tr>\n<tr>\n<td><\/td>\n<td>Desfaz-se a mesa de abertura<\/td>\n<\/tr>\n<tr>\n<td><b>9h40<\/b><\/td>\n<td>Painel 1 &#8211; Panorama atual e perspectivas futuras para a Biblioteca Digital do Senado Federal &#8211; Andr\u00e9 Luiz Lopes de Alc\u00e2ntara \/Senado Federal<\/td>\n<\/tr>\n<tr>\n<td><b>10h<\/b><\/td>\n<td>Painel 2 \u2013 Novas possibilidades para o Dspace e sua aplica\u00e7\u00e3o no Senado Federal \u2013 Frederico Vitor Andrade Marques &#8211; Prodasen\/Senado Federal<b><\/b><\/td>\n<\/tr>\n<tr>\n<td><b>10h20<\/b><\/td>\n<td>Painel 3- Biblioteca Digital Jur\u00eddica do Superior Tribunal de Justi\u00e7a &#8211; BDJur: an\u00e1lises e perspectivas\u00a0\u2013 Jos\u00e9 Ronaldo Vieira\/ STJ<\/td>\n<\/tr>\n<tr>\n<td><b>10h40<\/b><\/td>\n<td>Intervalo para o caf\u00e9<\/td>\n<\/tr>\n<tr>\n<td><b>11h<\/b><\/td>\n<td>Palestra 1 \u2013 Biblioteca Digital: a informa\u00e7\u00e3o sem limites \u2013 Simone Bastos Vieira\/ Universidade de Bras\u00edlia<\/td>\n<\/tr>\n<tr>\n<td><b>11h20<\/b><\/td>\n<td>Palestra 2 \u2013 Promovendo as publica\u00e7\u00f5es digitais do Senado pelas redes sociais \u2013 Silvia Gomide\/ Senado Federal<\/td>\n<\/tr>\n<tr>\n<td><b>11h40<\/b><\/td>\n<td>Perguntas<\/td>\n<\/tr>\n<tr>\n<td><b>12h<\/b><\/td>\n<td>Intervalo<\/td>\n<\/tr>\n<tr>\n<td><b>14h20<\/b><\/td>\n<td>Forma\u00e7\u00e3o da nova mesa de abertura para o per\u00edodo vespertino:<\/p>\n<ul>\n<li>Diretor-Geral Adjunto de Gest\u00e3o e Presidente do Comit\u00ea de Internet do Senado Federal<\/li>\n<li>Coordenadora da Biblioteca do Senado Federal<\/li>\n<li>Coordenadora da Biblioteca da C\u00e2mara dos Deputados<\/li>\n<li>Chefe da Biblioteca Digital do Senado<\/li>\n<\/ul>\n<div><\/div>\n<\/td>\n<\/tr>\n<tr>\n<td><b>14h30<\/b><\/td>\n<td>Palestra 3 \u2013 O Comit\u00ea de Internet do Senado Federal e o gerenciamento de publica\u00e7\u00f5es eletr\u00f4nicas \u2013 Gustavo Ponce de Leon Lago \/ Senado Federal<\/td>\n<\/tr>\n<tr>\n<td><b>14h50<\/b><\/td>\n<td>Palestra 4 \u2013 O sistema de busca integrada \u2013 Bib e as bibliotecas digitais &#8211; Janice Silveira \/ C\u00e2mara dos Deputados<\/td>\n<\/tr>\n<tr>\n<td><b>15h10<\/b><\/td>\n<td>Palestra 5 \u2013\u00a0As bibliotecas digitais do Brasil e o Dspace \u2013 Milton Shintaku\/ IBICT<\/td>\n<\/tr>\n<tr>\n<td><b>15h40<\/b><\/td>\n<td>Palestra 6 &#8211; World e Parliament Report 2016: perspectiva dos parlamentos no uso de tecnologias de informa\u00e7\u00e3o e comunica\u00e7\u00e3o \u2013 Representante da UIP<\/td>\n<\/tr>\n<tr>\n<td><b>16h10<\/b><\/td>\n<td>Perguntas<\/td>\n<\/tr>\n<tr>\n<td><b>16h30<\/b><\/td>\n<td>Encerramento<\/td>\n<\/tr>\n<tr>\n<td><b>17h<\/b><\/td>\n<td>Coquetel<\/td>\n<\/tr>\n<\/tbody>\n<\/table>\n<\/div>\n<\/div>\n<\/div>\n<\/div>\n","protected":false},"excerpt":{"rendered":"<p>A Biblioteca do Senado Federal realizar\u00e1 no dia 06 de dezembro de 2016, de 8h30 \u00e0s 17h, no Audit\u00f3rio do Interlegis, o I F\u00f3rum Bibliotecas Digitais do Senado Federal &#8211; BDSF 10 anos, a Biblioteca a servi\u00e7o do Parlamento e da Sociedade para comemorar os 10 anos de cria\u00e7\u00e3o da Biblioteca Digital do Senado Federal. [&hellip;]<\/p>\n","protected":false},"author":1,"featured_media":0,"comment_status":"open","ping_status":"open","sticky":false,"template":"","format":"standard","meta":{"site-sidebar-layout":"default","site-content-layout":"","ast-site-content-layout":"default","site-content-style":"default","site-sidebar-style":"default","ast-global-header-display":"","ast-banner-title-visibility":"","ast-main-header-display":"","ast-hfb-above-header-display":"","ast-hfb-below-header-display":"","ast-hfb-mobile-header-display":"","site-post-title":"","ast-breadcrumbs-content":"","ast-featured-img":"","footer-sml-layout":"","ast-disable-related-posts":"","theme-transparent-header-meta":"","adv-header-id-meta":"","stick-header-meta":"","header-above-stick-meta":"","header-main-stick-meta":"","header-below-stick-meta":"","astra-migrate-meta-layouts":"default","ast-page-background-enabled":"default","ast-page-background-meta":{"desktop":{"background-color":"","background-image":"","background-repeat":"repeat","background-position":"center center","background-size":"auto","background-attachment":"scroll","background-type":"","background-media":"","overlay-type":"","overlay-color":"","overlay-opacity":"","overlay-gradient":""},"tablet":{"background-color":"","background-image":"","background-repeat":"repeat","background-position":"center center","background-size":"auto","background-attachment":"scroll","background-type":"","background-media":"","overlay-type":"","overlay-color":"","overlay-opacity":"","overlay-gradient":""},"mobile":{"background-color":"","background-image":"","background-repeat":"repeat","background-position":"center center","background-size":"auto","background-attachment":"scroll","background-type":"","background-media":"","overlay-type":"","overlay-color":"","overlay-opacity":"","overlay-gradient":""}},"ast-content-background-meta":{"desktop":{"background-color":"var(--ast-global-color-5)","background-image":"","background-repeat":"repeat","background-position":"center center","background-size":"auto","background-attachment":"scroll","background-type":"","background-media":"","overlay-type":"","overlay-color":"","overlay-opacity":"","overlay-gradient":""},"tablet":{"background-color":"var(--ast-global-color-5)","background-image":"","background-repeat":"repeat","background-position":"center center","background-size":"auto","background-attachment":"scroll","background-type":"","background-media":"","overlay-type":"","overlay-color":"","overlay-opacity":"","overlay-gradient":""},"mobile":{"background-color":"var(--ast-global-color-5)","background-image":"","background-repeat":"repeat","background-position":"center center","background-size":"auto","background-attachment":"scroll","background-type":"","background-media":"","overlay-type":"","overlay-color":"","overlay-opacity":"","overlay-gradient":""}},"footnotes":""},"categories":[24],"tags":[27,95,71,96,97],"class_list":["post-1075","post","type-post","status-publish","format-standard","hentry","category-evento","tag-biblioteca","tag-biblioteca-digital","tag-bibliotecarios","tag-forum","tag-senado-federal"],"_links":{"self":[{"href":"https:\/\/crb1.org.br\/site\/wp-json\/wp\/v2\/posts\/1075","targetHints":{"allow":["GET"]}}],"collection":[{"href":"https:\/\/crb1.org.br\/site\/wp-json\/wp\/v2\/posts"}],"about":[{"href":"https:\/\/crb1.org.br\/site\/wp-json\/wp\/v2\/types\/post"}],"author":[{"embeddable":true,"href":"https:\/\/crb1.org.br\/site\/wp-json\/wp\/v2\/users\/1"}],"replies":[{"embeddable":true,"href":"https:\/\/crb1.org.br\/site\/wp-json\/wp\/v2\/comments?post=1075"}],"version-history":[{"count":0,"href":"https:\/\/crb1.org.br\/site\/wp-json\/wp\/v2\/posts\/1075\/revisions"}],"wp:attachment":[{"href":"https:\/\/crb1.org.br\/site\/wp-json\/wp\/v2\/media?parent=1075"}],"wp:term":[{"taxonomy":"category","embeddable":true,"href":"https:\/\/crb1.org.br\/site\/wp-json\/wp\/v2\/categories?post=1075"},{"taxonomy":"post_tag","embeddable":true,"href":"https:\/\/crb1.org.br\/site\/wp-json\/wp\/v2\/tags?post=1075"}],"curies":[{"name":"wp","href":"https:\/\/api.w.org\/{rel}","templated":true}]}}