{"id":1095,"date":"2016-11-21T10:26:22","date_gmt":"2016-11-21T12:26:22","guid":{"rendered":"https:\/\/crb1.org.br\/?p=1095"},"modified":"2016-11-21T10:26:22","modified_gmt":"2016-11-21T12:26:22","slug":"comunidade-cultural-debate-loc-na-camara","status":"publish","type":"post","link":"https:\/\/crb1.org.br\/site\/2016\/11\/comunidade-cultural-debate-loc-na-camara\/","title":{"rendered":"Comunidade cultural debate LOC na C\u00e2mara"},"content":{"rendered":"<p style=\"text-align: center;\"><em>Audi\u00eancia p\u00fablica ser\u00e1 realizada no dia 5 de dezembro e vota\u00e7\u00e3o no dia 23<\/em><\/p>\n<p style=\"text-align: center;\"><img decoding=\"async\" class=\"aligncenter size-medium wp-image-1096\" src=\"https:\/\/novocrb1.ultramidia.com.br\/wp-content\/uploads\/2016\/11\/evento-loc-300x166.jpg\" alt=\"evento-loc\" width=\"300\" height=\"166\" \/><\/p>\n<p>Depois de uma semana em tramita\u00e7\u00e3o na C\u00e2mara Legislativa do Distrito Federal, os projetos de lei que comp\u00f5em a Lei Org\u00e2nica da Cultura (LOC) foram mais uma vez debatidos na comiss\u00e3o de Educa\u00e7\u00e3o, Cultura e Esporte, presidida pelo deputado Reginaldo Veras, com participa\u00e7\u00e3o do secret\u00e1rio de Cultura, Guilherme Reis; a secret\u00e1ria-adjunta, Nanan Catal\u00e3o; a subsecret\u00e1ria de Pol\u00edticas de Desenvolvimento e Promo\u00e7\u00e3o Cultura, Mariana Soares; e a assessora especial para as pol\u00edticas culturais, Daniela Diniz.<br \/>\nCom presen\u00e7a expressiva da comunidade cultural, a sess\u00e3o abriu espa\u00e7o para esclarecimentos sobre a LOC e ainda para receber novas contribui\u00e7\u00f5es para o texto de pessoas ligadas aos segmentos audiovisual, da literatura, da conta\u00e7\u00e3o de hist\u00f3rias, do teatro etc. &#8220;O debate foi muito importante, focado em contribui\u00e7\u00f5es propositivas, al\u00e9m de ter sido esclarecedor&#8221;, destacou o secret\u00e1rio de Cultura.<br \/>\nAs novas contribui\u00e7\u00f5es ser\u00e3o agora analisadas pela equipe de Reginaldo Veras, relator da comiss\u00e3o. &#8220;Foram sugest\u00f5es excelentes. Temos poucos pontos pol\u00eamicos apenas e ainda poderemos continuar o debate por outras comiss\u00f5es at\u00e9 a vota\u00e7\u00e3o&#8221;, disse Veras.<br \/>\nNo dia 5 de dezembro, haver\u00e1 audi\u00eancia p\u00fablica para discutir a LOC e a vota\u00e7\u00e3o est\u00e1 marcada para o dia 23 de dezembro. Conhe\u00e7a detalhadamente o processo de constru\u00e7\u00e3o e o texto da <a href=\"http:\/\/www.cultura.df.gov.br\/noticias\/item\/3964-conhe%C3%A7a-a-lei-org%C3%A2nica-da-cultura.html\" target=\"_blank\" rel=\"noopener\">Lei Org\u00e2nica da Cultura<\/a>.<\/p>\n<p style=\"text-align: right;\">Fonte \u2013 <a href=\"http:\/\/www.cultura.df.gov.br\/noticias\/item\/3984-comunidade-cultural-debate-loc-na-c%C3%A2mara.html\" target=\"_blank\" rel=\"noopener\">SeCult DF<\/a><\/p>\n","protected":false},"excerpt":{"rendered":"<p>Audi\u00eancia p\u00fablica ser\u00e1 realizada no dia 5 de dezembro e vota\u00e7\u00e3o no dia 23 Depois de uma semana em tramita\u00e7\u00e3o na C\u00e2mara Legislativa do Distrito Federal, os projetos de lei que comp\u00f5em a Lei Org\u00e2nica da Cultura (LOC) foram mais uma vez debatidos na comiss\u00e3o de Educa\u00e7\u00e3o, Cultura e Esporte, presidida pelo deputado Reginaldo Veras, [&hellip;]<\/p>\n","protected":false},"author":1,"featured_media":0,"comment_status":"open","ping_status":"open","sticky":false,"template":"","format":"standard","meta":{"site-sidebar-layout":"default","site-content-layout":"","ast-site-content-layout":"default","site-content-style":"default","site-sidebar-style":"default","ast-global-header-display":"","ast-banner-title-visibility":"","ast-main-header-display":"","ast-hfb-above-header-display":"","ast-hfb-below-header-display":"","ast-hfb-mobile-header-display":"","site-post-title":"","ast-breadcrumbs-content":"","ast-featured-img":"","footer-sml-layout":"","ast-disable-related-posts":"","theme-transparent-header-meta":"","adv-header-id-meta":"","stick-header-meta":"","header-above-stick-meta":"","header-main-stick-meta":"","header-below-stick-meta":"","astra-migrate-meta-layouts":"default","ast-page-background-enabled":"default","ast-page-background-meta":{"desktop":{"background-color":"","background-image":"","background-repeat":"repeat","background-position":"center center","background-size":"auto","background-attachment":"scroll","background-type":"","background-media":"","overlay-type":"","overlay-color":"","overlay-opacity":"","overlay-gradient":""},"tablet":{"background-color":"","background-image":"","background-repeat":"repeat","background-position":"center center","background-size":"auto","background-attachment":"scroll","background-type":"","background-media":"","overlay-type":"","overlay-color":"","overlay-opacity":"","overlay-gradient":""},"mobile":{"background-color":"","background-image":"","background-repeat":"repeat","background-position":"center center","background-size":"auto","background-attachment":"scroll","background-type":"","background-media":"","overlay-type":"","overlay-color":"","overlay-opacity":"","overlay-gradient":""}},"ast-content-background-meta":{"desktop":{"background-color":"var(--ast-global-color-5)","background-image":"","background-repeat":"repeat","background-position":"center center","background-size":"auto","background-attachment":"scroll","background-type":"","background-media":"","overlay-type":"","overlay-color":"","overlay-opacity":"","overlay-gradient":""},"tablet":{"background-color":"var(--ast-global-color-5)","background-image":"","background-repeat":"repeat","background-position":"center center","background-size":"auto","background-attachment":"scroll","background-type":"","background-media":"","overlay-type":"","overlay-color":"","overlay-opacity":"","overlay-gradient":""},"mobile":{"background-color":"var(--ast-global-color-5)","background-image":"","background-repeat":"repeat","background-position":"center center","background-size":"auto","background-attachment":"scroll","background-type":"","background-media":"","overlay-type":"","overlay-color":"","overlay-opacity":"","overlay-gradient":""}},"footnotes":""},"categories":[1],"tags":[90,100,101],"class_list":["post-1095","post","type-post","status-publish","format-standard","hentry","category-noticias","tag-cultura","tag-lei-organica","tag-loc"],"_links":{"self":[{"href":"https:\/\/crb1.org.br\/site\/wp-json\/wp\/v2\/posts\/1095","targetHints":{"allow":["GET"]}}],"collection":[{"href":"https:\/\/crb1.org.br\/site\/wp-json\/wp\/v2\/posts"}],"about":[{"href":"https:\/\/crb1.org.br\/site\/wp-json\/wp\/v2\/types\/post"}],"author":[{"embeddable":true,"href":"https:\/\/crb1.org.br\/site\/wp-json\/wp\/v2\/users\/1"}],"replies":[{"embeddable":true,"href":"https:\/\/crb1.org.br\/site\/wp-json\/wp\/v2\/comments?post=1095"}],"version-history":[{"count":0,"href":"https:\/\/crb1.org.br\/site\/wp-json\/wp\/v2\/posts\/1095\/revisions"}],"wp:attachment":[{"href":"https:\/\/crb1.org.br\/site\/wp-json\/wp\/v2\/media?parent=1095"}],"wp:term":[{"taxonomy":"category","embeddable":true,"href":"https:\/\/crb1.org.br\/site\/wp-json\/wp\/v2\/categories?post=1095"},{"taxonomy":"post_tag","embeddable":true,"href":"https:\/\/crb1.org.br\/site\/wp-json\/wp\/v2\/tags?post=1095"}],"curies":[{"name":"wp","href":"https:\/\/api.w.org\/{rel}","templated":true}]}}