{"id":11199,"date":"2025-07-17T10:43:54","date_gmt":"2025-07-17T13:43:54","guid":{"rendered":"https:\/\/crb1.org.br\/site\/?p=11199"},"modified":"2025-07-17T10:45:33","modified_gmt":"2025-07-17T13:45:33","slug":"carta-aberta-do-crb-1-sobre-a-leitura-em-goiania-precisamos-de-politicas-publicas-bibliotecariosas-e-bibliotecas-fortalecidas","status":"publish","type":"post","link":"https:\/\/crb1.org.br\/site\/2025\/07\/carta-aberta-do-crb-1-sobre-a-leitura-em-goiania-precisamos-de-politicas-publicas-bibliotecariosas-e-bibliotecas-fortalecidas\/","title":{"rendered":"CARTA ABERTA DO CRB-1 SOBRE A LEITURA EM GOI\u00c2NIA: PRECISAMOS DE POL\u00cdTICAS P\u00daBLICAS, BIBLIOTEC\u00c1RIOS(AS) E BIBLIOTECAS FORTALECIDAS"},"content":{"rendered":"<p data-renderer-start-pos=\"178\">O Conselho Regional de Biblioteconomia da 1\u00aa Regi\u00e3o (CRB-1), autarquia p\u00fablica respons\u00e1vel pela fiscaliza\u00e7\u00e3o, orienta\u00e7\u00e3o e aperfei\u00e7oamento do exerc\u00edcio da profiss\u00e3o de bibliotec\u00e1rio(a) na Regi\u00e3o centro-Oeste, vem a p\u00fablico manifestar-se sobre o artigo de opini\u00e3o publicado no <em data-renderer-mark=\"true\">Jornal Op\u00e7\u00e3o<\/em>, no dia 7 de julho de 2025, intitulado <em data-renderer-mark=\"true\"><strong data-renderer-mark=\"true\">\u201cNa lanterna da leitura, Goi\u00e2nia \u00e9 a capital que menos l\u00ea e precisa mudar essa realidade\u201d<\/strong><\/em>.<\/p>\n<p data-renderer-start-pos=\"598\">A mat\u00e9ria chama a aten\u00e7\u00e3o para um dado alarmante: <strong data-renderer-mark=\"true\">a Capital Goiana figura entre as capitais com menor \u00edndice de leitura do pa\u00eds, segundo a 6\u00aa edi\u00e7\u00e3o da pesquisa Retratos da Leitura no Brasil (Instituto Pr\u00f3-Livro\/Ipec, 2023)<\/strong>. De fato, o levantamento aponta que apenas 42% da popula\u00e7\u00e3o brasileira \u00e9 considerada leitora, e que o n\u00famero de leitores caiu significativamente em todas as faixas et\u00e1rias na compara\u00e7\u00e3o com edi\u00e7\u00f5es anteriores da pesquisa.<\/p>\n<p data-renderer-start-pos=\"1045\">No entanto, entendemos que a responsabilidade por essa realidade n\u00e3o pode recair sobre a popula\u00e7\u00e3o, como se fosse uma falha de interesse individual. <em data-renderer-mark=\"true\">A quest\u00e3o \u00e9 estrutural, hist\u00f3rica e demanda pol\u00edticas p\u00fablicas robustas e investimentos cont\u00ednuos em bibliotecas p\u00fablicas e escolares, com profissionais qualificados, especialmente bibliotec\u00e1rios.<\/em><\/p>\n<p data-renderer-start-pos=\"1392\">Um exemplo emblem\u00e1tico ocorreu em novembro de 2022, quando a Prefeitura Municipal de Goi\u00e2nia extinguiu cerca de cinquenta bibliotecas escolares, sob a justificativa de abrir mais salas de aula e zerar a fila de espera por vagas na rede p\u00fablica. \u00c9 ineg\u00e1vel a import\u00e2ncia da amplia\u00e7\u00e3o de vagas no ensino b\u00e1sico, mas a solu\u00e7\u00e3o n\u00e3o deveria ser a elimina\u00e7\u00e3o das bibliotecas. O direito \u00e0 educa\u00e7\u00e3o n\u00e3o concorre com o direito \u00e0 leitura \u2014 ambos s\u00e3o complementares. A medida adotada visou apenas mitigar de forma prec\u00e1ria um problema estrutural, ao passo que ignorou a legisla\u00e7\u00e3o federal que prev\u00ea a universaliza\u00e7\u00e3o das bibliotecas escolares. Mesmo com mobiliza\u00e7\u00e3o de bibliotec\u00e1rios, educadores, parlamentares e da sociedade civil, a administra\u00e7\u00e3o municipal optou pelo descumprimento da lei, em detrimento do desenvolvimento educacional de suas crian\u00e7as e jovens.<\/p>\n<p data-renderer-start-pos=\"2247\">A mesma pesquisa <em data-renderer-mark=\"true\">Retratos da Leitura<\/em> revela que <em data-renderer-mark=\"true\"><strong data-renderer-mark=\"true\">as bibliotecas s\u00e3o o segundo local mais citado onde os leitores t\u00eam acesso aos livros, atr\u00e1s apenas dos domic\u00edlios<\/strong><\/em>. Por\u00e9m, sabemos que muitas bibliotecas p\u00fablicas e escolares enfrentam falta de recursos, acervos desatualizados, pr\u00e9dios inadequados e, em muitos casos, funcionam sem bibliotec\u00e1rios, o que compromete diretamente seu funcionamento e sua miss\u00e3o educativa.<\/p>\n<p data-renderer-start-pos=\"2665\">A presen\u00e7a de bibliotec\u00e1rios(as) \u00e9 crucial para que as bibliotecas cumpram sua fun\u00e7\u00e3o social de acesso e democratiza\u00e7\u00e3o aos livros e \u00e0 leitura. S\u00e3o profissionais habilitados(as) para democratizar o acesso \u00e0 informa\u00e7\u00e3o, promover a\u00e7\u00f5es de incentivo \u00e0 leitura, formar leitores cr\u00edticos e contribuir para a inclus\u00e3o social e digital. Ignorar esse papel \u00e9 comprometer qualquer projeto s\u00e9rio de desenvolvimento da leitura.<\/p>\n<p data-renderer-start-pos=\"3083\">O CRB-1, como \u00f3rg\u00e3o de representa\u00e7\u00e3o e fiscaliza\u00e7\u00e3o da profiss\u00e3o na regi\u00e3o Centro-Oeste, atua de forma cont\u00ednua para garantir o cumprimento das legisla\u00e7\u00f5es vigentes (Lei n\u00ba 4.084\/62 e Decreto n\u00ba 56.725\/65), que exigem a presen\u00e7a de bibliotec\u00e1rio respons\u00e1vel t\u00e9cnico em bibliotecas p\u00fablicas, escolares, universit\u00e1rias e especializadas. <em data-renderer-mark=\"true\"><strong data-renderer-mark=\"true\">Onde h\u00e1 biblioteca, tem que ter bibliotec\u00e1rio(a)!<\/strong><\/em><\/p>\n<p data-renderer-start-pos=\"3469\">Reiteramos, portanto, que <em data-renderer-mark=\"true\"><strong data-renderer-mark=\"true\">o enfrentamento da crise da leitura em Goi\u00e2nia \u2014 e no Brasil como um todo \u2014 exige o fortalecimento das bibliotecas p\u00fablicas e escolares, a valoriza\u00e7\u00e3o da profiss\u00e3o bibliotec\u00e1ria, e o compromisso dos gestores p\u00fablicos com pol\u00edticas culturais, educacionais e informacionais permanentes.<\/strong><\/em><\/p>\n<p data-renderer-start-pos=\"3781\">Sem bibliotecas de qualidade, com estrutura, acervo, recursos e profissionais habilitados, n\u00e3o \u00e9 poss\u00edvel construir uma cidade leitora, tampouco uma sociedade emancipada democr\u00e1tica.<\/p>\n<p data-renderer-start-pos=\"3965\"><em data-renderer-mark=\"true\"><strong data-renderer-mark=\"true\">Conselho Regional de Biblioteconomia da 1\u00aa Regi\u00e3o \u2014 CRB-1<\/strong><\/em><\/p>\n","protected":false},"excerpt":{"rendered":"<p>O Conselho Regional de Biblioteconomia da 1\u00aa Regi\u00e3o (CRB-1), autarquia p\u00fablica respons\u00e1vel pela fiscaliza\u00e7\u00e3o, orienta\u00e7\u00e3o e aperfei\u00e7oamento do exerc\u00edcio da profiss\u00e3o de bibliotec\u00e1rio(a) na Regi\u00e3o centro-Oeste, vem a p\u00fablico manifestar-se sobre o artigo de opini\u00e3o publicado no Jornal Op\u00e7\u00e3o, no dia 7 de julho de 2025, intitulado \u201cNa lanterna da leitura, Goi\u00e2nia \u00e9 a capital [&hellip;]<\/p>\n","protected":false},"author":2,"featured_media":11201,"comment_status":"closed","ping_status":"closed","sticky":false,"template":"","format":"standard","meta":{"site-sidebar-layout":"default","site-content-layout":"","ast-site-content-layout":"default","site-content-style":"default","site-sidebar-style":"default","ast-global-header-display":"","ast-banner-title-visibility":"","ast-main-header-display":"","ast-hfb-above-header-display":"","ast-hfb-below-header-display":"","ast-hfb-mobile-header-display":"","site-post-title":"","ast-breadcrumbs-content":"","ast-featured-img":"","footer-sml-layout":"","ast-disable-related-posts":"","theme-transparent-header-meta":"default","adv-header-id-meta":"","stick-header-meta":"","header-above-stick-meta":"","header-main-stick-meta":"","header-below-stick-meta":"","astra-migrate-meta-layouts":"set","ast-page-background-enabled":"default","ast-page-background-meta":{"desktop":{"background-color":"","background-image":"","background-repeat":"repeat","background-position":"center center","background-size":"auto","background-attachment":"scroll","background-type":"","background-media":"","overlay-type":"","overlay-color":"","overlay-opacity":"","overlay-gradient":""},"tablet":{"background-color":"","background-image":"","background-repeat":"repeat","background-position":"center center","background-size":"auto","background-attachment":"scroll","background-type":"","background-media":"","overlay-type":"","overlay-color":"","overlay-opacity":"","overlay-gradient":""},"mobile":{"background-color":"","background-image":"","background-repeat":"repeat","background-position":"center center","background-size":"auto","background-attachment":"scroll","background-type":"","background-media":"","overlay-type":"","overlay-color":"","overlay-opacity":"","overlay-gradient":""}},"ast-content-background-meta":{"desktop":{"background-color":"var(--ast-global-color-5)","background-image":"","background-repeat":"repeat","background-position":"center center","background-size":"auto","background-attachment":"scroll","background-type":"","background-media":"","overlay-type":"","overlay-color":"","overlay-opacity":"","overlay-gradient":""},"tablet":{"background-color":"var(--ast-global-color-5)","background-image":"","background-repeat":"repeat","background-position":"center center","background-size":"auto","background-attachment":"scroll","background-type":"","background-media":"","overlay-type":"","overlay-color":"","overlay-opacity":"","overlay-gradient":""},"mobile":{"background-color":"var(--ast-global-color-5)","background-image":"","background-repeat":"repeat","background-position":"center center","background-size":"auto","background-attachment":"scroll","background-type":"","background-media":"","overlay-type":"","overlay-color":"","overlay-opacity":"","overlay-gradient":""}},"footnotes":""},"categories":[21],"tags":[],"class_list":["post-11199","post","type-post","status-publish","format-standard","has-post-thumbnail","hentry","category-destaques"],"_links":{"self":[{"href":"https:\/\/crb1.org.br\/site\/wp-json\/wp\/v2\/posts\/11199","targetHints":{"allow":["GET"]}}],"collection":[{"href":"https:\/\/crb1.org.br\/site\/wp-json\/wp\/v2\/posts"}],"about":[{"href":"https:\/\/crb1.org.br\/site\/wp-json\/wp\/v2\/types\/post"}],"author":[{"embeddable":true,"href":"https:\/\/crb1.org.br\/site\/wp-json\/wp\/v2\/users\/2"}],"replies":[{"embeddable":true,"href":"https:\/\/crb1.org.br\/site\/wp-json\/wp\/v2\/comments?post=11199"}],"version-history":[{"count":0,"href":"https:\/\/crb1.org.br\/site\/wp-json\/wp\/v2\/posts\/11199\/revisions"}],"wp:featuredmedia":[{"embeddable":true,"href":"https:\/\/crb1.org.br\/site\/wp-json\/wp\/v2\/media\/11201"}],"wp:attachment":[{"href":"https:\/\/crb1.org.br\/site\/wp-json\/wp\/v2\/media?parent=11199"}],"wp:term":[{"taxonomy":"category","embeddable":true,"href":"https:\/\/crb1.org.br\/site\/wp-json\/wp\/v2\/categories?post=11199"},{"taxonomy":"post_tag","embeddable":true,"href":"https:\/\/crb1.org.br\/site\/wp-json\/wp\/v2\/tags?post=11199"}],"curies":[{"name":"wp","href":"https:\/\/api.w.org\/{rel}","templated":true}]}}