{"id":11206,"date":"2025-07-18T16:32:35","date_gmt":"2025-07-18T19:32:35","guid":{"rendered":"https:\/\/crb1.org.br\/site\/?p=11206"},"modified":"2025-07-18T16:32:35","modified_gmt":"2025-07-18T19:32:35","slug":"coleta-de-dados-2025-cadastre-sua-biblioteca-na-plataforma-bibliotecas-br-ate-30-de-setembro","status":"publish","type":"post","link":"https:\/\/crb1.org.br\/site\/2025\/07\/coleta-de-dados-2025-cadastre-sua-biblioteca-na-plataforma-bibliotecas-br-ate-30-de-setembro\/","title":{"rendered":"Coleta de Dados 2025: Cadastre sua biblioteca na Plataforma Bibliotecas.Br at\u00e9 30 de setembro"},"content":{"rendered":"<p data-renderer-start-pos=\"101\">A <strong data-renderer-mark=\"true\">Federa\u00e7\u00e3o Brasileira de Associa\u00e7\u00f5es de Bibliotec\u00e1rios, Cientistas da Informa\u00e7\u00e3o e Institui\u00e7\u00f5es (FEBAB)<\/strong> iniciou a <strong data-renderer-mark=\"true\">Coleta de Dados 2025<\/strong> da **Plataforma **<a class=\"css-1rn59kg\" title=\"http:\/\/Bibliotecas.Br\" href=\"http:\/\/bibliotecas.br\/\" data-testid=\"link-with-safety\" data-renderer-mark=\"true\"><strong data-renderer-mark=\"true\">Bibliotecas.Br<\/strong><\/a>, uma iniciativa de grande relev\u00e2ncia para o fortalecimento e a visibilidade das bibliotecas brasileiras. O prazo para o envio das informa\u00e7\u00f5es vai at\u00e9 o dia <strong data-renderer-mark=\"true\">30 de setembro de 2025<\/strong>, e o <strong data-renderer-mark=\"true\">CRB-1<\/strong> refor\u00e7a o convite para que todas as bibliotecas da <strong data-renderer-mark=\"true\">regi\u00e3o Centro-Oeste<\/strong> participem ativamente deste processo.<\/p>\n<p data-renderer-start-pos=\"570\">A plataforma tem como objetivo mapear bibliotecas de todos os tipos \u2014 <strong data-renderer-mark=\"true\">comunit\u00e1rias, escolares, especiais, especializadas, governamentais, p\u00fablicas e universit\u00e1rias<\/strong> \u2014 gerando um panorama completo da realidade dos servi\u00e7os, espa\u00e7os, recursos e atua\u00e7\u00e3o das bibliotecas em todo o territ\u00f3rio nacional.<\/p>\n<p data-renderer-start-pos=\"868\">Al\u00e9m de possibilitar uma leitura detalhada e atualizada da presen\u00e7a das bibliotecas nos diferentes contextos sociais, educacionais e culturais, a plataforma fornece uma base de dados essencial para subsidiar:<\/p>\n<ul class=\"ak-ul\" data-indent-level=\"1\">\n<li>\n<p data-renderer-start-pos=\"1080\"><strong data-renderer-mark=\"true\">Pol\u00edticas p\u00fablicas<\/strong> voltadas para a leitura, a informa\u00e7\u00e3o e a cultura;<\/p>\n<\/li>\n<li>\n<p data-renderer-start-pos=\"1153\"><strong data-renderer-mark=\"true\">Projetos e programas<\/strong> de institui\u00e7\u00f5es de ensino, pesquisa e extens\u00e3o;<\/p>\n<\/li>\n<li>\n<p data-renderer-start-pos=\"1225\"><strong data-renderer-mark=\"true\">A\u00e7\u00f5es de advocacy<\/strong> da FEBAB e das associa\u00e7\u00f5es filiadas em todo o pa\u00eds;<\/p>\n<\/li>\n<li>\n<p data-renderer-start-pos=\"1298\">A alimenta\u00e7\u00e3o do <strong data-renderer-mark=\"true\">Mapa Mundial da IFLA<\/strong>, que re\u00fane informa\u00e7\u00f5es globais sobre bibliotecas.<\/p>\n<\/li>\n<\/ul>\n<p data-renderer-start-pos=\"1389\">A coleta de dados ser\u00e1 <strong data-renderer-mark=\"true\">anual<\/strong>, e os dados informados poder\u00e3o ser atualizados constantemente pelas bibliotecas cadastradas. Isso permite o acompanhamento de s\u00e9ries hist\u00f3ricas, facilitando a cria\u00e7\u00e3o de diagn\u00f3sticos, indicadores e estrat\u00e9gias de fortalecimento das bibliotecas em n\u00edvel local, regional e nacional.<\/p>\n<p data-renderer-start-pos=\"1700\">\ud83d\udd0d <strong data-renderer-mark=\"true\">Por que participar?<\/strong><br \/>\nEm um cen\u00e1rio de aus\u00eancia de dados consolidados sobre bibliotecas no Brasil, iniciativas como a <a class=\"css-1rn59kg\" title=\"http:\/\/Bibliotecas.Br\" href=\"http:\/\/bibliotecas.br\/\" data-testid=\"link-with-safety\" data-renderer-mark=\"true\">Bibliotecas.Br<\/a> s\u00e3o fundamentais para <strong data-renderer-mark=\"true\">visibilizar o trabalho dos profissionais da \u00e1rea<\/strong>, apoiar a cria\u00e7\u00e3o de <strong data-renderer-mark=\"true\">estrat\u00e9gias p\u00fablicas efetivas<\/strong> e assegurar que bibliotecas sejam reconhecidas como <strong data-renderer-mark=\"true\">equipamentos culturais essenciais<\/strong>.<\/p>\n<p data-renderer-start-pos=\"2044\">O <strong data-renderer-mark=\"true\">CRB-1<\/strong> refor\u00e7a que a colabora\u00e7\u00e3o das bibliotecas da regi\u00e3o (DF, GO, MT e MS) \u00e9 fundamental para o sucesso da plataforma. Manter seus dados atualizados e completos \u00e9 uma forma de fortalecer a biblioteconomia e dar voz ao setor.<\/p>\n<p data-renderer-start-pos=\"2273\">\ud83d\udccc <strong data-renderer-mark=\"true\">Prazo para cadastramento e atualiza\u00e7\u00e3o dos dados: 30\/09\/2025<\/strong><\/p>\n<p data-renderer-start-pos=\"2273\">\n\ud83c\udf10 <strong data-renderer-mark=\"true\">Acesse e cadastre sua biblioteca:<\/strong>\u00a0<span data-inline-card=\"true\" data-card-url=\"https:\/\/www.bibliotecas.org.br\"><span class=\"loader-wrapper\"><a class=\"css-118vsk3\" tabindex=\"0\" role=\"button\" href=\"https:\/\/www.bibliotecas.org.br\/\" aria-label=\"https:\/\/www.bibliotecas.org.br\" data-testid=\"inline-card-resolved-view\"><span class=\"css-1cwva94\" data-testid=\"inline-card-icon-and-title\"><span class=\"smart-link-title-wrapper css-0\">Bibliotecas Brasileiras | Bibliotecas Bibliotecas Dados E Informa\u00e7\u00f5es<\/span><\/span><\/a><\/span><\/span><\/p>\n<p data-renderer-start-pos=\"2377\">Vamos juntas(os) fortalecer a presen\u00e7a das bibliotecas no Brasil e no mundo!<\/p>\n<p data-renderer-start-pos=\"2455\"><em data-renderer-mark=\"true\">Conselho Regional de Biblioteconomia &#8211; 1\u00aa Regi\u00e3o (DF\/GO\/MT\/MS), com informa\u00e7\u00f5es da FEBAB<\/em><\/p>\n","protected":false},"excerpt":{"rendered":"<p>A Federa\u00e7\u00e3o Brasileira de Associa\u00e7\u00f5es de Bibliotec\u00e1rios, Cientistas da Informa\u00e7\u00e3o e Institui\u00e7\u00f5es (FEBAB) iniciou a Coleta de Dados 2025 da **Plataforma **Bibliotecas.Br, uma iniciativa de grande relev\u00e2ncia para o fortalecimento e a visibilidade das bibliotecas brasileiras. O prazo para o envio das informa\u00e7\u00f5es vai at\u00e9 o dia 30 de setembro de 2025, e o CRB-1 [&hellip;]<\/p>\n","protected":false},"author":2,"featured_media":11207,"comment_status":"closed","ping_status":"closed","sticky":false,"template":"","format":"standard","meta":{"site-sidebar-layout":"default","site-content-layout":"","ast-site-content-layout":"default","site-content-style":"default","site-sidebar-style":"default","ast-global-header-display":"","ast-banner-title-visibility":"","ast-main-header-display":"","ast-hfb-above-header-display":"","ast-hfb-below-header-display":"","ast-hfb-mobile-header-display":"","site-post-title":"","ast-breadcrumbs-content":"","ast-featured-img":"","footer-sml-layout":"","ast-disable-related-posts":"","theme-transparent-header-meta":"default","adv-header-id-meta":"","stick-header-meta":"","header-above-stick-meta":"","header-main-stick-meta":"","header-below-stick-meta":"","astra-migrate-meta-layouts":"set","ast-page-background-enabled":"default","ast-page-background-meta":{"desktop":{"background-color":"","background-image":"","background-repeat":"repeat","background-position":"center center","background-size":"auto","background-attachment":"scroll","background-type":"","background-media":"","overlay-type":"","overlay-color":"","overlay-opacity":"","overlay-gradient":""},"tablet":{"background-color":"","background-image":"","background-repeat":"repeat","background-position":"center center","background-size":"auto","background-attachment":"scroll","background-type":"","background-media":"","overlay-type":"","overlay-color":"","overlay-opacity":"","overlay-gradient":""},"mobile":{"background-color":"","background-image":"","background-repeat":"repeat","background-position":"center center","background-size":"auto","background-attachment":"scroll","background-type":"","background-media":"","overlay-type":"","overlay-color":"","overlay-opacity":"","overlay-gradient":""}},"ast-content-background-meta":{"desktop":{"background-color":"var(--ast-global-color-5)","background-image":"","background-repeat":"repeat","background-position":"center center","background-size":"auto","background-attachment":"scroll","background-type":"","background-media":"","overlay-type":"","overlay-color":"","overlay-opacity":"","overlay-gradient":""},"tablet":{"background-color":"var(--ast-global-color-5)","background-image":"","background-repeat":"repeat","background-position":"center center","background-size":"auto","background-attachment":"scroll","background-type":"","background-media":"","overlay-type":"","overlay-color":"","overlay-opacity":"","overlay-gradient":""},"mobile":{"background-color":"var(--ast-global-color-5)","background-image":"","background-repeat":"repeat","background-position":"center center","background-size":"auto","background-attachment":"scroll","background-type":"","background-media":"","overlay-type":"","overlay-color":"","overlay-opacity":"","overlay-gradient":""}},"footnotes":""},"categories":[1],"tags":[],"class_list":["post-11206","post","type-post","status-publish","format-standard","has-post-thumbnail","hentry","category-noticias"],"_links":{"self":[{"href":"https:\/\/crb1.org.br\/site\/wp-json\/wp\/v2\/posts\/11206","targetHints":{"allow":["GET"]}}],"collection":[{"href":"https:\/\/crb1.org.br\/site\/wp-json\/wp\/v2\/posts"}],"about":[{"href":"https:\/\/crb1.org.br\/site\/wp-json\/wp\/v2\/types\/post"}],"author":[{"embeddable":true,"href":"https:\/\/crb1.org.br\/site\/wp-json\/wp\/v2\/users\/2"}],"replies":[{"embeddable":true,"href":"https:\/\/crb1.org.br\/site\/wp-json\/wp\/v2\/comments?post=11206"}],"version-history":[{"count":0,"href":"https:\/\/crb1.org.br\/site\/wp-json\/wp\/v2\/posts\/11206\/revisions"}],"wp:featuredmedia":[{"embeddable":true,"href":"https:\/\/crb1.org.br\/site\/wp-json\/wp\/v2\/media\/11207"}],"wp:attachment":[{"href":"https:\/\/crb1.org.br\/site\/wp-json\/wp\/v2\/media?parent=11206"}],"wp:term":[{"taxonomy":"category","embeddable":true,"href":"https:\/\/crb1.org.br\/site\/wp-json\/wp\/v2\/categories?post=11206"},{"taxonomy":"post_tag","embeddable":true,"href":"https:\/\/crb1.org.br\/site\/wp-json\/wp\/v2\/tags?post=11206"}],"curies":[{"name":"wp","href":"https:\/\/api.w.org\/{rel}","templated":true}]}}