{"id":11212,"date":"2025-07-30T09:11:11","date_gmt":"2025-07-30T12:11:11","guid":{"rendered":"https:\/\/crb1.org.br\/site\/?p=11212"},"modified":"2025-07-30T09:15:27","modified_gmt":"2025-07-30T12:15:27","slug":"crb-1-participa-de-reuniao-com-representantes-da-ifla-para-escolha-da-sede-do-wlic-2027","status":"publish","type":"post","link":"https:\/\/crb1.org.br\/site\/2025\/07\/crb-1-participa-de-reuniao-com-representantes-da-ifla-para-escolha-da-sede-do-wlic-2027\/","title":{"rendered":"CRB-1 participa de reuni\u00e3o com representantes da IFLA para escolha da sede do WLIC 2027"},"content":{"rendered":"\t\t<div data-elementor-type=\"wp-post\" data-elementor-id=\"11212\" class=\"elementor elementor-11212\" data-elementor-settings=\"{&quot;ha_cmc_init_switcher&quot;:&quot;no&quot;}\" data-elementor-post-type=\"post\">\n\t\t\t\t<div class=\"elementor-element elementor-element-1a899323 e-flex e-con-boxed e-con e-parent\" data-id=\"1a899323\" data-element_type=\"container\" data-e-type=\"container\" data-settings=\"{&quot;_ha_eqh_enable&quot;:false}\">\n\t\t\t\t\t<div class=\"e-con-inner\">\n\t\t\t\t<div class=\"elementor-element elementor-element-193115cd elementor-widget elementor-widget-text-editor\" data-id=\"193115cd\" data-element_type=\"widget\" data-e-type=\"widget\" data-widget_type=\"text-editor.default\">\n\t\t\t\t<div class=\"elementor-widget-container\">\n\t\t\t\t\t\t\t\t\t<p data-renderer-start-pos=\"98\"><strong><em data-renderer-mark=\"true\">Bras\u00edlia est\u00e1 na seletiva final<\/em><\/strong><\/p><p data-renderer-start-pos=\"142\">Na \u00faltima quarta-feira (23), o Centro de Documenta\u00e7\u00e3o da C\u00e2mara dos Deputados (Cedi) sediou uma reuni\u00e3o com membros do comit\u00ea avaliador da Federa\u00e7\u00e3o Internacional de Associa\u00e7\u00f5es e Institui\u00e7\u00f5es Bibliotec\u00e1rias (IFLA), que estiveram em Bras\u00edlia para apreciar a candidatura da cidade a sede do Congresso Mundial de Bibliotecas e Informa\u00e7\u00e3o \u2013 World Library and Information Congress2027 (WLIC 2027). O evento, realizado anualmente, marcar\u00e1 daqui a dois anos o centen\u00e1rio da IFLA.<\/p><p data-renderer-start-pos=\"618\">Acompanhados do coordenador-geral do Comit\u00ea Nacional Provis\u00f3rio do WLIC 2027 e integrante do Instituto Brasileiro de Informa\u00e7\u00e3o em Ci\u00eancia e Tecnologia (IBICT), Ricardo Crisafulli Rodrigues, estiveram na C\u00e2mara dos Deputados o presidente do Comit\u00ea da Divis\u00e3o da Am\u00e9rica Latina e Caribe da IFLA (IFLALAC) e diretor-geral da Biblioteca Nacional do Congresso da Argentina, Alejandro Santa; o diretor de eventos da IFLA, Alain Zayan; e a diretora da empresa organizadora de eventos KIT-GROUP, Roberta Odebrecht. O grupo foi recepcionado pelo diretor do Cedi, Jo\u00e3o Luiz Pereira Marciano, que garantiu o empenho do Cedi para obter o apoio institucional da Casa na realiza\u00e7\u00e3o do congresso, compromisso acompanhado pelos demais representantes institucionais.<\/p><p data-renderer-start-pos=\"1370\">Dentre as entidades representadas no encontro, estavam: a Associa\u00e7\u00e3o dos Bibliotec\u00e1rios e Profissionais da Ci\u00eancia da Informa\u00e7\u00e3o do Distrito Federal (ABDF), a Biblioteca Central da Universidade de Bras\u00edlia (UnB), a Biblioteca do Supremo Tribunal Federal, a Biblioteca do Superior Tribunal de Justi\u00e7a e a Biblioteca do Senado Federal. J\u00e1 o CRB-1 foi representado pelo conselheiro Raphael Cavalcante.<\/p><p data-renderer-start-pos=\"1770\">Concorr\u00eancia<br \/>Na ter\u00e7a-feira, os membros do comit\u00ea avaliador haviam visitado o Centro Internacional de Conven\u00e7\u00f5es do Brasil (CICB), onde se prop\u00f5e que ocorra o evento. Roberta Odebrecht se disse impressionada com a estrutura oferecida. A concorr\u00eancia, por\u00e9m, \u00e9 acirrada, pois a outra cidade candidata a receber o congresso \u00e9 Londres.<\/p><p>Alejandro Santa destacou a import\u00e2ncia para o Brasil e para a Am\u00e9rica Latina de sediar o WLIC justamente quando a IFLA completa cem anos e discute a consolida\u00e7\u00e3o de tecnologias transformadoras como a intelig\u00eancia artificial. Para ele, o mundo das bibliotecas ser\u00e1 dividido em antes e depois do congresso de 2027.<br \/>Na sua passagem por Bras\u00edlia, o comit\u00ea da IFLA foi recebido ainda pelo governador do Distrito Federal, Ibaneis Rocha, e pela vice-governadora, Celina Le\u00e3o. A candidatura da cidade conta com o apoio do IBICT e da Secretaria de Turismo do GDF.<\/p><p data-renderer-start-pos=\"2662\"><em data-renderer-mark=\"true\">Texto: Quito Rossi (C\u00e2mara dos Deputados), com adapta\u00e7\u00f5es<\/em><\/p>\t\t\t\t\t\t\t\t<\/div>\n\t\t\t\t<\/div>\n\t\t\t\t\t<\/div>\n\t\t\t\t<\/div>\n\t\t\t\t<\/div>\n\t\t","protected":false},"excerpt":{"rendered":"<p>Bras\u00edlia est\u00e1 na seletiva final Na \u00faltima quarta-feira (23), o Centro de Documenta\u00e7\u00e3o da C\u00e2mara dos Deputados (Cedi) sediou uma reuni\u00e3o com membros do comit\u00ea avaliador da Federa\u00e7\u00e3o Internacional de Associa\u00e7\u00f5es e Institui\u00e7\u00f5es Bibliotec\u00e1rias (IFLA), que estiveram em Bras\u00edlia para apreciar a candidatura da cidade a sede do Congresso Mundial de Bibliotecas e Informa\u00e7\u00e3o \u2013 [&hellip;]<\/p>\n","protected":false},"author":2,"featured_media":11213,"comment_status":"closed","ping_status":"closed","sticky":false,"template":"","format":"standard","meta":{"site-sidebar-layout":"default","site-content-layout":"","ast-site-content-layout":"default","site-content-style":"default","site-sidebar-style":"default","ast-global-header-display":"","ast-banner-title-visibility":"","ast-main-header-display":"","ast-hfb-above-header-display":"","ast-hfb-below-header-display":"","ast-hfb-mobile-header-display":"","site-post-title":"","ast-breadcrumbs-content":"","ast-featured-img":"","footer-sml-layout":"","ast-disable-related-posts":"","theme-transparent-header-meta":"default","adv-header-id-meta":"","stick-header-meta":"","header-above-stick-meta":"","header-main-stick-meta":"","header-below-stick-meta":"","astra-migrate-meta-layouts":"set","ast-page-background-enabled":"default","ast-page-background-meta":{"desktop":{"background-color":"","background-image":"","background-repeat":"repeat","background-position":"center center","background-size":"auto","background-attachment":"scroll","background-type":"","background-media":"","overlay-type":"","overlay-color":"","overlay-opacity":"","overlay-gradient":""},"tablet":{"background-color":"","background-image":"","background-repeat":"repeat","background-position":"center center","background-size":"auto","background-attachment":"scroll","background-type":"","background-media":"","overlay-type":"","overlay-color":"","overlay-opacity":"","overlay-gradient":""},"mobile":{"background-color":"","background-image":"","background-repeat":"repeat","background-position":"center center","background-size":"auto","background-attachment":"scroll","background-type":"","background-media":"","overlay-type":"","overlay-color":"","overlay-opacity":"","overlay-gradient":""}},"ast-content-background-meta":{"desktop":{"background-color":"var(--ast-global-color-5)","background-image":"","background-repeat":"repeat","background-position":"center center","background-size":"auto","background-attachment":"scroll","background-type":"","background-media":"","overlay-type":"","overlay-color":"","overlay-opacity":"","overlay-gradient":""},"tablet":{"background-color":"var(--ast-global-color-5)","background-image":"","background-repeat":"repeat","background-position":"center center","background-size":"auto","background-attachment":"scroll","background-type":"","background-media":"","overlay-type":"","overlay-color":"","overlay-opacity":"","overlay-gradient":""},"mobile":{"background-color":"var(--ast-global-color-5)","background-image":"","background-repeat":"repeat","background-position":"center center","background-size":"auto","background-attachment":"scroll","background-type":"","background-media":"","overlay-type":"","overlay-color":"","overlay-opacity":"","overlay-gradient":""}},"footnotes":""},"categories":[1],"tags":[],"class_list":["post-11212","post","type-post","status-publish","format-standard","has-post-thumbnail","hentry","category-noticias"],"_links":{"self":[{"href":"https:\/\/crb1.org.br\/site\/wp-json\/wp\/v2\/posts\/11212","targetHints":{"allow":["GET"]}}],"collection":[{"href":"https:\/\/crb1.org.br\/site\/wp-json\/wp\/v2\/posts"}],"about":[{"href":"https:\/\/crb1.org.br\/site\/wp-json\/wp\/v2\/types\/post"}],"author":[{"embeddable":true,"href":"https:\/\/crb1.org.br\/site\/wp-json\/wp\/v2\/users\/2"}],"replies":[{"embeddable":true,"href":"https:\/\/crb1.org.br\/site\/wp-json\/wp\/v2\/comments?post=11212"}],"version-history":[{"count":0,"href":"https:\/\/crb1.org.br\/site\/wp-json\/wp\/v2\/posts\/11212\/revisions"}],"wp:featuredmedia":[{"embeddable":true,"href":"https:\/\/crb1.org.br\/site\/wp-json\/wp\/v2\/media\/11213"}],"wp:attachment":[{"href":"https:\/\/crb1.org.br\/site\/wp-json\/wp\/v2\/media?parent=11212"}],"wp:term":[{"taxonomy":"category","embeddable":true,"href":"https:\/\/crb1.org.br\/site\/wp-json\/wp\/v2\/categories?post=11212"},{"taxonomy":"post_tag","embeddable":true,"href":"https:\/\/crb1.org.br\/site\/wp-json\/wp\/v2\/tags?post=11212"}],"curies":[{"name":"wp","href":"https:\/\/api.w.org\/{rel}","templated":true}]}}