{"id":11287,"date":"2025-08-06T18:21:42","date_gmt":"2025-08-06T21:21:42","guid":{"rendered":"https:\/\/crb1.org.br\/site\/?p=11287"},"modified":"2025-08-06T18:21:42","modified_gmt":"2025-08-06T21:21:42","slug":"deputada-gleice-jane-propoe-criacao-de-cursos-presenciais-de-biblioteconomia-em-instituicoes-publicas-de-mato-grosso-do-sul","status":"publish","type":"post","link":"https:\/\/crb1.org.br\/site\/2025\/08\/deputada-gleice-jane-propoe-criacao-de-cursos-presenciais-de-biblioteconomia-em-instituicoes-publicas-de-mato-grosso-do-sul\/","title":{"rendered":"Deputada Gleice Jane prop\u00f5e cria\u00e7\u00e3o de cursos presenciais de Biblioteconomia em institui\u00e7\u00f5es p\u00fablicas de Mato Grosso do Sul"},"content":{"rendered":"<p data-renderer-start-pos=\"126\">Em uma importante iniciativa para o fortalecimento da Biblioteconomia no estado, a deputada estadual <strong data-renderer-mark=\"true\">Gleice Jane (PT)<\/strong> prop\u00f4s a cria\u00e7\u00e3o de cursos presenciais de <strong data-renderer-mark=\"true\">Biblioteconomia<\/strong> em quatro institui\u00e7\u00f5es p\u00fablicas de ensino superior de Mato Grosso do Sul: a <strong data-renderer-mark=\"true\">Universidade Federal de Mato Grosso do Sul (UFMS)<\/strong>, a <strong data-renderer-mark=\"true\">Universidade Estadual de Mato Grosso do Sul (UEMS)<\/strong>, o <strong data-renderer-mark=\"true\">Instituto Federal de Mato Grosso do Sul (IFMS)<\/strong> e a <strong data-renderer-mark=\"true\">Universidade Federal da Grande Dourados (UFGD)<\/strong>.<\/p>\n<p data-renderer-start-pos=\"585\">A a\u00e7\u00e3o \u00e9 resultado direto da <strong data-renderer-mark=\"true\">articula\u00e7\u00e3o do Conselho Regional de Biblioteconomia da 1\u00aa Regi\u00e3o (CRB-1)<\/strong> com a parlamentar, que vem demonstrando sensibilidade \u00e0s demandas da categoria e comprometimento com a valoriza\u00e7\u00e3o da educa\u00e7\u00e3o, da leitura e da forma\u00e7\u00e3o profissional no estado.<\/p>\n<p data-renderer-start-pos=\"865\">Segundo a deputada, a cria\u00e7\u00e3o desses cursos tem como principal objetivo <strong data-renderer-mark=\"true\">suprir a car\u00eancia de profissionais bibliotec\u00e1rios(as)<\/strong> nas bibliotecas escolares e demais unidades de informa\u00e7\u00e3o de Mato Grosso do Sul, contribuindo para o cumprimento das <strong data-renderer-mark=\"true\">Leis n\u00ba 12.244\/2010<\/strong> (universaliza\u00e7\u00e3o das bibliotecas escolares) e <strong data-renderer-mark=\"true\">n\u00ba 14.837\/2024<\/strong> (que institui o Sistema Nacional de Bibliotecas Escolares).<\/p>\n<p data-renderer-start-pos=\"1250\">Atualmente, o estado ainda n\u00e3o conta com nenhum curso presencial de Biblioteconomia em institui\u00e7\u00f5es p\u00fablicas, o que obriga muitos estudantes a buscarem forma\u00e7\u00e3o em outros estados ou a optarem por cursos a dist\u00e2ncia. Com a cria\u00e7\u00e3o de cursos presenciais, a expectativa \u00e9 de que <strong data-renderer-mark=\"true\">mais profissionais qualificados sejam formados localmente<\/strong>, ampliando a presen\u00e7a da Biblioteconomia nas escolas, universidades, bibliotecas p\u00fablicas e outros espa\u00e7os de media\u00e7\u00e3o da informa\u00e7\u00e3o e da cultura.<\/p>\n<p data-renderer-start-pos=\"1732\">O CRB-1 reafirma seu compromisso com a <strong data-renderer-mark=\"true\">expans\u00e3o da forma\u00e7\u00e3o profissional p\u00fablica e gratuita<\/strong>, e continuar\u00e1 atuando junto a parlamentares, reitores e gestores educacionais para garantir que a Biblioteconomia tenha a visibilidade e a estrutura que merece.<\/p>\n<p data-renderer-start-pos=\"1986\">Com informa\u00e7\u00f5es do site Portal MS News.<\/p>\n<p data-renderer-start-pos=\"2027\"><strong data-renderer-mark=\"true\">Conselho Regional de Biblioteconomia &#8211; 1\u00aa Regi\u00e3o (DF\/GO\/MT\/MS)<\/strong><\/p>\n","protected":false},"excerpt":{"rendered":"<p>Em uma importante iniciativa para o fortalecimento da Biblioteconomia no estado, a deputada estadual Gleice Jane (PT) prop\u00f4s a cria\u00e7\u00e3o de cursos presenciais de Biblioteconomia em quatro institui\u00e7\u00f5es p\u00fablicas de ensino superior de Mato Grosso do Sul: a Universidade Federal de Mato Grosso do Sul (UFMS), a Universidade Estadual de Mato Grosso do Sul (UEMS), [&hellip;]<\/p>\n","protected":false},"author":2,"featured_media":11289,"comment_status":"closed","ping_status":"closed","sticky":false,"template":"","format":"standard","meta":{"site-sidebar-layout":"default","site-content-layout":"","ast-site-content-layout":"default","site-content-style":"default","site-sidebar-style":"default","ast-global-header-display":"","ast-banner-title-visibility":"","ast-main-header-display":"","ast-hfb-above-header-display":"","ast-hfb-below-header-display":"","ast-hfb-mobile-header-display":"","site-post-title":"","ast-breadcrumbs-content":"","ast-featured-img":"","footer-sml-layout":"","ast-disable-related-posts":"","theme-transparent-header-meta":"default","adv-header-id-meta":"","stick-header-meta":"","header-above-stick-meta":"","header-main-stick-meta":"","header-below-stick-meta":"","astra-migrate-meta-layouts":"set","ast-page-background-enabled":"default","ast-page-background-meta":{"desktop":{"background-color":"","background-image":"","background-repeat":"repeat","background-position":"center center","background-size":"auto","background-attachment":"scroll","background-type":"","background-media":"","overlay-type":"","overlay-color":"","overlay-opacity":"","overlay-gradient":""},"tablet":{"background-color":"","background-image":"","background-repeat":"repeat","background-position":"center center","background-size":"auto","background-attachment":"scroll","background-type":"","background-media":"","overlay-type":"","overlay-color":"","overlay-opacity":"","overlay-gradient":""},"mobile":{"background-color":"","background-image":"","background-repeat":"repeat","background-position":"center center","background-size":"auto","background-attachment":"scroll","background-type":"","background-media":"","overlay-type":"","overlay-color":"","overlay-opacity":"","overlay-gradient":""}},"ast-content-background-meta":{"desktop":{"background-color":"var(--ast-global-color-5)","background-image":"","background-repeat":"repeat","background-position":"center center","background-size":"auto","background-attachment":"scroll","background-type":"","background-media":"","overlay-type":"","overlay-color":"","overlay-opacity":"","overlay-gradient":""},"tablet":{"background-color":"var(--ast-global-color-5)","background-image":"","background-repeat":"repeat","background-position":"center center","background-size":"auto","background-attachment":"scroll","background-type":"","background-media":"","overlay-type":"","overlay-color":"","overlay-opacity":"","overlay-gradient":""},"mobile":{"background-color":"var(--ast-global-color-5)","background-image":"","background-repeat":"repeat","background-position":"center center","background-size":"auto","background-attachment":"scroll","background-type":"","background-media":"","overlay-type":"","overlay-color":"","overlay-opacity":"","overlay-gradient":""}},"footnotes":""},"categories":[1],"tags":[],"class_list":["post-11287","post","type-post","status-publish","format-standard","has-post-thumbnail","hentry","category-noticias"],"_links":{"self":[{"href":"https:\/\/crb1.org.br\/site\/wp-json\/wp\/v2\/posts\/11287","targetHints":{"allow":["GET"]}}],"collection":[{"href":"https:\/\/crb1.org.br\/site\/wp-json\/wp\/v2\/posts"}],"about":[{"href":"https:\/\/crb1.org.br\/site\/wp-json\/wp\/v2\/types\/post"}],"author":[{"embeddable":true,"href":"https:\/\/crb1.org.br\/site\/wp-json\/wp\/v2\/users\/2"}],"replies":[{"embeddable":true,"href":"https:\/\/crb1.org.br\/site\/wp-json\/wp\/v2\/comments?post=11287"}],"version-history":[{"count":0,"href":"https:\/\/crb1.org.br\/site\/wp-json\/wp\/v2\/posts\/11287\/revisions"}],"wp:featuredmedia":[{"embeddable":true,"href":"https:\/\/crb1.org.br\/site\/wp-json\/wp\/v2\/media\/11289"}],"wp:attachment":[{"href":"https:\/\/crb1.org.br\/site\/wp-json\/wp\/v2\/media?parent=11287"}],"wp:term":[{"taxonomy":"category","embeddable":true,"href":"https:\/\/crb1.org.br\/site\/wp-json\/wp\/v2\/categories?post=11287"},{"taxonomy":"post_tag","embeddable":true,"href":"https:\/\/crb1.org.br\/site\/wp-json\/wp\/v2\/tags?post=11287"}],"curies":[{"name":"wp","href":"https:\/\/api.w.org\/{rel}","templated":true}]}}