{"id":11347,"date":"2025-08-21T07:00:27","date_gmt":"2025-08-21T10:00:27","guid":{"rendered":"https:\/\/crb1.org.br\/site\/?p=11347"},"modified":"2025-08-20T16:30:03","modified_gmt":"2025-08-20T19:30:03","slug":"crb-1-realiza-fiscalizacao-em-sobradinho-df","status":"publish","type":"post","link":"https:\/\/crb1.org.br\/site\/2025\/08\/crb-1-realiza-fiscalizacao-em-sobradinho-df\/","title":{"rendered":"CRB-1 realiza fiscaliza\u00e7\u00e3o em Sobradinho\/DF"},"content":{"rendered":"<p data-renderer-start-pos=\"46\">Entre os dias 06 e 08 de agosto de 2025, o Conselho Regional de Biblioteconomia da 1\u00aa Regi\u00e3o (CRB-1) realizou a\u00e7\u00f5es de fiscaliza\u00e7\u00e3o na Regi\u00e3o Administrativa de Sobradinho (DF). As visitas foram conduzidas pela bibliotec\u00e1ria fiscal Gabriela Freitas, com o objetivo de verificar o cumprimento da legisla\u00e7\u00e3o que regulamenta a profiss\u00e3o de bibliotec\u00e1rio e o funcionamento das bibliotecas.<\/p>\n<p data-renderer-start-pos=\"432\">Durante o per\u00edodo, foram realizadas <strong data-renderer-mark=\"true\">10 visitas<\/strong> a institui\u00e7\u00f5es locais, que apresentaram os seguintes resultados:<\/p>\n<ul class=\"ak-ul\" data-indent-level=\"1\">\n<li>\n<p data-renderer-start-pos=\"547\">6 institui\u00e7\u00f5es estavam regulares, com bibliotecas e bibliotec\u00e1rio respons\u00e1vel;<\/p>\n<\/li>\n<li>\n<p data-renderer-start-pos=\"629\">2 institui\u00e7\u00f5es estavam irregulares, por n\u00e3o possu\u00edrem bibliotec\u00e1rio;<\/p>\n<\/li>\n<li>\n<p data-renderer-start-pos=\"701\">2 institui\u00e7\u00f5es n\u00e3o possu\u00edam biblioteca;<\/p>\n<\/li>\n<\/ul>\n<p data-renderer-start-pos=\"744\">Foram lavrados 2 autos de infra\u00e7\u00e3o.<\/p>\n<p data-renderer-start-pos=\"781\">Com esse trabalho, o CRB-1 refor\u00e7a seu compromisso em promover a valoriza\u00e7\u00e3o da Biblioteconomia e assegurar \u00e0 sociedade o acesso a servi\u00e7os bibliotec\u00e1rios de qualidade.<\/p>\n<p data-renderer-start-pos=\"951\">Conselho Regional de Biblioteconomia da 1\u00aa Regi\u00e3o<\/p>\n","protected":false},"excerpt":{"rendered":"<p>Entre os dias 06 e 08 de agosto de 2025, o Conselho Regional de Biblioteconomia da 1\u00aa Regi\u00e3o (CRB-1) realizou a\u00e7\u00f5es de fiscaliza\u00e7\u00e3o na Regi\u00e3o Administrativa de Sobradinho (DF). As visitas foram conduzidas pela bibliotec\u00e1ria fiscal Gabriela Freitas, com o objetivo de verificar o cumprimento da legisla\u00e7\u00e3o que regulamenta a profiss\u00e3o de bibliotec\u00e1rio e o [&hellip;]<\/p>\n","protected":false},"author":2,"featured_media":11348,"comment_status":"closed","ping_status":"closed","sticky":false,"template":"","format":"standard","meta":{"site-sidebar-layout":"default","site-content-layout":"","ast-site-content-layout":"default","site-content-style":"default","site-sidebar-style":"default","ast-global-header-display":"","ast-banner-title-visibility":"","ast-main-header-display":"","ast-hfb-above-header-display":"","ast-hfb-below-header-display":"","ast-hfb-mobile-header-display":"","site-post-title":"","ast-breadcrumbs-content":"","ast-featured-img":"","footer-sml-layout":"","ast-disable-related-posts":"","theme-transparent-header-meta":"default","adv-header-id-meta":"","stick-header-meta":"","header-above-stick-meta":"","header-main-stick-meta":"","header-below-stick-meta":"","astra-migrate-meta-layouts":"set","ast-page-background-enabled":"default","ast-page-background-meta":{"desktop":{"background-color":"","background-image":"","background-repeat":"repeat","background-position":"center center","background-size":"auto","background-attachment":"scroll","background-type":"","background-media":"","overlay-type":"","overlay-color":"","overlay-opacity":"","overlay-gradient":""},"tablet":{"background-color":"","background-image":"","background-repeat":"repeat","background-position":"center center","background-size":"auto","background-attachment":"scroll","background-type":"","background-media":"","overlay-type":"","overlay-color":"","overlay-opacity":"","overlay-gradient":""},"mobile":{"background-color":"","background-image":"","background-repeat":"repeat","background-position":"center center","background-size":"auto","background-attachment":"scroll","background-type":"","background-media":"","overlay-type":"","overlay-color":"","overlay-opacity":"","overlay-gradient":""}},"ast-content-background-meta":{"desktop":{"background-color":"var(--ast-global-color-5)","background-image":"","background-repeat":"repeat","background-position":"center center","background-size":"auto","background-attachment":"scroll","background-type":"","background-media":"","overlay-type":"","overlay-color":"","overlay-opacity":"","overlay-gradient":""},"tablet":{"background-color":"var(--ast-global-color-5)","background-image":"","background-repeat":"repeat","background-position":"center center","background-size":"auto","background-attachment":"scroll","background-type":"","background-media":"","overlay-type":"","overlay-color":"","overlay-opacity":"","overlay-gradient":""},"mobile":{"background-color":"var(--ast-global-color-5)","background-image":"","background-repeat":"repeat","background-position":"center center","background-size":"auto","background-attachment":"scroll","background-type":"","background-media":"","overlay-type":"","overlay-color":"","overlay-opacity":"","overlay-gradient":""}},"footnotes":""},"categories":[1],"tags":[],"class_list":["post-11347","post","type-post","status-publish","format-standard","has-post-thumbnail","hentry","category-noticias"],"_links":{"self":[{"href":"https:\/\/crb1.org.br\/site\/wp-json\/wp\/v2\/posts\/11347","targetHints":{"allow":["GET"]}}],"collection":[{"href":"https:\/\/crb1.org.br\/site\/wp-json\/wp\/v2\/posts"}],"about":[{"href":"https:\/\/crb1.org.br\/site\/wp-json\/wp\/v2\/types\/post"}],"author":[{"embeddable":true,"href":"https:\/\/crb1.org.br\/site\/wp-json\/wp\/v2\/users\/2"}],"replies":[{"embeddable":true,"href":"https:\/\/crb1.org.br\/site\/wp-json\/wp\/v2\/comments?post=11347"}],"version-history":[{"count":0,"href":"https:\/\/crb1.org.br\/site\/wp-json\/wp\/v2\/posts\/11347\/revisions"}],"wp:featuredmedia":[{"embeddable":true,"href":"https:\/\/crb1.org.br\/site\/wp-json\/wp\/v2\/media\/11348"}],"wp:attachment":[{"href":"https:\/\/crb1.org.br\/site\/wp-json\/wp\/v2\/media?parent=11347"}],"wp:term":[{"taxonomy":"category","embeddable":true,"href":"https:\/\/crb1.org.br\/site\/wp-json\/wp\/v2\/categories?post=11347"},{"taxonomy":"post_tag","embeddable":true,"href":"https:\/\/crb1.org.br\/site\/wp-json\/wp\/v2\/tags?post=11347"}],"curies":[{"name":"wp","href":"https:\/\/api.w.org\/{rel}","templated":true}]}}