{"id":11363,"date":"2025-09-12T08:29:58","date_gmt":"2025-09-12T11:29:58","guid":{"rendered":"https:\/\/crb1.org.br\/site\/?p=11363"},"modified":"2025-09-12T08:29:58","modified_gmt":"2025-09-12T11:29:58","slug":"camara-dos-deputados-autoriza-concurso-para-bibliotecarios-e-arquivistas","status":"publish","type":"post","link":"https:\/\/crb1.org.br\/site\/2025\/09\/camara-dos-deputados-autoriza-concurso-para-bibliotecarios-e-arquivistas\/","title":{"rendered":"C\u00e2mara dos Deputados autoriza concurso para bibliotec\u00e1rios e arquivistas"},"content":{"rendered":"<p data-renderer-start-pos=\"75\">\u00daltimo concurso para os cargos foi realizado h\u00e1 18 anos<\/p>\n<p data-renderer-start-pos=\"132\">Na \u00faltima quinta-feira (11), a C\u00e2mara dos Deputados publicou, em edi\u00e7\u00e3o extra do Di\u00e1rio da C\u00e2mara dos Deputados, a autoriza\u00e7\u00e3o para a realiza\u00e7\u00e3o de concurso p\u00fablico para o cargo Analista Legislativo &#8211; Documenta\u00e7\u00e3o e Informa\u00e7\u00e3o Legislativa, que abrange profissionais formados em Biblioteconomia e Arquivologia.<\/p>\n<p data-renderer-start-pos=\"443\">O quantitativo de vagas dispon\u00edveis para cada uma das atribui\u00e7\u00f5es ainda n\u00e3o foi divulgado, o que deve ocorrer no edital de lan\u00e7amento do certame, ainda sem data marcada.<\/p>\n<p data-renderer-start-pos=\"614\">Ressalta-se que o \u00faltimo concurso para provimento de vagas de bibliotec\u00e1rios realizado pela C\u00e2mara Federal ocorreu em 2007. De tal maneira, a autoriza\u00e7\u00e3o do certame \u00e9 uma vit\u00f3ria para a categoria, considerando a tradi\u00e7\u00e3o secular do Centro de Documenta\u00e7\u00e3o e Informa\u00e7\u00e3o da C\u00e2mara dos Deputados, al\u00e9m de representar o fortalecimento da Biblioteconomia do Centro-Oeste. O CRB-1 deseja sucesso a todos e todas que participarem da sele\u00e7\u00e3o.<\/p>\n","protected":false},"excerpt":{"rendered":"<p>\u00daltimo concurso para os cargos foi realizado h\u00e1 18 anos Na \u00faltima quinta-feira (11), a C\u00e2mara dos Deputados publicou, em edi\u00e7\u00e3o extra do Di\u00e1rio da C\u00e2mara dos Deputados, a autoriza\u00e7\u00e3o para a realiza\u00e7\u00e3o de concurso p\u00fablico para o cargo Analista Legislativo &#8211; Documenta\u00e7\u00e3o e Informa\u00e7\u00e3o Legislativa, que abrange profissionais formados em Biblioteconomia e Arquivologia. O [&hellip;]<\/p>\n","protected":false},"author":2,"featured_media":11364,"comment_status":"closed","ping_status":"closed","sticky":false,"template":"","format":"standard","meta":{"site-sidebar-layout":"default","site-content-layout":"","ast-site-content-layout":"default","site-content-style":"default","site-sidebar-style":"default","ast-global-header-display":"","ast-banner-title-visibility":"","ast-main-header-display":"","ast-hfb-above-header-display":"","ast-hfb-below-header-display":"","ast-hfb-mobile-header-display":"","site-post-title":"","ast-breadcrumbs-content":"","ast-featured-img":"","footer-sml-layout":"","ast-disable-related-posts":"","theme-transparent-header-meta":"default","adv-header-id-meta":"","stick-header-meta":"","header-above-stick-meta":"","header-main-stick-meta":"","header-below-stick-meta":"","astra-migrate-meta-layouts":"set","ast-page-background-enabled":"default","ast-page-background-meta":{"desktop":{"background-color":"","background-image":"","background-repeat":"repeat","background-position":"center center","background-size":"auto","background-attachment":"scroll","background-type":"","background-media":"","overlay-type":"","overlay-color":"","overlay-opacity":"","overlay-gradient":""},"tablet":{"background-color":"","background-image":"","background-repeat":"repeat","background-position":"center center","background-size":"auto","background-attachment":"scroll","background-type":"","background-media":"","overlay-type":"","overlay-color":"","overlay-opacity":"","overlay-gradient":""},"mobile":{"background-color":"","background-image":"","background-repeat":"repeat","background-position":"center center","background-size":"auto","background-attachment":"scroll","background-type":"","background-media":"","overlay-type":"","overlay-color":"","overlay-opacity":"","overlay-gradient":""}},"ast-content-background-meta":{"desktop":{"background-color":"var(--ast-global-color-5)","background-image":"","background-repeat":"repeat","background-position":"center center","background-size":"auto","background-attachment":"scroll","background-type":"","background-media":"","overlay-type":"","overlay-color":"","overlay-opacity":"","overlay-gradient":""},"tablet":{"background-color":"var(--ast-global-color-5)","background-image":"","background-repeat":"repeat","background-position":"center center","background-size":"auto","background-attachment":"scroll","background-type":"","background-media":"","overlay-type":"","overlay-color":"","overlay-opacity":"","overlay-gradient":""},"mobile":{"background-color":"var(--ast-global-color-5)","background-image":"","background-repeat":"repeat","background-position":"center center","background-size":"auto","background-attachment":"scroll","background-type":"","background-media":"","overlay-type":"","overlay-color":"","overlay-opacity":"","overlay-gradient":""}},"footnotes":""},"categories":[1],"tags":[],"class_list":["post-11363","post","type-post","status-publish","format-standard","has-post-thumbnail","hentry","category-noticias"],"_links":{"self":[{"href":"https:\/\/crb1.org.br\/site\/wp-json\/wp\/v2\/posts\/11363","targetHints":{"allow":["GET"]}}],"collection":[{"href":"https:\/\/crb1.org.br\/site\/wp-json\/wp\/v2\/posts"}],"about":[{"href":"https:\/\/crb1.org.br\/site\/wp-json\/wp\/v2\/types\/post"}],"author":[{"embeddable":true,"href":"https:\/\/crb1.org.br\/site\/wp-json\/wp\/v2\/users\/2"}],"replies":[{"embeddable":true,"href":"https:\/\/crb1.org.br\/site\/wp-json\/wp\/v2\/comments?post=11363"}],"version-history":[{"count":0,"href":"https:\/\/crb1.org.br\/site\/wp-json\/wp\/v2\/posts\/11363\/revisions"}],"wp:featuredmedia":[{"embeddable":true,"href":"https:\/\/crb1.org.br\/site\/wp-json\/wp\/v2\/media\/11364"}],"wp:attachment":[{"href":"https:\/\/crb1.org.br\/site\/wp-json\/wp\/v2\/media?parent=11363"}],"wp:term":[{"taxonomy":"category","embeddable":true,"href":"https:\/\/crb1.org.br\/site\/wp-json\/wp\/v2\/categories?post=11363"},{"taxonomy":"post_tag","embeddable":true,"href":"https:\/\/crb1.org.br\/site\/wp-json\/wp\/v2\/tags?post=11363"}],"curies":[{"name":"wp","href":"https:\/\/api.w.org\/{rel}","templated":true}]}}