{"id":11560,"date":"2025-12-17T10:33:35","date_gmt":"2025-12-17T13:33:35","guid":{"rendered":"https:\/\/crb1.org.br\/site\/?p=11560"},"modified":"2025-12-17T10:33:35","modified_gmt":"2025-12-17T13:33:35","slug":"tcdf-recomenda-ampliacao-de-bibliotecarios-e-universalizacao-de-bibliotecas-na-rede-publica-do-df","status":"publish","type":"post","link":"https:\/\/crb1.org.br\/site\/2025\/12\/tcdf-recomenda-ampliacao-de-bibliotecarios-e-universalizacao-de-bibliotecas-na-rede-publica-do-df\/","title":{"rendered":"TCDF recomenda amplia\u00e7\u00e3o de bibliotec\u00e1rios e universaliza\u00e7\u00e3o de bibliotecas na rede p\u00fablica do DF"},"content":{"rendered":"<p data-renderer-start-pos=\"100\">O Tribunal de Contas do Distrito Federal (TCDF) decidiu, por unanimidade, considerar parcialmente procedente a representa\u00e7\u00e3o apresentada pelo deputado distrital Gabriel Magno (PT\/DF) que questiona supostas irregularidades no exerc\u00edcio da profiss\u00e3o de bibliotec\u00e1rio nas institui\u00e7\u00f5es de ensino da rede p\u00fablica do Distrito Federal. A decis\u00e3o consta no Processo n\u00ba 00600-00015380\/2024-94-e e foi publicada no Di\u00e1rio Oficial do Distrito Federal, por meio da Decis\u00e3o n\u00ba 4716\/2025.<\/p>\n<p data-renderer-start-pos=\"576\">No julgamento, o Tribunal acolheu documentos encaminhados pela Secretaria de Estado de Educa\u00e7\u00e3o do Distrito Federal (SEE\/DF), incluindo of\u00edcios, informa\u00e7\u00f5es t\u00e9cnicas e pareceres, e reconheceu a necessidade de avan\u00e7os estruturais na pol\u00edtica de bibliotecas escolares da rede p\u00fablica.<\/p>\n<p data-renderer-start-pos=\"860\">Como encaminhamento, o TCDF recomendou que a SEE\/DF adote medidas para a amplia\u00e7\u00e3o gradual do quadro de Gestores em Pol\u00edticas P\u00fablicas e Gest\u00e3o Educacional com forma\u00e7\u00e3o em Biblioteconomia, visando o fortalecimento da atua\u00e7\u00e3o profissional nas unidades de ensino. Tamb\u00e9m foi recomendada a atualiza\u00e7\u00e3o da Portaria SEE n\u00ba 380\/2018, de modo a compatibiliz\u00e1-la com as normas que regulam o exerc\u00edcio da profiss\u00e3o de bibliotec\u00e1rio.<\/p>\n<p data-renderer-start-pos=\"1285\">Outro ponto destacado na decis\u00e3o \u00e9 a necessidade de universaliza\u00e7\u00e3o das bibliotecas nas escolas da rede p\u00fablica do Distrito Federal, refor\u00e7ando o papel desses espa\u00e7os no processo educativo e no acesso \u00e0 informa\u00e7\u00e3o. Al\u00e9m disso, o Tribunal determinou que a Secretaria-Geral de Controle Externo (SEGECEX) inclua o tema \u201cimplanta\u00e7\u00e3o, funcionamento e utiliza\u00e7\u00e3o de bibliotecas escolares\u201d no pr\u00f3ximo ciclo de elabora\u00e7\u00e3o do Plano Geral de Fiscaliza\u00e7\u00e3o, conforme a metodologia de seletividade e prioriza\u00e7\u00e3o vigente.<\/p>\n<p data-renderer-start-pos=\"1794\">A decis\u00e3o prev\u00ea ainda a comunica\u00e7\u00e3o formal do resultado ao deputado distrital Gabriel Magno e \u00e0 Secretaria de Educa\u00e7\u00e3o do DF. Ap\u00f3s as provid\u00eancias cab\u00edveis, os autos retornar\u00e3o \u00e0 Secretaria de Acompanhamento para posterior arquivamento.<\/p>\n<p data-renderer-start-pos=\"2032\">A delibera\u00e7\u00e3o do TCDF refor\u00e7a a import\u00e2ncia das bibliotecas escolares e da atua\u00e7\u00e3o de bibliotec\u00e1rios qualificados na garantia do direito \u00e0 educa\u00e7\u00e3o e ao acesso \u00e0 informa\u00e7\u00e3o no \u00e2mbito da rede p\u00fablica de ensino do Distrito Federal.<\/p>\n<p data-renderer-start-pos=\"2263\"><em data-renderer-mark=\"true\"><strong data-renderer-mark=\"true\">Conselho Regional de Biblioteconomia da 1\u00aa Regi\u00e3o<\/strong><\/em><\/p>\n","protected":false},"excerpt":{"rendered":"<p>O Tribunal de Contas do Distrito Federal (TCDF) decidiu, por unanimidade, considerar parcialmente procedente a representa\u00e7\u00e3o apresentada pelo deputado distrital Gabriel Magno (PT\/DF) que questiona supostas irregularidades no exerc\u00edcio da profiss\u00e3o de bibliotec\u00e1rio nas institui\u00e7\u00f5es de ensino da rede p\u00fablica do Distrito Federal. A decis\u00e3o consta no Processo n\u00ba 00600-00015380\/2024-94-e e foi publicada no Di\u00e1rio [&hellip;]<\/p>\n","protected":false},"author":2,"featured_media":11562,"comment_status":"closed","ping_status":"closed","sticky":false,"template":"","format":"standard","meta":{"site-sidebar-layout":"default","site-content-layout":"","ast-site-content-layout":"default","site-content-style":"default","site-sidebar-style":"default","ast-global-header-display":"","ast-banner-title-visibility":"","ast-main-header-display":"","ast-hfb-above-header-display":"","ast-hfb-below-header-display":"","ast-hfb-mobile-header-display":"","site-post-title":"","ast-breadcrumbs-content":"","ast-featured-img":"","footer-sml-layout":"","ast-disable-related-posts":"","theme-transparent-header-meta":"default","adv-header-id-meta":"","stick-header-meta":"","header-above-stick-meta":"","header-main-stick-meta":"","header-below-stick-meta":"","astra-migrate-meta-layouts":"set","ast-page-background-enabled":"default","ast-page-background-meta":{"desktop":{"background-color":"","background-image":"","background-repeat":"repeat","background-position":"center center","background-size":"auto","background-attachment":"scroll","background-type":"","background-media":"","overlay-type":"","overlay-color":"","overlay-opacity":"","overlay-gradient":""},"tablet":{"background-color":"","background-image":"","background-repeat":"repeat","background-position":"center center","background-size":"auto","background-attachment":"scroll","background-type":"","background-media":"","overlay-type":"","overlay-color":"","overlay-opacity":"","overlay-gradient":""},"mobile":{"background-color":"","background-image":"","background-repeat":"repeat","background-position":"center center","background-size":"auto","background-attachment":"scroll","background-type":"","background-media":"","overlay-type":"","overlay-color":"","overlay-opacity":"","overlay-gradient":""}},"ast-content-background-meta":{"desktop":{"background-color":"var(--ast-global-color-5)","background-image":"","background-repeat":"repeat","background-position":"center center","background-size":"auto","background-attachment":"scroll","background-type":"","background-media":"","overlay-type":"","overlay-color":"","overlay-opacity":"","overlay-gradient":""},"tablet":{"background-color":"var(--ast-global-color-5)","background-image":"","background-repeat":"repeat","background-position":"center center","background-size":"auto","background-attachment":"scroll","background-type":"","background-media":"","overlay-type":"","overlay-color":"","overlay-opacity":"","overlay-gradient":""},"mobile":{"background-color":"var(--ast-global-color-5)","background-image":"","background-repeat":"repeat","background-position":"center center","background-size":"auto","background-attachment":"scroll","background-type":"","background-media":"","overlay-type":"","overlay-color":"","overlay-opacity":"","overlay-gradient":""}},"footnotes":""},"categories":[1],"tags":[],"class_list":["post-11560","post","type-post","status-publish","format-standard","has-post-thumbnail","hentry","category-noticias"],"_links":{"self":[{"href":"https:\/\/crb1.org.br\/site\/wp-json\/wp\/v2\/posts\/11560","targetHints":{"allow":["GET"]}}],"collection":[{"href":"https:\/\/crb1.org.br\/site\/wp-json\/wp\/v2\/posts"}],"about":[{"href":"https:\/\/crb1.org.br\/site\/wp-json\/wp\/v2\/types\/post"}],"author":[{"embeddable":true,"href":"https:\/\/crb1.org.br\/site\/wp-json\/wp\/v2\/users\/2"}],"replies":[{"embeddable":true,"href":"https:\/\/crb1.org.br\/site\/wp-json\/wp\/v2\/comments?post=11560"}],"version-history":[{"count":1,"href":"https:\/\/crb1.org.br\/site\/wp-json\/wp\/v2\/posts\/11560\/revisions"}],"predecessor-version":[{"id":11561,"href":"https:\/\/crb1.org.br\/site\/wp-json\/wp\/v2\/posts\/11560\/revisions\/11561"}],"wp:featuredmedia":[{"embeddable":true,"href":"https:\/\/crb1.org.br\/site\/wp-json\/wp\/v2\/media\/11562"}],"wp:attachment":[{"href":"https:\/\/crb1.org.br\/site\/wp-json\/wp\/v2\/media?parent=11560"}],"wp:term":[{"taxonomy":"category","embeddable":true,"href":"https:\/\/crb1.org.br\/site\/wp-json\/wp\/v2\/categories?post=11560"},{"taxonomy":"post_tag","embeddable":true,"href":"https:\/\/crb1.org.br\/site\/wp-json\/wp\/v2\/tags?post=11560"}],"curies":[{"name":"wp","href":"https:\/\/api.w.org\/{rel}","templated":true}]}}