{"id":11575,"date":"2025-12-19T20:41:53","date_gmt":"2025-12-19T23:41:53","guid":{"rendered":"https:\/\/crb1.org.br\/site\/?p=11575"},"modified":"2025-12-19T20:41:53","modified_gmt":"2025-12-19T23:41:53","slug":"oportunidade-concurso-no-mato-grosso-do-sul","status":"publish","type":"post","link":"https:\/\/crb1.org.br\/site\/2025\/12\/oportunidade-concurso-no-mato-grosso-do-sul\/","title":{"rendered":"Oportunidade &#8211; Concurso no Mato Grosso do Sul"},"content":{"rendered":"<p data-renderer-start-pos=\"33\">A Assembleia Legislativa de Mato Grosso do Sul publica edital de Concurso P\u00fablico, com 1 vaga e CR para Bibliotec\u00e1ria (o).<\/p>\n<p data-renderer-start-pos=\"157\">A Assembleia Legislativa de Mato Grosso do Sul publica edital de Concurso P\u00fablico, com 1 vaga e CR para Bibliotec\u00e1ria(o). Confira as informa\u00e7\u00f5es abaixo:<\/p>\n<p data-renderer-start-pos=\"311\">Cargo: Bibliotec\u00e1rio(a);<br \/>\nLocal de atua\u00e7\u00e3o: Campo Grande &#8211; MS<br \/>\nRemunera\u00e7\u00e3o: R$ 8.030,65 (sal\u00e1rio base + encargos do cargo)<br \/>\nCarga hor\u00e1ria semanal: 40h<br \/>\nPer\u00edodo de Inscri\u00e7\u00f5es: 12\/01\/2026 a 02\/02\/2026<\/p>\n<p data-renderer-start-pos=\"508\">Link para inscri\u00e7\u00f5es: <span data-inline-card=\"true\" data-card-url=\"https:\/\/www.concursosfcc.com.br\/concursos\/alems125\/index.html\"><span class=\"loader-wrapper\"><a class=\"_1yt4x7n9 _2rko12b0 _v56415x0 _1e0c1nu9 _16d9qvcn _syaz1y58 _1rkwglyw _4cvxmr28 _19it1x13 _bfhkhp5a _1a3b1r31 _4fprglyw _5goinqa1 _9oik1r31 _1bnxglyw _jf4cnqa1 _1nrm1r31 _c2waglyw _1iohnqa1 _uizt1kdv _nt751r31 _49pcglyw _1hvw1o36 _1372tlke _7ehicw00 _1j5pglyw _1di629zg\" tabindex=\"0\" role=\"button\" href=\"https:\/\/www.concursosfcc.com.br\/concursos\/alems125\/index.html\" target=\"_blank\" rel=\"noopener\" data-testid=\"inline-card-resolved-view\"><span class=\"_19itglyw _vchhusvi _r06hglyw _o5721jtm _1nmz9jpi _16d9qvcn _ca0qv77o _u5f31b66 _n3tdv77o _19bv1b66\" data-testid=\"inline-card-icon-and-title\"><span class=\"_19itglyw _vchhusvi _r06hglyw _1e0c1o8l _2hwx1b66 _kqswh2mm\" data-testid=\"icon-position-wrapper\"><span class=\"_11c81o8v _2rkolb4i _1e0c116y _kqswstnw _2hwx1b66 _4t3i7vkz _1bsb7vkz _154i1ssb _1ltv1ssb _t9ec1ooe _uiztglyw\" data-testid=\"icon-wrapper\"><img decoding=\"async\" class=\"_c71l7vkz _p12f7vkz _1bsb1osq\" src=\"https:\/\/www.concursosfcc.com.br\/favicon.ico\" alt=\"\" data-testid=\"inline-card-icon-and-title-image\" \/><\/span><\/span><span class=\"_19itglyw _vchhusvi _r06hglyw\">FCC &#8211; Assembleia Legislativa de Mato Grosso do Sul<\/span><\/span><\/a><\/span><\/span><\/p>\n","protected":false},"excerpt":{"rendered":"<p>A Assembleia Legislativa de Mato Grosso do Sul publica edital de Concurso P\u00fablico, com 1 vaga e CR para Bibliotec\u00e1ria (o). A Assembleia Legislativa de Mato Grosso do Sul publica edital de Concurso P\u00fablico, com 1 vaga e CR para Bibliotec\u00e1ria(o). Confira as informa\u00e7\u00f5es abaixo: Cargo: Bibliotec\u00e1rio(a); Local de atua\u00e7\u00e3o: Campo Grande &#8211; MS Remunera\u00e7\u00e3o: [&hellip;]<\/p>\n","protected":false},"author":2,"featured_media":11576,"comment_status":"closed","ping_status":"closed","sticky":false,"template":"","format":"standard","meta":{"site-sidebar-layout":"default","site-content-layout":"","ast-site-content-layout":"default","site-content-style":"default","site-sidebar-style":"default","ast-global-header-display":"","ast-banner-title-visibility":"","ast-main-header-display":"","ast-hfb-above-header-display":"","ast-hfb-below-header-display":"","ast-hfb-mobile-header-display":"","site-post-title":"","ast-breadcrumbs-content":"","ast-featured-img":"","footer-sml-layout":"","ast-disable-related-posts":"","theme-transparent-header-meta":"default","adv-header-id-meta":"","stick-header-meta":"","header-above-stick-meta":"","header-main-stick-meta":"","header-below-stick-meta":"","astra-migrate-meta-layouts":"set","ast-page-background-enabled":"default","ast-page-background-meta":{"desktop":{"background-color":"","background-image":"","background-repeat":"repeat","background-position":"center center","background-size":"auto","background-attachment":"scroll","background-type":"","background-media":"","overlay-type":"","overlay-color":"","overlay-opacity":"","overlay-gradient":""},"tablet":{"background-color":"","background-image":"","background-repeat":"repeat","background-position":"center center","background-size":"auto","background-attachment":"scroll","background-type":"","background-media":"","overlay-type":"","overlay-color":"","overlay-opacity":"","overlay-gradient":""},"mobile":{"background-color":"","background-image":"","background-repeat":"repeat","background-position":"center center","background-size":"auto","background-attachment":"scroll","background-type":"","background-media":"","overlay-type":"","overlay-color":"","overlay-opacity":"","overlay-gradient":""}},"ast-content-background-meta":{"desktop":{"background-color":"var(--ast-global-color-5)","background-image":"","background-repeat":"repeat","background-position":"center center","background-size":"auto","background-attachment":"scroll","background-type":"","background-media":"","overlay-type":"","overlay-color":"","overlay-opacity":"","overlay-gradient":""},"tablet":{"background-color":"var(--ast-global-color-5)","background-image":"","background-repeat":"repeat","background-position":"center center","background-size":"auto","background-attachment":"scroll","background-type":"","background-media":"","overlay-type":"","overlay-color":"","overlay-opacity":"","overlay-gradient":""},"mobile":{"background-color":"var(--ast-global-color-5)","background-image":"","background-repeat":"repeat","background-position":"center center","background-size":"auto","background-attachment":"scroll","background-type":"","background-media":"","overlay-type":"","overlay-color":"","overlay-opacity":"","overlay-gradient":""}},"footnotes":""},"categories":[22],"tags":[],"class_list":["post-11575","post","type-post","status-publish","format-standard","has-post-thumbnail","hentry","category-oportunidades"],"_links":{"self":[{"href":"https:\/\/crb1.org.br\/site\/wp-json\/wp\/v2\/posts\/11575","targetHints":{"allow":["GET"]}}],"collection":[{"href":"https:\/\/crb1.org.br\/site\/wp-json\/wp\/v2\/posts"}],"about":[{"href":"https:\/\/crb1.org.br\/site\/wp-json\/wp\/v2\/types\/post"}],"author":[{"embeddable":true,"href":"https:\/\/crb1.org.br\/site\/wp-json\/wp\/v2\/users\/2"}],"replies":[{"embeddable":true,"href":"https:\/\/crb1.org.br\/site\/wp-json\/wp\/v2\/comments?post=11575"}],"version-history":[{"count":1,"href":"https:\/\/crb1.org.br\/site\/wp-json\/wp\/v2\/posts\/11575\/revisions"}],"predecessor-version":[{"id":11577,"href":"https:\/\/crb1.org.br\/site\/wp-json\/wp\/v2\/posts\/11575\/revisions\/11577"}],"wp:featuredmedia":[{"embeddable":true,"href":"https:\/\/crb1.org.br\/site\/wp-json\/wp\/v2\/media\/11576"}],"wp:attachment":[{"href":"https:\/\/crb1.org.br\/site\/wp-json\/wp\/v2\/media?parent=11575"}],"wp:term":[{"taxonomy":"category","embeddable":true,"href":"https:\/\/crb1.org.br\/site\/wp-json\/wp\/v2\/categories?post=11575"},{"taxonomy":"post_tag","embeddable":true,"href":"https:\/\/crb1.org.br\/site\/wp-json\/wp\/v2\/tags?post=11575"}],"curies":[{"name":"wp","href":"https:\/\/api.w.org\/{rel}","templated":true}]}}