{"id":11651,"date":"2026-01-29T17:34:47","date_gmt":"2026-01-29T20:34:47","guid":{"rendered":"https:\/\/crb1.org.br\/site\/?p=11651"},"modified":"2026-04-01T08:50:41","modified_gmt":"2026-04-01T11:50:41","slug":"oportunidade-seduc-mt-abre-vagas-para-bibliotecario","status":"publish","type":"post","link":"https:\/\/crb1.org.br\/site\/2026\/01\/oportunidade-seduc-mt-abre-vagas-para-bibliotecario\/","title":{"rendered":"OPORTUNIDADE | SEDUC-MT abre vagas para Bibliotec\u00e1rio"},"content":{"rendered":"<p data-renderer-start-pos=\"56\">A Secretaria de Estado de Educa\u00e7\u00e3o de Mato Grosso (SEDUC-MT) publicou edital de concurso p\u00fablico com <strong data-renderer-mark=\"true\">14 vagas para o cargo de Bibliotec\u00e1rio<\/strong>, destinadas a profissionais com <strong data-renderer-mark=\"true\">forma\u00e7\u00e3o de n\u00edvel superior em Biblioteconomia<\/strong> e <strong data-renderer-mark=\"true\">registro ativo no Conselho Regional de Biblioteconomia da 1\u00aa Regi\u00e3o (CRB-1)<\/strong>.<\/p>\n<p data-renderer-start-pos=\"354\">\ud83d\udccc <strong data-renderer-mark=\"true\">Cargo:<\/strong> Bibliotec\u00e1rio<br \/>\n\ud83d\udccc <strong data-renderer-mark=\"true\">Vagas:<\/strong> 14<br \/>\n\ud83d\udccc <strong data-renderer-mark=\"true\">Escolaridade:<\/strong> N\u00edvel superior em Biblioteconomia<br \/>\n\ud83d\udccc <strong data-renderer-mark=\"true\">Requisito:<\/strong> <strong data-renderer-mark=\"true\">Registro ativo no CRB-1<\/strong><br \/>\n\ud83d\udccc <strong data-renderer-mark=\"true\">Remunera\u00e7\u00e3o:<\/strong> <strong data-renderer-mark=\"true\">R$ 7.845,50<\/strong><br \/>\n\ud83d\udccc <strong data-renderer-mark=\"true\">\u00d3rg\u00e3o:<\/strong> Secretaria de Estado de Educa\u00e7\u00e3o de Mato Grosso (SEDUC-MT)<\/p>\n<p data-renderer-start-pos=\"578\"><strong data-renderer-mark=\"true\">Per\u00edodo de inscri\u00e7\u00f5es:<\/strong><\/p>\n<p data-renderer-start-pos=\"602\">De <strong data-renderer-mark=\"true\">28\/01\/2026 at\u00e9 \u00e0s 23h59 do dia 06\/02\/2026<\/strong>, <strong data-renderer-mark=\"true\">exclusivamente via Sistema SIES<\/strong>.<\/p>\n<p data-renderer-start-pos=\"682\">A abertura dessas vagas representa um avan\u00e7o importante para o fortalecimento das bibliotecas escolares da rede estadual de ensino e para a valoriza\u00e7\u00e3o do exerc\u00edcio legal da profiss\u00e3o de bibliotec\u00e1rio.<\/p>\n<p data-renderer-start-pos=\"885\">O <strong data-renderer-mark=\"true\">CRB-1<\/strong> orienta que os profissionais interessados realizem a leitura atenta do edital, observando os requisitos, atribui\u00e7\u00f5es do cargo, etapas do certame e prazos estabelecidos.<\/p>\n<p data-renderer-start-pos=\"1063\">\ud83d\udd17 <strong data-renderer-mark=\"true\">Acesse o edital e as informa\u00e7\u00f5es sobre as inscri\u00e7\u00f5es:<\/strong><br \/>\n<a class=\"_ymio1r31 _ypr0glyw _zcxs1o36 _mizu194a _1ah3dkaa _ra3xnqa1 _128mdkaa _1cvmnqa1 _4davt94y _4bfu1r31 _1hms8stv _ajmmnqa1 _vchhusvi _kqswh2mm _syaz13af _ect41gqc _1a3b1r31 _4fpr8stv _5goinqa1 _f8pj13af _9oik1r31 _1bnxglyw _jf4cnqa1 _30l313af _1nrm1r31 _c2waglyw _1iohnqa1 _9h8h12zz _10531ra0 _1ien1ra0 _n0fx1ra0 _1vhv17z1\" title=\"https:\/\/concursosnobrasil.com\/concursos\/mt\/2026\/01\/27\/seduc-mt-publica-edital-de-nivel-superior-com-salarios-de-ate-r-78-mil\/\" href=\"https:\/\/concursosnobrasil.com\/concursos\/mt\/2026\/01\/27\/seduc-mt-publica-edital-de-nivel-superior-com-salarios-de-ate-r-78-mil\/\" data-renderer-mark=\"true\" data-is-router-link=\"false\" data-testid=\"link-with-safety\">https:\/\/concursosnobrasil.com\/concursos\/mt\/2026\/01\/27\/seduc-mt-publica-edital-de-nivel-superior-com-salarios-de-ate-r-78-mil\/<\/a><\/p>\n<p data-renderer-start-pos=\"1247\">A abertura dessas vagas ocorre em um contexto de acompanhamento e fiscaliza\u00e7\u00e3o realizados pelo <strong data-renderer-mark=\"true\">CRB-1<\/strong> quanto ao cumprimento das legisla\u00e7\u00f5es federais que determinam a presen\u00e7a de bibliotec\u00e1rios nas bibliotecas escolares.<\/p>\n<p data-renderer-start-pos=\"1467\">Em <strong data-renderer-mark=\"true\">2025<\/strong>, a SEDUC-MT solicitou amplia\u00e7\u00e3o de prazo para cumprimento das normas legais, alegando a necessidade de mapear as bibliotecas da rede estadual e revisar a <strong data-renderer-mark=\"true\">Portaria n\u00ba 1.138\/2024\/GS\/SEDUC\/MT<\/strong>. Em documenta\u00e7\u00e3o encaminhada em <strong data-renderer-mark=\"true\">5 de dezembro de 2025<\/strong>, a secretaria informou que, das <strong data-renderer-mark=\"true\">628 escolas da rede estadual<\/strong>, <strong data-renderer-mark=\"true\">452 possuem bibliotecas<\/strong> e <strong data-renderer-mark=\"true\">176 n\u00e3o disp\u00f5em desse equipamento<\/strong>. No entanto, n\u00e3o foram apresentados os nomes dos profissionais respons\u00e1veis pela gest\u00e3o dessas bibliotecas.<\/p>\n<p data-renderer-start-pos=\"1949\">Para o <strong data-renderer-mark=\"true\">CRB-1<\/strong>, a aus\u00eancia dessa informa\u00e7\u00e3o evidenciou que as bibliotecas n\u00e3o contavam com bibliotec\u00e1rios em seus quadros de pessoal, configurando <strong data-renderer-mark=\"true\">exerc\u00edcio ilegal da profiss\u00e3o<\/strong>, situa\u00e7\u00e3o que vinha sendo estimulada pela pr\u00f3pria administra\u00e7\u00e3o p\u00fablica. Diante disso, o Conselho entendeu que os prazos concedidos foram suficientes, indeferiu novo pedido de dila\u00e7\u00e3o e aplicou <strong data-renderer-mark=\"true\">multa correspondente a cinco anuidades de pessoa jur\u00eddica de direito p\u00fablico para cada uma das 452 bibliotecas<\/strong>, considerando como marco inicial da infra\u00e7\u00e3o a ci\u00eancia formal em 5 de dezembro de 2025.<\/p>\n<p data-renderer-start-pos=\"2518\">Nesse contexto, a abertura das vagas para bibliotec\u00e1rios na estrutura da SEDUC-MT configura-se como um <strong data-renderer-mark=\"true\">primeiro passo<\/strong> para a efetiva adequa\u00e7\u00e3o da rede estadual de ensino \u00e0s exig\u00eancias legais. O CRB-1 destaca que a medida representa um avan\u00e7o importante, mas que o trabalho de <strong data-renderer-mark=\"true\">fiscaliza\u00e7\u00e3o e acompanhamento continuar\u00e1<\/strong>.<\/p>\n<p data-renderer-start-pos=\"2837\">A expectativa do Conselho \u00e9 que, futuramente, <strong data-renderer-mark=\"true\">toda a rede estadual de educa\u00e7\u00e3o de Mato Grosso possa contar com bibliotec\u00e1rias e bibliotec\u00e1rios<\/strong>, assegurando o pleno funcionamento das bibliotecas escolares e fortalecendo a educa\u00e7\u00e3o, a democracia e a emancipa\u00e7\u00e3o das pessoas por meio do acesso qualificado \u00e0 informa\u00e7\u00e3o.<\/p>\n<p data-renderer-start-pos=\"3155\"><em data-renderer-mark=\"true\"><strong data-renderer-mark=\"true\">Conselho Regional de Biblioteconomia da 1\u00aa Regi\u00e3o<\/strong><\/em><\/p>\n","protected":false},"excerpt":{"rendered":"<p>A Secretaria de Estado de Educa\u00e7\u00e3o de Mato Grosso (SEDUC-MT) publicou edital de concurso p\u00fablico com 14 vagas para o cargo de Bibliotec\u00e1rio, destinadas a profissionais com forma\u00e7\u00e3o de n\u00edvel superior em Biblioteconomia e registro ativo no Conselho Regional de Biblioteconomia da 1\u00aa Regi\u00e3o (CRB-1). \ud83d\udccc Cargo: Bibliotec\u00e1rio \ud83d\udccc Vagas: 14 \ud83d\udccc Escolaridade: N\u00edvel superior [&hellip;]<\/p>\n","protected":false},"author":2,"featured_media":11652,"comment_status":"closed","ping_status":"closed","sticky":false,"template":"","format":"standard","meta":{"site-sidebar-layout":"default","site-content-layout":"","ast-site-content-layout":"default","site-content-style":"default","site-sidebar-style":"default","ast-global-header-display":"","ast-banner-title-visibility":"","ast-main-header-display":"","ast-hfb-above-header-display":"","ast-hfb-below-header-display":"","ast-hfb-mobile-header-display":"","site-post-title":"","ast-breadcrumbs-content":"","ast-featured-img":"","footer-sml-layout":"","ast-disable-related-posts":"","theme-transparent-header-meta":"default","adv-header-id-meta":"","stick-header-meta":"","header-above-stick-meta":"","header-main-stick-meta":"","header-below-stick-meta":"","astra-migrate-meta-layouts":"set","ast-page-background-enabled":"default","ast-page-background-meta":{"desktop":{"background-color":"","background-image":"","background-repeat":"repeat","background-position":"center center","background-size":"auto","background-attachment":"scroll","background-type":"","background-media":"","overlay-type":"","overlay-color":"","overlay-opacity":"","overlay-gradient":""},"tablet":{"background-color":"","background-image":"","background-repeat":"repeat","background-position":"center center","background-size":"auto","background-attachment":"scroll","background-type":"","background-media":"","overlay-type":"","overlay-color":"","overlay-opacity":"","overlay-gradient":""},"mobile":{"background-color":"","background-image":"","background-repeat":"repeat","background-position":"center center","background-size":"auto","background-attachment":"scroll","background-type":"","background-media":"","overlay-type":"","overlay-color":"","overlay-opacity":"","overlay-gradient":""}},"ast-content-background-meta":{"desktop":{"background-color":"var(--ast-global-color-5)","background-image":"","background-repeat":"repeat","background-position":"center center","background-size":"auto","background-attachment":"scroll","background-type":"","background-media":"","overlay-type":"","overlay-color":"","overlay-opacity":"","overlay-gradient":""},"tablet":{"background-color":"var(--ast-global-color-5)","background-image":"","background-repeat":"repeat","background-position":"center center","background-size":"auto","background-attachment":"scroll","background-type":"","background-media":"","overlay-type":"","overlay-color":"","overlay-opacity":"","overlay-gradient":""},"mobile":{"background-color":"var(--ast-global-color-5)","background-image":"","background-repeat":"repeat","background-position":"center center","background-size":"auto","background-attachment":"scroll","background-type":"","background-media":"","overlay-type":"","overlay-color":"","overlay-opacity":"","overlay-gradient":""}},"footnotes":""},"categories":[1],"tags":[],"class_list":["post-11651","post","type-post","status-publish","format-standard","has-post-thumbnail","hentry","category-noticias"],"_links":{"self":[{"href":"https:\/\/crb1.org.br\/site\/wp-json\/wp\/v2\/posts\/11651","targetHints":{"allow":["GET"]}}],"collection":[{"href":"https:\/\/crb1.org.br\/site\/wp-json\/wp\/v2\/posts"}],"about":[{"href":"https:\/\/crb1.org.br\/site\/wp-json\/wp\/v2\/types\/post"}],"author":[{"embeddable":true,"href":"https:\/\/crb1.org.br\/site\/wp-json\/wp\/v2\/users\/2"}],"replies":[{"embeddable":true,"href":"https:\/\/crb1.org.br\/site\/wp-json\/wp\/v2\/comments?post=11651"}],"version-history":[{"count":1,"href":"https:\/\/crb1.org.br\/site\/wp-json\/wp\/v2\/posts\/11651\/revisions"}],"predecessor-version":[{"id":11653,"href":"https:\/\/crb1.org.br\/site\/wp-json\/wp\/v2\/posts\/11651\/revisions\/11653"}],"wp:featuredmedia":[{"embeddable":true,"href":"https:\/\/crb1.org.br\/site\/wp-json\/wp\/v2\/media\/11652"}],"wp:attachment":[{"href":"https:\/\/crb1.org.br\/site\/wp-json\/wp\/v2\/media?parent=11651"}],"wp:term":[{"taxonomy":"category","embeddable":true,"href":"https:\/\/crb1.org.br\/site\/wp-json\/wp\/v2\/categories?post=11651"},{"taxonomy":"post_tag","embeddable":true,"href":"https:\/\/crb1.org.br\/site\/wp-json\/wp\/v2\/tags?post=11651"}],"curies":[{"name":"wp","href":"https:\/\/api.w.org\/{rel}","templated":true}]}}