{"id":11669,"date":"2026-04-01T08:40:13","date_gmt":"2026-04-01T11:40:13","guid":{"rendered":"https:\/\/crb1.org.br\/site\/?p=11669"},"modified":"2026-04-01T08:40:13","modified_gmt":"2026-04-01T11:40:13","slug":"crb-1-destaca-importancia-da-formacao-e-valorizacao-profissional-em-encontro-de-bibliotecas-no-mato-grosso","status":"publish","type":"post","link":"https:\/\/crb1.org.br\/site\/2026\/04\/crb-1-destaca-importancia-da-formacao-e-valorizacao-profissional-em-encontro-de-bibliotecas-no-mato-grosso\/","title":{"rendered":"CRB-1 destaca import\u00e2ncia da forma\u00e7\u00e3o e valoriza\u00e7\u00e3o profissional em encontro de bibliotecas no Mato Grosso"},"content":{"rendered":"<div class=\"KrBgDCJfHYWjiY\">\n<div>\n<div class=\"uilHrMFcZTKnuh\">\n<div class=\"ak-renderer-wrapper is-full-width css-1jke4yk\">\n<div class=\"css-1qv31hk\" role=\"none\">\n<div class=\"ak-renderer-document\">\n<p data-renderer-start-pos=\"109\">O Conselho Regional de Biblioteconomia da 1\u00aa Regi\u00e3o participou da cerim\u00f4nia de abertura do Encontro Presencial das Bibliotecas de Mato Grosso, realizado no estado de Mato Grosso, reunindo autoridades, profissionais da \u00e1rea e interessados no fortalecimento do livro, da leitura, da literatura e das bibliotecas.<\/p>\n<p data-renderer-start-pos=\"421\">O evento integra uma importante iniciativa de forma\u00e7\u00e3o voltada \u00e0 qualifica\u00e7\u00e3o de pessoas que atuam ou desejam atuar em bibliotecas, promovendo a troca de experi\u00eancias e o aprofundamento de conhecimentos sobre o papel social desses espa\u00e7os.<\/p>\n<p data-renderer-start-pos=\"662\">Representando o CRB-1, a vice-presidenta Valdeira Cardoso destacou, em sua fala, a relev\u00e2ncia de a\u00e7\u00f5es formativas para o desenvolvimento da \u00e1rea e o fortalecimento da profiss\u00e3o:<\/p>\n<blockquote>\n<p data-renderer-start-pos=\"842\"><em data-renderer-mark=\"true\">\u201c\u00c9 uma alegria participar deste encontro que tem como objetivo principal o fortalecimento do livro, leitura, literatura e biblioteca, e ver tantas pessoas interessadas em aprender sobre o universo das bibliotecas. Iniciativas de forma\u00e7\u00e3o como esta s\u00e3o extremamente importantes, porque ampliam o olhar sobre o papel das bibliotecas e das pessoas que trabalham para que elas existam e funcionem.<\/em><br \/>\n<em data-renderer-mark=\"true\">Ao mesmo tempo, \u00e9 importante lembrar que a atua\u00e7\u00e3o plena na \u00e1rea envolve uma forma\u00e7\u00e3o espec\u00edfica, que \u00e9 a gradua\u00e7\u00e3o em Biblioteconomia. \u00c9 ela que aprofunda conhecimentos t\u00e9cnicos, cient\u00edficos e \u00e9ticos necess\u00e1rios para o exerc\u00edcio profissional.<\/em><\/p>\n<p data-renderer-start-pos=\"1481\"><em data-renderer-mark=\"true\">Por isso, vejo este curso como uma porta de entrada. Um primeiro contato, um despertar. Minha esperan\u00e7a \u00e9 que, para muitos de voc\u00eas, esta experi\u00eancia seja tamb\u00e9m um est\u00edmulo para continuar caminhando, aprofundando os estudos e, quem sabe, para quem ainda n\u00e3o \u00e9 bibliotec\u00e1rio, futuramente escolher a Biblioteconomia como profiss\u00e3o.<\/em><\/p>\n<p data-renderer-start-pos=\"1813\"><em data-renderer-mark=\"true\">As bibliotecas precisam de pessoas comprometidas, curiosas e apaixonadas pelo conhecimento. E todo caminho come\u00e7a exatamente assim: com interesse, com forma\u00e7\u00e3o e com a decis\u00e3o de seguir aprendendo\u201d.<\/em><\/p>\n<\/blockquote>\n<p data-renderer-start-pos=\"2014\">A participa\u00e7\u00e3o do CRB-1 refor\u00e7a o compromisso institucional com a valoriza\u00e7\u00e3o da forma\u00e7\u00e3o em Biblioteconomia e com a promo\u00e7\u00e3o de iniciativas que incentivem a qualifica\u00e7\u00e3o profissional e o fortalecimento das bibliotecas como espa\u00e7os fundamentais para o acesso \u00e0 informa\u00e7\u00e3o, \u00e0 cultura e \u00e0 cidadania.<\/p>\n<p data-renderer-start-pos=\"2313\">O encontro evidencia o papel estrat\u00e9gico das bibliotecas e de seus profissionais na constru\u00e7\u00e3o de uma sociedade mais informada, cr\u00edtica e inclusiva.<\/p>\n<p data-renderer-start-pos=\"2463\"><em data-renderer-mark=\"true\"><strong data-renderer-mark=\"true\">Conselho Regional de Biblioteconomia da 1\u00aa Regi\u00e3o<\/strong><\/em><\/p>\n<\/div>\n<\/div>\n<\/div>\n<\/div>\n<\/div>\n<\/div>\n<p>&nbsp;<\/p>\n","protected":false},"excerpt":{"rendered":"<p>O Conselho Regional de Biblioteconomia da 1\u00aa Regi\u00e3o participou da cerim\u00f4nia de abertura do Encontro Presencial das Bibliotecas de Mato Grosso, realizado no estado de Mato Grosso, reunindo autoridades, profissionais da \u00e1rea e interessados no fortalecimento do livro, da leitura, da literatura e das bibliotecas. O evento integra uma importante iniciativa de forma\u00e7\u00e3o voltada \u00e0 [&hellip;]<\/p>\n","protected":false},"author":2,"featured_media":11672,"comment_status":"closed","ping_status":"closed","sticky":false,"template":"","format":"standard","meta":{"site-sidebar-layout":"default","site-content-layout":"","ast-site-content-layout":"default","site-content-style":"default","site-sidebar-style":"default","ast-global-header-display":"","ast-banner-title-visibility":"","ast-main-header-display":"","ast-hfb-above-header-display":"","ast-hfb-below-header-display":"","ast-hfb-mobile-header-display":"","site-post-title":"","ast-breadcrumbs-content":"","ast-featured-img":"","footer-sml-layout":"","ast-disable-related-posts":"","theme-transparent-header-meta":"default","adv-header-id-meta":"","stick-header-meta":"","header-above-stick-meta":"","header-main-stick-meta":"","header-below-stick-meta":"","astra-migrate-meta-layouts":"set","ast-page-background-enabled":"default","ast-page-background-meta":{"desktop":{"background-color":"","background-image":"","background-repeat":"repeat","background-position":"center center","background-size":"auto","background-attachment":"scroll","background-type":"","background-media":"","overlay-type":"","overlay-color":"","overlay-opacity":"","overlay-gradient":""},"tablet":{"background-color":"","background-image":"","background-repeat":"repeat","background-position":"center center","background-size":"auto","background-attachment":"scroll","background-type":"","background-media":"","overlay-type":"","overlay-color":"","overlay-opacity":"","overlay-gradient":""},"mobile":{"background-color":"","background-image":"","background-repeat":"repeat","background-position":"center center","background-size":"auto","background-attachment":"scroll","background-type":"","background-media":"","overlay-type":"","overlay-color":"","overlay-opacity":"","overlay-gradient":""}},"ast-content-background-meta":{"desktop":{"background-color":"var(--ast-global-color-5)","background-image":"","background-repeat":"repeat","background-position":"center center","background-size":"auto","background-attachment":"scroll","background-type":"","background-media":"","overlay-type":"","overlay-color":"","overlay-opacity":"","overlay-gradient":""},"tablet":{"background-color":"var(--ast-global-color-5)","background-image":"","background-repeat":"repeat","background-position":"center center","background-size":"auto","background-attachment":"scroll","background-type":"","background-media":"","overlay-type":"","overlay-color":"","overlay-opacity":"","overlay-gradient":""},"mobile":{"background-color":"var(--ast-global-color-5)","background-image":"","background-repeat":"repeat","background-position":"center center","background-size":"auto","background-attachment":"scroll","background-type":"","background-media":"","overlay-type":"","overlay-color":"","overlay-opacity":"","overlay-gradient":""}},"footnotes":""},"categories":[1],"tags":[],"class_list":["post-11669","post","type-post","status-publish","format-standard","has-post-thumbnail","hentry","category-noticias"],"_links":{"self":[{"href":"https:\/\/crb1.org.br\/site\/wp-json\/wp\/v2\/posts\/11669","targetHints":{"allow":["GET"]}}],"collection":[{"href":"https:\/\/crb1.org.br\/site\/wp-json\/wp\/v2\/posts"}],"about":[{"href":"https:\/\/crb1.org.br\/site\/wp-json\/wp\/v2\/types\/post"}],"author":[{"embeddable":true,"href":"https:\/\/crb1.org.br\/site\/wp-json\/wp\/v2\/users\/2"}],"replies":[{"embeddable":true,"href":"https:\/\/crb1.org.br\/site\/wp-json\/wp\/v2\/comments?post=11669"}],"version-history":[{"count":1,"href":"https:\/\/crb1.org.br\/site\/wp-json\/wp\/v2\/posts\/11669\/revisions"}],"predecessor-version":[{"id":11670,"href":"https:\/\/crb1.org.br\/site\/wp-json\/wp\/v2\/posts\/11669\/revisions\/11670"}],"wp:featuredmedia":[{"embeddable":true,"href":"https:\/\/crb1.org.br\/site\/wp-json\/wp\/v2\/media\/11672"}],"wp:attachment":[{"href":"https:\/\/crb1.org.br\/site\/wp-json\/wp\/v2\/media?parent=11669"}],"wp:term":[{"taxonomy":"category","embeddable":true,"href":"https:\/\/crb1.org.br\/site\/wp-json\/wp\/v2\/categories?post=11669"},{"taxonomy":"post_tag","embeddable":true,"href":"https:\/\/crb1.org.br\/site\/wp-json\/wp\/v2\/tags?post=11669"}],"curies":[{"name":"wp","href":"https:\/\/api.w.org\/{rel}","templated":true}]}}