{"id":11677,"date":"2026-04-01T08:43:12","date_gmt":"2026-04-01T11:43:12","guid":{"rendered":"https:\/\/crb1.org.br\/site\/?p=11677"},"modified":"2026-04-01T08:43:12","modified_gmt":"2026-04-01T11:43:12","slug":"crb-1-celebra-o-dia-da-bibliotecaria-e-do-bibliotecario-2026-com-programacao-voltada-a-cidadania-cultura-e-inclusao-social","status":"publish","type":"post","link":"https:\/\/crb1.org.br\/site\/2026\/04\/crb-1-celebra-o-dia-da-bibliotecaria-e-do-bibliotecario-2026-com-programacao-voltada-a-cidadania-cultura-e-inclusao-social\/","title":{"rendered":"CRB-1 celebra o Dia da Bibliotec\u00e1ria e do Bibliotec\u00e1rio 2026 com programa\u00e7\u00e3o voltada \u00e0 cidadania, cultura e inclus\u00e3o social"},"content":{"rendered":"<div class=\"KrBgDCJfHYWjiY\">\n<div>\n<div class=\"uilHrMFcZTKnuh\">\n<div class=\"ak-renderer-wrapper is-full-width css-1jke4yk\">\n<div class=\"css-1qv31hk\" role=\"none\">\n<div class=\"ak-renderer-document\">\n<p data-renderer-start-pos=\"128\">O Conselho Regional de Biblioteconomia da 1\u00aa Regi\u00e3o (CRB-1) realizou, no dia 27 de mar\u00e7o de 2026, a programa\u00e7\u00e3o oficial em comemora\u00e7\u00e3o ao Dia da Bibliotec\u00e1ria e do Bibliotec\u00e1rio, com o tema <em data-renderer-mark=\"true\"><strong data-renderer-mark=\"true\">\u201cBiblioCidadania: bibliotecas, cultura e a\u00e7\u00e3o social\u201d<\/strong><\/em>. O evento ocorreu na <strong data-renderer-mark=\"true\">Biblioteca Demonstrativa Maria da Concei\u00e7\u00e3o Moreira Salles (BDB)<\/strong>, em Bras\u00edlia, reunindo profissionais, estudantes e representantes do setor cultural.<\/p>\n<p data-renderer-start-pos=\"544\">A iniciativa contou com parcerias institucionais do Minist\u00e9rio da Cultura (MinC) e do Conselho Federal de Biblioteconomia (CFB), al\u00e9m do apoio da empresa Extramed.<\/p>\n<p data-renderer-start-pos=\"709\">A cerim\u00f4nia de abertura foi composta por Sebasti\u00e3o Lima Filho, coordenador da BDB; Johnathan Pereira Alves Diniz, presidente do CRB-1; e Dalgiza Andrade Oliveira, presidenta do CFB. Em sua fala, o presidente do CRB-1 destacou, de forma geral, a import\u00e2ncia do evento e o papel democr\u00e1tico das bibliotec\u00e1rias e dos bibliotec\u00e1rios no acesso e na media\u00e7\u00e3o da informa\u00e7\u00e3o, especialmente em tempos de avan\u00e7os da intelig\u00eancia artificial.<\/p>\n<p data-renderer-start-pos=\"1141\">A programa\u00e7\u00e3o teve in\u00edcio com a palestra magna <em data-renderer-mark=\"true\"><strong data-renderer-mark=\"true\">\u201cBiblioCidadania: bibliotecas, cultura e a\u00e7\u00e3o social\u201d<\/strong><\/em>, conduzida em formato de conversa entre as convidadas Marina Mara e Marmenha Maria Ribeiro do Ros\u00e1rio. O di\u00e1logo trouxe reflex\u00f5es sobre o papel das bibliotecas como espa\u00e7os de promo\u00e7\u00e3o da diversidade, inclus\u00e3o e acesso \u00e0 cultura, articulando pr\u00e1ticas liter\u00e1rias, pol\u00edticas p\u00fablicas e a\u00e7\u00f5es culturais.<\/p>\n<p data-renderer-start-pos=\"1544\">Na sequ\u00eancia, o CRB-1 realizou uma homenagem \u00e0 Biblioteca Demonstrativa de Bras\u00edlia e \u00e0 bibliotec\u00e1ria Marmenha Ros\u00e1rio, em reconhecimento \u00e0 sua relevante contribui\u00e7\u00e3o para o fortalecimento das bibliotecas p\u00fablicas e das pol\u00edticas culturais no Distrito Federal.<\/p>\n<p data-renderer-start-pos=\"1806\">Dando continuidade \u00e0 programa\u00e7\u00e3o, foi realizada a mesa de di\u00e1logo <em data-renderer-mark=\"true\">\u201cBibliotecas como espa\u00e7os de cidadania, cultura e inclus\u00e3o social\u201d<\/em>, com a participa\u00e7\u00e3o da professora doutora <em data-renderer-mark=\"true\"><strong data-renderer-mark=\"true\">Michelli Pereira da Costa (FCI\/UnB)<\/strong><\/em>, da assistente social <em data-renderer-mark=\"true\"><strong data-renderer-mark=\"true\">Maria Weila Co\u00ealho Almeida (SEEDF)<\/strong><\/em> e da bibliotec\u00e1ria <em data-renderer-mark=\"true\"><strong data-renderer-mark=\"true\">Tatiane de Oliveira Dias (ENAP)<\/strong><\/em>. O debate destacou experi\u00eancias interdisciplinares e evidenciou o papel das bibliotecas na promo\u00e7\u00e3o de direitos, no acesso \u00e0 informa\u00e7\u00e3o e na constru\u00e7\u00e3o de uma sociedade mais justa e inclusiva.<\/p>\n<p data-renderer-start-pos=\"2319\">O evento contou ainda com o momento do patrocinador, com participa\u00e7\u00e3o da Extramed, seguido de sorteio de brindes para o p\u00fablico presente.<\/p>\n<p data-renderer-start-pos=\"2458\">Encerrando a programa\u00e7\u00e3o, os participantes foram convidados para um momento de confraterniza\u00e7\u00e3o com roda de samba conduzida por <em data-renderer-mark=\"true\"><strong data-renderer-mark=\"true\">Kika Ribeiro<\/strong><\/em>, al\u00e9m de oferta de acaraj\u00e9 por <em data-renderer-mark=\"true\"><strong data-renderer-mark=\"true\">M\u00e3e Francys<\/strong><\/em>, proporcionando um ambiente de integra\u00e7\u00e3o e celebra\u00e7\u00e3o entre os presentes.<\/p>\n<p data-renderer-start-pos=\"2718\">O CRB-1 agradece especialmente \u00e0 Biblioteca Demonstrativa de Bras\u00edlia pela parceria na realiza\u00e7\u00e3o da programa\u00e7\u00e3o, bem como a todas e todos que participaram deste importante momento de valoriza\u00e7\u00e3o da Biblioteconomia.<\/p>\n<p data-renderer-start-pos=\"2935\">A celebra\u00e7\u00e3o reafirma o compromisso da categoria com a promo\u00e7\u00e3o da cidadania, da cultura e do acesso democr\u00e1tico \u00e0 informa\u00e7\u00e3o.<\/p>\n<p data-renderer-start-pos=\"3063\"><em data-renderer-mark=\"true\"><strong data-renderer-mark=\"true\">Conselho Regional de Biblioteconomia da 1\u00aa Regi\u00e3o<\/strong><\/em><\/p>\n<\/div>\n<\/div>\n<\/div>\n<\/div>\n<\/div>\n<\/div>\n<p>&nbsp;<\/p>\n","protected":false},"excerpt":{"rendered":"<p>O Conselho Regional de Biblioteconomia da 1\u00aa Regi\u00e3o (CRB-1) realizou, no dia 27 de mar\u00e7o de 2026, a programa\u00e7\u00e3o oficial em comemora\u00e7\u00e3o ao Dia da Bibliotec\u00e1ria e do Bibliotec\u00e1rio, com o tema \u201cBiblioCidadania: bibliotecas, cultura e a\u00e7\u00e3o social\u201d. O evento ocorreu na Biblioteca Demonstrativa Maria da Concei\u00e7\u00e3o Moreira Salles (BDB), em Bras\u00edlia, reunindo profissionais, estudantes [&hellip;]<\/p>\n","protected":false},"author":2,"featured_media":11671,"comment_status":"closed","ping_status":"closed","sticky":false,"template":"","format":"standard","meta":{"site-sidebar-layout":"default","site-content-layout":"","ast-site-content-layout":"default","site-content-style":"default","site-sidebar-style":"default","ast-global-header-display":"","ast-banner-title-visibility":"","ast-main-header-display":"","ast-hfb-above-header-display":"","ast-hfb-below-header-display":"","ast-hfb-mobile-header-display":"","site-post-title":"","ast-breadcrumbs-content":"","ast-featured-img":"","footer-sml-layout":"","ast-disable-related-posts":"","theme-transparent-header-meta":"default","adv-header-id-meta":"","stick-header-meta":"","header-above-stick-meta":"","header-main-stick-meta":"","header-below-stick-meta":"","astra-migrate-meta-layouts":"set","ast-page-background-enabled":"default","ast-page-background-meta":{"desktop":{"background-color":"","background-image":"","background-repeat":"repeat","background-position":"center center","background-size":"auto","background-attachment":"scroll","background-type":"","background-media":"","overlay-type":"","overlay-color":"","overlay-opacity":"","overlay-gradient":""},"tablet":{"background-color":"","background-image":"","background-repeat":"repeat","background-position":"center center","background-size":"auto","background-attachment":"scroll","background-type":"","background-media":"","overlay-type":"","overlay-color":"","overlay-opacity":"","overlay-gradient":""},"mobile":{"background-color":"","background-image":"","background-repeat":"repeat","background-position":"center center","background-size":"auto","background-attachment":"scroll","background-type":"","background-media":"","overlay-type":"","overlay-color":"","overlay-opacity":"","overlay-gradient":""}},"ast-content-background-meta":{"desktop":{"background-color":"var(--ast-global-color-5)","background-image":"","background-repeat":"repeat","background-position":"center center","background-size":"auto","background-attachment":"scroll","background-type":"","background-media":"","overlay-type":"","overlay-color":"","overlay-opacity":"","overlay-gradient":""},"tablet":{"background-color":"var(--ast-global-color-5)","background-image":"","background-repeat":"repeat","background-position":"center center","background-size":"auto","background-attachment":"scroll","background-type":"","background-media":"","overlay-type":"","overlay-color":"","overlay-opacity":"","overlay-gradient":""},"mobile":{"background-color":"var(--ast-global-color-5)","background-image":"","background-repeat":"repeat","background-position":"center center","background-size":"auto","background-attachment":"scroll","background-type":"","background-media":"","overlay-type":"","overlay-color":"","overlay-opacity":"","overlay-gradient":""}},"footnotes":""},"categories":[1],"tags":[],"class_list":["post-11677","post","type-post","status-publish","format-standard","has-post-thumbnail","hentry","category-noticias"],"_links":{"self":[{"href":"https:\/\/crb1.org.br\/site\/wp-json\/wp\/v2\/posts\/11677","targetHints":{"allow":["GET"]}}],"collection":[{"href":"https:\/\/crb1.org.br\/site\/wp-json\/wp\/v2\/posts"}],"about":[{"href":"https:\/\/crb1.org.br\/site\/wp-json\/wp\/v2\/types\/post"}],"author":[{"embeddable":true,"href":"https:\/\/crb1.org.br\/site\/wp-json\/wp\/v2\/users\/2"}],"replies":[{"embeddable":true,"href":"https:\/\/crb1.org.br\/site\/wp-json\/wp\/v2\/comments?post=11677"}],"version-history":[{"count":1,"href":"https:\/\/crb1.org.br\/site\/wp-json\/wp\/v2\/posts\/11677\/revisions"}],"predecessor-version":[{"id":11678,"href":"https:\/\/crb1.org.br\/site\/wp-json\/wp\/v2\/posts\/11677\/revisions\/11678"}],"wp:featuredmedia":[{"embeddable":true,"href":"https:\/\/crb1.org.br\/site\/wp-json\/wp\/v2\/media\/11671"}],"wp:attachment":[{"href":"https:\/\/crb1.org.br\/site\/wp-json\/wp\/v2\/media?parent=11677"}],"wp:term":[{"taxonomy":"category","embeddable":true,"href":"https:\/\/crb1.org.br\/site\/wp-json\/wp\/v2\/categories?post=11677"},{"taxonomy":"post_tag","embeddable":true,"href":"https:\/\/crb1.org.br\/site\/wp-json\/wp\/v2\/tags?post=11677"}],"curies":[{"name":"wp","href":"https:\/\/api.w.org\/{rel}","templated":true}]}}