{"id":11682,"date":"2026-04-09T17:42:18","date_gmt":"2026-04-09T20:42:18","guid":{"rendered":"https:\/\/crb1.org.br\/site\/?p=11682"},"modified":"2026-04-10T11:38:27","modified_gmt":"2026-04-10T14:38:27","slug":"representantes-do-crb-1-participam-de-encontros-estrategicos-do-sistema-cfb-crb-em-brasilia","status":"publish","type":"post","link":"https:\/\/crb1.org.br\/site\/2026\/04\/representantes-do-crb-1-participam-de-encontros-estrategicos-do-sistema-cfb-crb-em-brasilia\/","title":{"rendered":"Representantes do CRB-1 participam de encontros estrat\u00e9gicos do Sistema CFB\/CRB em Bras\u00edlia"},"content":{"rendered":"<div class=\"KrBgDCJfHYWjiY\">\n<div>\n<div class=\"uilHrMFcZTKnuh\">\n<div class=\"ak-renderer-wrapper is-full-width css-1jke4yk\">\n<div class=\"css-1qv31hk\" role=\"none\">\n<div class=\"ak-renderer-document\">\n<p data-renderer-start-pos=\"94\">BRAS\u00cdLIA (DF) &#8211; Entre os dias 6 e 8 de abril, a capital federal sedia uma s\u00e9rie de encontros estrat\u00e9gicos do Sistema Conselho Federal e Conselhos Regionais de Biblioteconomia (CFB\/CRB). O objetivo das agendas \u00e9 promover o alinhamento institucional e debater pol\u00edticas voltadas ao desenvolvimento da profiss\u00e3o no Brasil. O Conselho Regional de Biblioteconomia da 1\u00aa Regi\u00e3o (CRB-1) integra as discuss\u00f5es, representando as demandas de sua jurisdi\u00e7\u00e3o.<\/p>\n<p data-renderer-start-pos=\"543\">A programa\u00e7\u00e3o oficial teve in\u00edcio na manh\u00e3 do dia 06\/04 no Senado Federal em uma sess\u00e3o especial em homenagem \u00e0 profiss\u00e3o de bibliotec\u00e1rio e a atua\u00e7\u00e3o dos Conselhos de Biblioteconomia, marcando os 60 anos da regulamenta\u00e7\u00e3o dessa carreira com a publica\u00e7\u00e3o do Decreto 56.725, datado de 16 de agosto de 1965. A cerim\u00f4nia reuniu autoridades governamentais, representantes de conselhos federais e regionais, al\u00e9m de associa\u00e7\u00f5es acad\u00eamicas da \u00e1rea.<br \/>\nA sess\u00e3o foi presidida pela senadora Teresa Leit\u00e3o (PT-PE), que ressaltou a centralidade desses profissionais na promo\u00e7\u00e3o da cidadania, da leitura e do desenvolvimento do pa\u00eds.<\/p>\n<p data-renderer-start-pos=\"1164\">A programa\u00e7\u00e3o se estendeu na tarde do dia 6 com a realiza\u00e7\u00e3o do 10\u00ba F\u00f3rum de Presidentes dos Conselhos Regionais de Biblioteconomia, sediado na sede CFB. Durante o encontro, os dirigentes regionais apresentaram pautas priorit\u00e1rias de seus estados, buscando aprimorar a atua\u00e7\u00e3o conjunta e padronizar as a\u00e7\u00f5es do sistema em todo o territ\u00f3rio nacional.<\/p>\n<p data-renderer-start-pos=\"1515\">Na sequ\u00eancia, entre a manh\u00e3 e a tarde dos dias 7 e 8 de abril, ocorreu a 2\u00aa Assembleia Geral do Sistema CFB\/CRB, referente \u00e0 20\u00aa Gest\u00e3o. A pauta do evento inclui a apresenta\u00e7\u00e3o de relat\u00f3rios das assessorias e comiss\u00f5es do Conselho Federal e tamb\u00e9m do Grupo de Trabalho de Bibliotecas P\u00fablicas e do Comit\u00ea de Compliance. As delibera\u00e7\u00f5es s\u00e3o consideradas fundamentais para a transpar\u00eancia e o desenvolvimento de novas diretrizes institucionais.<\/p>\n<p data-renderer-start-pos=\"1959\">A delega\u00e7\u00e3o do CRB-1 nos eventos \u00e9 composta pela vice-presidente da autarquia, Valde\u00edra Aparecida Cardoso, e pelo diretor administrativo, Alyson Souza. A participa\u00e7\u00e3o ativa dos conselheiros tem como foco garantir que as necessidades locais sejam integradas \u00e0s decis\u00f5es federais.<\/p>\n<p data-renderer-start-pos=\"2239\">A presen\u00e7a nesses espa\u00e7os de delibera\u00e7\u00e3o refor\u00e7a o compromisso da atual gest\u00e3o com a valoriza\u00e7\u00e3o dos bibliotec\u00e1rios e a melhoria cont\u00ednua dos servi\u00e7os prestados \u00e0 categoria e \u00e0 sociedade.<\/p>\n<div id='gallery-1' class='gallery galleryid-11682 gallery-columns-2 gallery-size-thumbnail'><figure class='gallery-item'>\n\t\t\t<div class='gallery-icon landscape'>\n\t\t\t\t<a href='https:\/\/crb1.org.br\/site\/wp-content\/uploads\/2026\/04\/representantes-do-crb-1-participam-de-encontros-estrategicos-do-sistema-cfbcrb-em-brasilia-representantes-do-crb-1-participam-de-encontros-estrategicos-do-sistema-cfbcrb-em-brasilia-1.webp'><img decoding=\"async\" width=\"150\" height=\"150\" src=\"https:\/\/crb1.org.br\/site\/wp-content\/uploads\/2026\/04\/representantes-do-crb-1-participam-de-encontros-estrategicos-do-sistema-cfbcrb-em-brasilia-representantes-do-crb-1-participam-de-encontros-estrategicos-do-sistema-cfbcrb-em-brasilia-1-150x150.webp\" class=\"attachment-thumbnail size-thumbnail\" alt=\"\" \/><\/a>\n\t\t\t<\/div><\/figure><figure class='gallery-item'>\n\t\t\t<div class='gallery-icon portrait'>\n\t\t\t\t<a href='https:\/\/crb1.org.br\/site\/wp-content\/uploads\/2026\/04\/representantes-do-crb-1-participam-de-encontros-estrategicos-do-sistema-cfbcrb-em-brasilia-representantes-do-crb-1-participam-de-encontros-estrategicos-do-sistema-cfbcrb-em-brasilia-4.webp'><img decoding=\"async\" width=\"150\" height=\"150\" src=\"https:\/\/crb1.org.br\/site\/wp-content\/uploads\/2026\/04\/representantes-do-crb-1-participam-de-encontros-estrategicos-do-sistema-cfbcrb-em-brasilia-representantes-do-crb-1-participam-de-encontros-estrategicos-do-sistema-cfbcrb-em-brasilia-4-150x150.webp\" class=\"attachment-thumbnail size-thumbnail\" alt=\"\" \/><\/a>\n\t\t\t<\/div><\/figure><figure class='gallery-item'>\n\t\t\t<div class='gallery-icon portrait'>\n\t\t\t\t<a href='https:\/\/crb1.org.br\/site\/wp-content\/uploads\/2026\/04\/representantes-do-crb-1-participam-de-encontros-estrategicos-do-sistema-cfbcrb-em-brasilia-representantes-do-crb-1-participam-de-encontros-estrategicos-do-sistema-cfbcrb-em-brasilia-2.webp'><img decoding=\"async\" width=\"150\" height=\"150\" src=\"https:\/\/crb1.org.br\/site\/wp-content\/uploads\/2026\/04\/representantes-do-crb-1-participam-de-encontros-estrategicos-do-sistema-cfbcrb-em-brasilia-representantes-do-crb-1-participam-de-encontros-estrategicos-do-sistema-cfbcrb-em-brasilia-2-150x150.webp\" class=\"attachment-thumbnail size-thumbnail\" alt=\"\" \/><\/a>\n\t\t\t<\/div><\/figure><figure class='gallery-item'>\n\t\t\t<div class='gallery-icon portrait'>\n\t\t\t\t<a href='https:\/\/crb1.org.br\/site\/wp-content\/uploads\/2026\/04\/representantes-do-crb-1-participam-de-encontros-estrategicos-do-sistema-cfbcrb-em-brasilia-representantes-do-crb-1-participam-de-encontros-estrategicos-do-sistema-cfbcrb-em-brasilia-3.webp'><img loading=\"lazy\" decoding=\"async\" width=\"150\" height=\"150\" src=\"https:\/\/crb1.org.br\/site\/wp-content\/uploads\/2026\/04\/representantes-do-crb-1-participam-de-encontros-estrategicos-do-sistema-cfbcrb-em-brasilia-representantes-do-crb-1-participam-de-encontros-estrategicos-do-sistema-cfbcrb-em-brasilia-3-150x150.webp\" class=\"attachment-thumbnail size-thumbnail\" alt=\"\" \/><\/a>\n\t\t\t<\/div><\/figure>\n\t\t<\/div>\n\n<\/div>\n<div class=\"ak-renderer-document\">\n<p data-renderer-start-pos=\"2428\">CONSELHO REGIONAL DE BIBLIOTECONOMIA DA 1\u00b0 REGI\u00c3O (DF\/GO\/MT\/MS)<\/p>\n<\/div>\n<\/div>\n<\/div>\n<\/div>\n<\/div>\n<\/div>\n<p>&nbsp;<\/p>\n","protected":false},"excerpt":{"rendered":"<p>BRAS\u00cdLIA (DF) &#8211; Entre os dias 6 e 8 de abril, a capital federal sedia uma s\u00e9rie de encontros estrat\u00e9gicos do Sistema Conselho Federal e Conselhos Regionais de Biblioteconomia (CFB\/CRB). O objetivo das agendas \u00e9 promover o alinhamento institucional e debater pol\u00edticas voltadas ao desenvolvimento da profiss\u00e3o no Brasil. O Conselho Regional de Biblioteconomia da [&hellip;]<\/p>\n","protected":false},"author":2,"featured_media":11685,"comment_status":"closed","ping_status":"closed","sticky":false,"template":"","format":"standard","meta":{"site-sidebar-layout":"default","site-content-layout":"","ast-site-content-layout":"default","site-content-style":"default","site-sidebar-style":"default","ast-global-header-display":"","ast-banner-title-visibility":"","ast-main-header-display":"","ast-hfb-above-header-display":"","ast-hfb-below-header-display":"","ast-hfb-mobile-header-display":"","site-post-title":"","ast-breadcrumbs-content":"","ast-featured-img":"","footer-sml-layout":"","ast-disable-related-posts":"","theme-transparent-header-meta":"default","adv-header-id-meta":"","stick-header-meta":"","header-above-stick-meta":"","header-main-stick-meta":"","header-below-stick-meta":"","astra-migrate-meta-layouts":"set","ast-page-background-enabled":"default","ast-page-background-meta":{"desktop":{"background-color":"","background-image":"","background-repeat":"repeat","background-position":"center center","background-size":"auto","background-attachment":"scroll","background-type":"","background-media":"","overlay-type":"","overlay-color":"","overlay-opacity":"","overlay-gradient":""},"tablet":{"background-color":"","background-image":"","background-repeat":"repeat","background-position":"center center","background-size":"auto","background-attachment":"scroll","background-type":"","background-media":"","overlay-type":"","overlay-color":"","overlay-opacity":"","overlay-gradient":""},"mobile":{"background-color":"","background-image":"","background-repeat":"repeat","background-position":"center center","background-size":"auto","background-attachment":"scroll","background-type":"","background-media":"","overlay-type":"","overlay-color":"","overlay-opacity":"","overlay-gradient":""}},"ast-content-background-meta":{"desktop":{"background-color":"var(--ast-global-color-5)","background-image":"","background-repeat":"repeat","background-position":"center center","background-size":"auto","background-attachment":"scroll","background-type":"","background-media":"","overlay-type":"","overlay-color":"","overlay-opacity":"","overlay-gradient":""},"tablet":{"background-color":"var(--ast-global-color-5)","background-image":"","background-repeat":"repeat","background-position":"center center","background-size":"auto","background-attachment":"scroll","background-type":"","background-media":"","overlay-type":"","overlay-color":"","overlay-opacity":"","overlay-gradient":""},"mobile":{"background-color":"var(--ast-global-color-5)","background-image":"","background-repeat":"repeat","background-position":"center center","background-size":"auto","background-attachment":"scroll","background-type":"","background-media":"","overlay-type":"","overlay-color":"","overlay-opacity":"","overlay-gradient":""}},"footnotes":""},"categories":[1],"tags":[],"class_list":["post-11682","post","type-post","status-publish","format-standard","has-post-thumbnail","hentry","category-noticias"],"_links":{"self":[{"href":"https:\/\/crb1.org.br\/site\/wp-json\/wp\/v2\/posts\/11682","targetHints":{"allow":["GET"]}}],"collection":[{"href":"https:\/\/crb1.org.br\/site\/wp-json\/wp\/v2\/posts"}],"about":[{"href":"https:\/\/crb1.org.br\/site\/wp-json\/wp\/v2\/types\/post"}],"author":[{"embeddable":true,"href":"https:\/\/crb1.org.br\/site\/wp-json\/wp\/v2\/users\/2"}],"replies":[{"embeddable":true,"href":"https:\/\/crb1.org.br\/site\/wp-json\/wp\/v2\/comments?post=11682"}],"version-history":[{"count":15,"href":"https:\/\/crb1.org.br\/site\/wp-json\/wp\/v2\/posts\/11682\/revisions"}],"predecessor-version":[{"id":11703,"href":"https:\/\/crb1.org.br\/site\/wp-json\/wp\/v2\/posts\/11682\/revisions\/11703"}],"wp:featuredmedia":[{"embeddable":true,"href":"https:\/\/crb1.org.br\/site\/wp-json\/wp\/v2\/media\/11685"}],"wp:attachment":[{"href":"https:\/\/crb1.org.br\/site\/wp-json\/wp\/v2\/media?parent=11682"}],"wp:term":[{"taxonomy":"category","embeddable":true,"href":"https:\/\/crb1.org.br\/site\/wp-json\/wp\/v2\/categories?post=11682"},{"taxonomy":"post_tag","embeddable":true,"href":"https:\/\/crb1.org.br\/site\/wp-json\/wp\/v2\/tags?post=11682"}],"curies":[{"name":"wp","href":"https:\/\/api.w.org\/{rel}","templated":true}]}}