{"id":11704,"date":"2026-04-10T17:21:45","date_gmt":"2026-04-10T20:21:45","guid":{"rendered":"https:\/\/crb1.org.br\/site\/?p=11704"},"modified":"2026-04-10T17:28:59","modified_gmt":"2026-04-10T20:28:59","slug":"sessao-especial-no-senado-destaca-papel-estrategico-da-biblioteconomia-e-celebra-trajetoria-do-sistema-cfb-crb","status":"publish","type":"post","link":"https:\/\/crb1.org.br\/site\/2026\/04\/sessao-especial-no-senado-destaca-papel-estrategico-da-biblioteconomia-e-celebra-trajetoria-do-sistema-cfb-crb\/","title":{"rendered":"Sess\u00e3o especial no Senado destaca papel estrat\u00e9gico da Biblioteconomia e celebra trajet\u00f3ria do Sistema CFB\/CRB"},"content":{"rendered":"<div class=\"KrBgDCJfHYWjiY\">\n<div>\n<div class=\"uilHrMFcZTKnuh\">\n<div class=\"ak-renderer-wrapper is-full-width css-1jke4yk\">\n<div class=\"css-1qv31hk\" role=\"none\">\n<div class=\"ak-renderer-document\">\n<p data-renderer-start-pos=\"113\">A import\u00e2ncia da Biblioteconomia para a garantia do acesso \u00e0 informa\u00e7\u00e3o, da educa\u00e7\u00e3o e do fortalecimento da cidadania foi evidenciada em sess\u00e3o especial realizada no Senado Federal. A iniciativa, proposta pela senadora Teresa Leit\u00e3o, reuniu autoridades, representantes institucionais e profissionais da \u00e1rea em reconhecimento \u00e0 contribui\u00e7\u00e3o hist\u00f3rica das bibliotec\u00e1rias e dos bibliotec\u00e1rios para o desenvolvimento do pa\u00eds.<\/p>\n<p data-renderer-start-pos=\"537\">A solenidade destacou o papel estruturante da profiss\u00e3o na organiza\u00e7\u00e3o, media\u00e7\u00e3o e democratiza\u00e7\u00e3o do acesso \u00e0 informa\u00e7\u00e3o, especialmente em um cen\u00e1rio marcado por transforma\u00e7\u00f5es digitais, amplia\u00e7\u00e3o do uso de tecnologias e novos desafios relacionados \u00e0 produ\u00e7\u00e3o, circula\u00e7\u00e3o e uso \u00e9tico da informa\u00e7\u00e3o.<\/p>\n<p data-renderer-start-pos=\"837\">Durante o evento, foi enfatizado que a atua\u00e7\u00e3o das bibliotec\u00e1rias e dos bibliotec\u00e1rios ultrapassa os limites tradicionais das bibliotecas, alcan\u00e7ando \u00e1reas estrat\u00e9gicas como educa\u00e7\u00e3o, pesquisa, gest\u00e3o da informa\u00e7\u00e3o, mem\u00f3ria institucional e inclus\u00e3o informacional. Nesse contexto, os Conselhos de Biblioteconomia foram reconhecidos como fundamentais para a regulamenta\u00e7\u00e3o, fiscaliza\u00e7\u00e3o e valoriza\u00e7\u00e3o profissional.<\/p>\n<h3 data-renderer-start-pos=\"1251\">Papel do Sistema CFB\/CRB e reconhecimento institucional<\/h3>\n<p data-renderer-start-pos=\"1308\">A sess\u00e3o tamb\u00e9m ressaltou a trajet\u00f3ria do Sistema CFB\/CRB ao longo de seis d\u00e9cadas, desde sua cria\u00e7\u00e3o por meio de instrumentos normativos que estruturaram os Conselhos Regionais em todo o pa\u00eds. Esse percurso consolidou uma base institucional respons\u00e1vel por assegurar o exerc\u00edcio \u00e9tico da profiss\u00e3o e por defender as atribui\u00e7\u00f5es das bibliotec\u00e1rias e dos bibliotec\u00e1rios no Brasil.<\/p>\n<p data-renderer-start-pos=\"1689\">Ao destacar esse marco hist\u00f3rico, foi refor\u00e7ada a relev\u00e2ncia dos Conselhos Regionais como inst\u00e2ncias essenciais para a prote\u00e7\u00e3o da sociedade, garantindo que os servi\u00e7os de informa\u00e7\u00e3o sejam prestados com qualidade, responsabilidade t\u00e9cnica e compromisso social.<\/p>\n<h3 data-renderer-start-pos=\"1951\">Discurso do presidente do CRB-1 refor\u00e7a compromisso com a democracia informacional<\/h3>\n<p data-renderer-start-pos=\"2035\">Em sua participa\u00e7\u00e3o, o presidente do Conselho Regional de Biblioteconomia da 1\u00aa Regi\u00e3o (CRB-1) apresentou uma reflex\u00e3o sobre a trajet\u00f3ria da profiss\u00e3o e o papel do Sistema CFB\/CRB na consolida\u00e7\u00e3o da Biblioteconomia como \u00e1rea estrat\u00e9gica para o pa\u00eds.<\/p>\n<p data-renderer-start-pos=\"2286\">Em seu discurso, destacou:<\/p>\n<blockquote>\n<p data-renderer-start-pos=\"2315\"><em data-renderer-mark=\"true\">\u201cCelebrar os 60 anos do Sistema CFB\/CRB vai al\u00e9m de comemorar a passagem do tempo; trata-se de reverenciar a solidez de uma estrutura que, desde sua cria\u00e7\u00e3o, garante \u00e0s bibliotec\u00e1rias e aos bibliotec\u00e1rios o papel de agentes e mediadores essenciais na democratiza\u00e7\u00e3o do acesso \u00e0 informa\u00e7\u00e3o e ao conhecimento no Brasil.\u201d<\/em><\/p>\n<\/blockquote>\n<p data-renderer-start-pos=\"2636\">O presidente tamb\u00e9m enfatizou a dimens\u00e3o democr\u00e1tica da profiss\u00e3o, evidenciando a rela\u00e7\u00e3o direta entre acesso \u00e0 informa\u00e7\u00e3o e cidadania:<\/p>\n<blockquote>\n<p data-renderer-start-pos=\"2774\"><em data-renderer-mark=\"true\">\u201cN\u00e3o existe democracia plena sem o acesso livre e organizado \u00e0 informa\u00e7\u00e3o, e n\u00e3o existe informa\u00e7\u00e3o de qualidade sem o bibliotec\u00e1rio devidamente amparado por seu Conselho Profissional.\u201d<\/em><\/p>\n<\/blockquote>\n<p data-renderer-start-pos=\"2961\">Outro ponto de destaque foi o reconhecimento do perfil hist\u00f3rico da \u00e1rea, composta majoritariamente por mulheres, cuja atua\u00e7\u00e3o tem sido determinante para o desenvolvimento, a inova\u00e7\u00e3o e o fortalecimento da Biblioteconomia no pa\u00eds:<\/p>\n<blockquote>\n<p data-renderer-start-pos=\"3194\"><em data-renderer-mark=\"true\">\u201cA Biblioteconomia \u00e9 uma profiss\u00e3o historicamente composta, em sua maioria, por mulheres. S\u00e3o elas que, ao longo das d\u00e9cadas, t\u00eam sustentado, inovado e transformado este campo com compet\u00eancia, sensibilidade e compromisso social.\u201d<\/em><\/p>\n<\/blockquote>\n<h3 data-renderer-start-pos=\"3426\">Valoriza\u00e7\u00e3o profissional e desafios contempor\u00e2neos<\/h3>\n<p data-renderer-start-pos=\"3478\">A sess\u00e3o especial tamb\u00e9m trouxe \u00e0 tona os desafios contempor\u00e2neos enfrentados pela profiss\u00e3o, especialmente diante do avan\u00e7o das tecnologias digitais, da intelig\u00eancia artificial e das novas din\u00e2micas de produ\u00e7\u00e3o e circula\u00e7\u00e3o da informa\u00e7\u00e3o.<\/p>\n<p data-renderer-start-pos=\"3719\">Nesse cen\u00e1rio, foi destacada a necessidade de fortalecimento cont\u00ednuo das pol\u00edticas p\u00fablicas voltadas ao acesso \u00e0 informa\u00e7\u00e3o, \u00e0 leitura, \u00e0s bibliotecas e \u00e0 forma\u00e7\u00e3o profissional, bem como o reconhecimento da atua\u00e7\u00e3o das bibliotec\u00e1rias e dos bibliotec\u00e1rios como agentes fundamentais na media\u00e7\u00e3o cr\u00edtica da informa\u00e7\u00e3o.<\/p>\n<p data-renderer-start-pos=\"4037\">Al\u00e9m disso, foi refor\u00e7ada a import\u00e2ncia da atua\u00e7\u00e3o integrada entre o Sistema CFB\/CRB, institui\u00e7\u00f5es p\u00fablicas, legisladores e a sociedade civil na constru\u00e7\u00e3o de estrat\u00e9gias que garantam a valoriza\u00e7\u00e3o da profiss\u00e3o e ampliem seu impacto social.<\/p>\n<h3 data-renderer-start-pos=\"4279\">Reconhecimento \u00e0 trajet\u00f3ria coletiva<\/h3>\n<p data-renderer-start-pos=\"4317\">A solenidade tamb\u00e9m representou um momento de reconhecimento \u00e0 trajet\u00f3ria coletiva constru\u00edda ao longo das d\u00e9cadas por profissionais que contribu\u00edram para a consolida\u00e7\u00e3o da \u00e1rea no Brasil. Foram lembradas as contribui\u00e7\u00f5es de ex-dirigentes, conselheiras e conselheiros que atuaram na estrutura\u00e7\u00e3o e no fortalecimento dos Conselhos Regionais.<\/p>\n<p data-renderer-start-pos=\"4659\">Esse legado institucional foi apontado como fundamental para que a Biblioteconomia se mantenha relevante e alinhada \u00e0s demandas contempor\u00e2neas, preservando seus princ\u00edpios \u00e9ticos e sua fun\u00e7\u00e3o social.<\/p>\n<h3 data-renderer-start-pos=\"4860\">Compromisso com o futuro<\/h3>\n<p data-renderer-start-pos=\"4886\">Ao final, a sess\u00e3o reafirmou o compromisso das institui\u00e7\u00f5es com o fortalecimento da Biblioteconomia e com a promo\u00e7\u00e3o do acesso democr\u00e1tico \u00e0 informa\u00e7\u00e3o como um direito fundamental.<\/p>\n<p data-renderer-start-pos=\"5068\">A iniciativa no Senado Federal evidencia o reconhecimento, no \u00e2mbito do Poder Legislativo, da import\u00e2ncia estrat\u00e9gica das bibliotec\u00e1rias e dos bibliotec\u00e1rios para o desenvolvimento social, educacional e cultural do Brasil.<\/p>\n<p data-renderer-start-pos=\"5292\">Assista a \u00edntegra da Sess\u00e3o Solene aqui: <a class=\"_ymio1r31 _ypr0glyw _zcxs1o36 _mizu194a _1ah3dkaa _ra3xnqa1 _128mdkaa _1cvmnqa1 _4davt94y _4bfu1r31 _1hms8stv _ajmmnqa1 _vchhusvi _kqswh2mm _ect4ttxp _syaz13af _1a3b1r31 _4fpr8stv _5goinqa1 _f8pj13af _9oik1r31 _1bnxglyw _jf4cnqa1 _30l313af _1nrm1r31 _c2waglyw _1iohnqa1 _9h8h12zz _10531ra0 _1ien1ra0 _n0fx1ra0 _1vhv17z1\" title=\"https:\/\/www.youtube.com\/watch?v=UOw2Y0lmkHQ\" href=\"https:\/\/www.youtube.com\/watch?v=UOw2Y0lmkHQ\" data-renderer-mark=\"true\" data-is-router-link=\"false\" data-testid=\"link-with-safety\">https:\/\/www.youtube.com\/watch?v=UOw2Y0lmkHQ<\/a><\/p>\n<p data-renderer-start-pos=\"5378\"><em data-renderer-mark=\"true\"><strong data-renderer-mark=\"true\">Fonte: Conselho Regional de Biblioteconomia com informa\u00e7\u00f5es do Senado Not\u00edcias e TV Senado.<\/strong><\/em><\/p>\n<\/div>\n<div id='gallery-1' class='gallery galleryid-11704 gallery-columns-2 gallery-size-full'><figure class='gallery-item'>\n\t\t\t<div class='gallery-icon landscape'>\n\t\t\t\t<a href='https:\/\/crb1.org.br\/site\/wp-content\/uploads\/2026\/04\/whatsapp_image_2026-04-07_at_18.53.42resultado-whatsapp_image_2026-04-07_at_18.53.42resultado.webp'><img fetchpriority=\"high\" decoding=\"async\" width=\"640\" height=\"427\" src=\"https:\/\/crb1.org.br\/site\/wp-content\/uploads\/2026\/04\/whatsapp_image_2026-04-07_at_18.53.42resultado-whatsapp_image_2026-04-07_at_18.53.42resultado.webp\" class=\"attachment-full size-full\" alt=\"\" srcset=\"https:\/\/crb1.org.br\/site\/wp-content\/uploads\/2026\/04\/whatsapp_image_2026-04-07_at_18.53.42resultado-whatsapp_image_2026-04-07_at_18.53.42resultado.webp 640w, https:\/\/crb1.org.br\/site\/wp-content\/uploads\/2026\/04\/whatsapp_image_2026-04-07_at_18.53.42resultado-whatsapp_image_2026-04-07_at_18.53.42resultado-300x200.webp 300w\" sizes=\"(max-width: 640px) 100vw, 640px\" \/><\/a>\n\t\t\t<\/div><\/figure><figure class='gallery-item'>\n\t\t\t<div class='gallery-icon landscape'>\n\t\t\t\t<a href='https:\/\/crb1.org.br\/site\/wp-content\/uploads\/2026\/04\/whatsapp_image_2026-04-07_at_18.53.42_3resultado-whatsapp_image_2026-04-07_at_18.53.42_3resultado.webp'><img decoding=\"async\" width=\"640\" height=\"427\" src=\"https:\/\/crb1.org.br\/site\/wp-content\/uploads\/2026\/04\/whatsapp_image_2026-04-07_at_18.53.42_3resultado-whatsapp_image_2026-04-07_at_18.53.42_3resultado.webp\" class=\"attachment-full size-full\" alt=\"\" srcset=\"https:\/\/crb1.org.br\/site\/wp-content\/uploads\/2026\/04\/whatsapp_image_2026-04-07_at_18.53.42_3resultado-whatsapp_image_2026-04-07_at_18.53.42_3resultado.webp 640w, https:\/\/crb1.org.br\/site\/wp-content\/uploads\/2026\/04\/whatsapp_image_2026-04-07_at_18.53.42_3resultado-whatsapp_image_2026-04-07_at_18.53.42_3resultado-300x200.webp 300w\" sizes=\"(max-width: 640px) 100vw, 640px\" \/><\/a>\n\t\t\t<\/div><\/figure><figure class='gallery-item'>\n\t\t\t<div class='gallery-icon landscape'>\n\t\t\t\t<a href='https:\/\/crb1.org.br\/site\/wp-content\/uploads\/2026\/04\/whatsapp_image_2026-04-07_at_18.53.42_2resultado-whatsapp_image_2026-04-07_at_18.53.42_2resultado.webp'><img decoding=\"async\" width=\"640\" height=\"427\" src=\"https:\/\/crb1.org.br\/site\/wp-content\/uploads\/2026\/04\/whatsapp_image_2026-04-07_at_18.53.42_2resultado-whatsapp_image_2026-04-07_at_18.53.42_2resultado.webp\" class=\"attachment-full size-full\" alt=\"\" srcset=\"https:\/\/crb1.org.br\/site\/wp-content\/uploads\/2026\/04\/whatsapp_image_2026-04-07_at_18.53.42_2resultado-whatsapp_image_2026-04-07_at_18.53.42_2resultado.webp 640w, https:\/\/crb1.org.br\/site\/wp-content\/uploads\/2026\/04\/whatsapp_image_2026-04-07_at_18.53.42_2resultado-whatsapp_image_2026-04-07_at_18.53.42_2resultado-300x200.webp 300w\" sizes=\"(max-width: 640px) 100vw, 640px\" \/><\/a>\n\t\t\t<\/div><\/figure><figure class='gallery-item'>\n\t\t\t<div class='gallery-icon landscape'>\n\t\t\t\t<a href='https:\/\/crb1.org.br\/site\/wp-content\/uploads\/2026\/04\/whatsapp_image_2026-04-07_at_18.53.42_1resultado-whatsapp_image_2026-04-07_at_18.53.42_1resultado.webp'><img loading=\"lazy\" decoding=\"async\" width=\"640\" height=\"427\" src=\"https:\/\/crb1.org.br\/site\/wp-content\/uploads\/2026\/04\/whatsapp_image_2026-04-07_at_18.53.42_1resultado-whatsapp_image_2026-04-07_at_18.53.42_1resultado.webp\" class=\"attachment-full size-full\" alt=\"\" srcset=\"https:\/\/crb1.org.br\/site\/wp-content\/uploads\/2026\/04\/whatsapp_image_2026-04-07_at_18.53.42_1resultado-whatsapp_image_2026-04-07_at_18.53.42_1resultado.webp 640w, https:\/\/crb1.org.br\/site\/wp-content\/uploads\/2026\/04\/whatsapp_image_2026-04-07_at_18.53.42_1resultado-whatsapp_image_2026-04-07_at_18.53.42_1resultado-300x200.webp 300w\" sizes=\"(max-width: 640px) 100vw, 640px\" \/><\/a>\n\t\t\t<\/div><\/figure>\n\t\t<\/div>\n\n<\/div>\n<\/div>\n<\/div>\n<\/div>\n<\/div>\n<p>&nbsp;<\/p>\n","protected":false},"excerpt":{"rendered":"<p>A import\u00e2ncia da Biblioteconomia para a garantia do acesso \u00e0 informa\u00e7\u00e3o, da educa\u00e7\u00e3o e do fortalecimento da cidadania foi evidenciada em sess\u00e3o especial realizada no Senado Federal. A iniciativa, proposta pela senadora Teresa Leit\u00e3o, reuniu autoridades, representantes institucionais e profissionais da \u00e1rea em reconhecimento \u00e0 contribui\u00e7\u00e3o hist\u00f3rica das bibliotec\u00e1rias e dos bibliotec\u00e1rios para o desenvolvimento [&hellip;]<\/p>\n","protected":false},"author":2,"featured_media":11706,"comment_status":"closed","ping_status":"closed","sticky":false,"template":"","format":"standard","meta":{"site-sidebar-layout":"default","site-content-layout":"","ast-site-content-layout":"default","site-content-style":"default","site-sidebar-style":"default","ast-global-header-display":"","ast-banner-title-visibility":"","ast-main-header-display":"","ast-hfb-above-header-display":"","ast-hfb-below-header-display":"","ast-hfb-mobile-header-display":"","site-post-title":"","ast-breadcrumbs-content":"","ast-featured-img":"","footer-sml-layout":"","ast-disable-related-posts":"","theme-transparent-header-meta":"default","adv-header-id-meta":"","stick-header-meta":"","header-above-stick-meta":"","header-main-stick-meta":"","header-below-stick-meta":"","astra-migrate-meta-layouts":"set","ast-page-background-enabled":"default","ast-page-background-meta":{"desktop":{"background-color":"","background-image":"","background-repeat":"repeat","background-position":"center center","background-size":"auto","background-attachment":"scroll","background-type":"","background-media":"","overlay-type":"","overlay-color":"","overlay-opacity":"","overlay-gradient":""},"tablet":{"background-color":"","background-image":"","background-repeat":"repeat","background-position":"center center","background-size":"auto","background-attachment":"scroll","background-type":"","background-media":"","overlay-type":"","overlay-color":"","overlay-opacity":"","overlay-gradient":""},"mobile":{"background-color":"","background-image":"","background-repeat":"repeat","background-position":"center center","background-size":"auto","background-attachment":"scroll","background-type":"","background-media":"","overlay-type":"","overlay-color":"","overlay-opacity":"","overlay-gradient":""}},"ast-content-background-meta":{"desktop":{"background-color":"var(--ast-global-color-5)","background-image":"","background-repeat":"repeat","background-position":"center center","background-size":"auto","background-attachment":"scroll","background-type":"","background-media":"","overlay-type":"","overlay-color":"","overlay-opacity":"","overlay-gradient":""},"tablet":{"background-color":"var(--ast-global-color-5)","background-image":"","background-repeat":"repeat","background-position":"center center","background-size":"auto","background-attachment":"scroll","background-type":"","background-media":"","overlay-type":"","overlay-color":"","overlay-opacity":"","overlay-gradient":""},"mobile":{"background-color":"var(--ast-global-color-5)","background-image":"","background-repeat":"repeat","background-position":"center center","background-size":"auto","background-attachment":"scroll","background-type":"","background-media":"","overlay-type":"","overlay-color":"","overlay-opacity":"","overlay-gradient":""}},"footnotes":""},"categories":[1],"tags":[],"class_list":["post-11704","post","type-post","status-publish","format-standard","has-post-thumbnail","hentry","category-noticias"],"_links":{"self":[{"href":"https:\/\/crb1.org.br\/site\/wp-json\/wp\/v2\/posts\/11704","targetHints":{"allow":["GET"]}}],"collection":[{"href":"https:\/\/crb1.org.br\/site\/wp-json\/wp\/v2\/posts"}],"about":[{"href":"https:\/\/crb1.org.br\/site\/wp-json\/wp\/v2\/types\/post"}],"author":[{"embeddable":true,"href":"https:\/\/crb1.org.br\/site\/wp-json\/wp\/v2\/users\/2"}],"replies":[{"embeddable":true,"href":"https:\/\/crb1.org.br\/site\/wp-json\/wp\/v2\/comments?post=11704"}],"version-history":[{"count":5,"href":"https:\/\/crb1.org.br\/site\/wp-json\/wp\/v2\/posts\/11704\/revisions"}],"predecessor-version":[{"id":11714,"href":"https:\/\/crb1.org.br\/site\/wp-json\/wp\/v2\/posts\/11704\/revisions\/11714"}],"wp:featuredmedia":[{"embeddable":true,"href":"https:\/\/crb1.org.br\/site\/wp-json\/wp\/v2\/media\/11706"}],"wp:attachment":[{"href":"https:\/\/crb1.org.br\/site\/wp-json\/wp\/v2\/media?parent=11704"}],"wp:term":[{"taxonomy":"category","embeddable":true,"href":"https:\/\/crb1.org.br\/site\/wp-json\/wp\/v2\/categories?post=11704"},{"taxonomy":"post_tag","embeddable":true,"href":"https:\/\/crb1.org.br\/site\/wp-json\/wp\/v2\/tags?post=11704"}],"curies":[{"name":"wp","href":"https:\/\/api.w.org\/{rel}","templated":true}]}}