{"id":11716,"date":"2026-04-15T15:21:36","date_gmt":"2026-04-15T18:21:36","guid":{"rendered":"https:\/\/crb1.org.br\/site\/?p=11716"},"modified":"2026-04-15T15:21:36","modified_gmt":"2026-04-15T18:21:36","slug":"nota-de-preocupacao-reducao-do-quadro-de-profissionais-de-biblioteconomia-no-tribunal-regional-do-trabalho-da-10a-regiao-trt10","status":"publish","type":"post","link":"https:\/\/crb1.org.br\/site\/2026\/04\/nota-de-preocupacao-reducao-do-quadro-de-profissionais-de-biblioteconomia-no-tribunal-regional-do-trabalho-da-10a-regiao-trt10\/","title":{"rendered":"NOTA DE PREOCUPA\u00c7\u00c3O  &#8211; Redu\u00e7\u00e3o do Quadro de Profissionais de Biblioteconomia no Tribunal Regional do Trabalho da 10\u00aa Regi\u00e3o (TRT10)"},"content":{"rendered":"<p data-renderer-start-pos=\"136\">A <em data-renderer-mark=\"true\">Comiss\u00e3o de Aprovados no Concurso de Bibliotec\u00e1rio do Superior Tribunal de Justi\u00e7a<\/em> e o <em data-renderer-mark=\"true\">Conselho Regional de Biblioteconomia da 1\u00aa Regi\u00e3o<\/em> manifestam sua profunda preocupa\u00e7\u00e3o t\u00e9cnica e institucional diante das recentes medidas de redu\u00e7\u00e3o do quadro de bibliotec\u00e1rios no Tribunal Regional do Trabalho da 10\u00aa Regi\u00e3o (DF\/TO).<\/p>\n<p data-renderer-start-pos=\"459\">Esta medida n\u00e3o representa apenas um ajuste administrativo isolado; trata-se de um retrocesso na gest\u00e3o do conhecimento jur\u00eddico e um desrespeito cada vez mais comum \u00e0s diretrizes de governan\u00e7a estabelecidas pelo Conselho Nacional de Justi\u00e7a (CNJ).<\/p>\n<p data-renderer-start-pos=\"709\">\u00c9 fundamental reiterar que a atua\u00e7\u00e3o do bibliotec\u00e1rio no Poder Judici\u00e1rio \u00e9 estrat\u00e9gica e o esvaziamento das bibliotecas judici\u00e1rias fere diretamente a Resolu\u00e7\u00e3o CNJ n\u00ba 324\/2020, que instituiu o PRONAME (Programa Nacional de Gest\u00e3o Documental e Mem\u00f3ria).<\/p>\n<p data-renderer-start-pos=\"965\">A norma \u00e9 clara: o patrim\u00f4nio bibliogr\u00e1fico \u00e9 pilar da mem\u00f3ria e da transpar\u00eancia institucional. Sem o profissional bibliotec\u00e1rio, a &#8220;mem\u00f3ria&#8221; torna-se um arquivo morto e o acesso \u00e0 informa\u00e7\u00e3o qualificada torna-se prec\u00e1rio.<\/p>\n<p data-renderer-start-pos=\"1190\">A redu\u00e7\u00e3o de postos de trabalho para bibliotec\u00e1rios no TRT10 sinaliza uma vis\u00e3o m\u00edope da administra\u00e7\u00e3o p\u00fablica, que, cada vez mais, ignora o custo da inefici\u00eancia. Bibliotecas desassistidas resultam em:<\/p>\n<ul class=\"ak-ul\" data-indent-level=\"1\">\n<li>\n<p data-renderer-start-pos=\"1396\"><em data-renderer-mark=\"true\">Atraso na pesquisa jur\u00eddica e, consequentemente, na celeridade processual;<\/em><\/p>\n<\/li>\n<li>\n<p data-renderer-start-pos=\"1474\"><em data-renderer-mark=\"true\">Ruptura na preserva\u00e7\u00e3o da mem\u00f3ria das rela\u00e7\u00f5es de trabalho no Brasil;<\/em><\/p>\n<\/li>\n<li>\n<p data-renderer-start-pos=\"1547\"><em data-renderer-mark=\"true\">Desconformidade com as metas da Agenda 2030 (ODS 16) da ONU, subscrita pelo pr\u00f3prio CNJ;<\/em><\/p>\n<\/li>\n<li>\n<p data-renderer-start-pos=\"1639\"><em data-renderer-mark=\"true\">Desvaloriza\u00e7\u00e3o do profissional Bibliotec\u00e1rio no Poder P\u00fablico.<\/em><\/p>\n<\/li>\n<\/ul>\n<p data-renderer-start-pos=\"1705\">A Biblioteconomia \u00e9 uma ci\u00eancia aplicada \u00e0 efici\u00eancia do Estado e n\u00e3o aceitaremos que o suporte t\u00e9cnico-cient\u00edfico do Judici\u00e1rio seja sacrificado.<\/p>\n<p data-renderer-start-pos=\"1853\">Conclamamos todos os profissionais a permanecerem mobilizados em defesa das nossas prerrogativas e da manuten\u00e7\u00e3o de unidades de informa\u00e7\u00e3o robustas e profissionalizadas. <strong data-renderer-mark=\"true\">Justi\u00e7a se faz com informa\u00e7\u00e3o de qualidade.<\/strong><\/p>\n<p data-renderer-start-pos=\"2068\"><em data-renderer-mark=\"true\"><strong data-renderer-mark=\"true\">Comiss\u00e3o de Aprovados em Biblioteconomia &#8211; Concurso STJ &#8211; 2025<\/strong><\/em><\/p>\n<p data-renderer-start-pos=\"2132\"><em data-renderer-mark=\"true\"><strong data-renderer-mark=\"true\">Conselho Regional de Biblioteconomia da 1\u00aa Regi\u00e3o<\/strong><\/em><\/p>\n","protected":false},"excerpt":{"rendered":"<p>A Comiss\u00e3o de Aprovados no Concurso de Bibliotec\u00e1rio do Superior Tribunal de Justi\u00e7a e o Conselho Regional de Biblioteconomia da 1\u00aa Regi\u00e3o manifestam sua profunda preocupa\u00e7\u00e3o t\u00e9cnica e institucional diante das recentes medidas de redu\u00e7\u00e3o do quadro de bibliotec\u00e1rios no Tribunal Regional do Trabalho da 10\u00aa Regi\u00e3o (DF\/TO). Esta medida n\u00e3o representa apenas um ajuste [&hellip;]<\/p>\n","protected":false},"author":2,"featured_media":11715,"comment_status":"closed","ping_status":"closed","sticky":false,"template":"","format":"standard","meta":{"site-sidebar-layout":"default","site-content-layout":"","ast-site-content-layout":"default","site-content-style":"default","site-sidebar-style":"default","ast-global-header-display":"","ast-banner-title-visibility":"","ast-main-header-display":"","ast-hfb-above-header-display":"","ast-hfb-below-header-display":"","ast-hfb-mobile-header-display":"","site-post-title":"","ast-breadcrumbs-content":"","ast-featured-img":"","footer-sml-layout":"","ast-disable-related-posts":"","theme-transparent-header-meta":"default","adv-header-id-meta":"","stick-header-meta":"","header-above-stick-meta":"","header-main-stick-meta":"","header-below-stick-meta":"","astra-migrate-meta-layouts":"set","ast-page-background-enabled":"default","ast-page-background-meta":{"desktop":{"background-color":"","background-image":"","background-repeat":"repeat","background-position":"center center","background-size":"auto","background-attachment":"scroll","background-type":"","background-media":"","overlay-type":"","overlay-color":"","overlay-opacity":"","overlay-gradient":""},"tablet":{"background-color":"","background-image":"","background-repeat":"repeat","background-position":"center center","background-size":"auto","background-attachment":"scroll","background-type":"","background-media":"","overlay-type":"","overlay-color":"","overlay-opacity":"","overlay-gradient":""},"mobile":{"background-color":"","background-image":"","background-repeat":"repeat","background-position":"center center","background-size":"auto","background-attachment":"scroll","background-type":"","background-media":"","overlay-type":"","overlay-color":"","overlay-opacity":"","overlay-gradient":""}},"ast-content-background-meta":{"desktop":{"background-color":"var(--ast-global-color-5)","background-image":"","background-repeat":"repeat","background-position":"center center","background-size":"auto","background-attachment":"scroll","background-type":"","background-media":"","overlay-type":"","overlay-color":"","overlay-opacity":"","overlay-gradient":""},"tablet":{"background-color":"var(--ast-global-color-5)","background-image":"","background-repeat":"repeat","background-position":"center center","background-size":"auto","background-attachment":"scroll","background-type":"","background-media":"","overlay-type":"","overlay-color":"","overlay-opacity":"","overlay-gradient":""},"mobile":{"background-color":"var(--ast-global-color-5)","background-image":"","background-repeat":"repeat","background-position":"center center","background-size":"auto","background-attachment":"scroll","background-type":"","background-media":"","overlay-type":"","overlay-color":"","overlay-opacity":"","overlay-gradient":""}},"footnotes":""},"categories":[581],"tags":[],"class_list":["post-11716","post","type-post","status-publish","format-standard","has-post-thumbnail","hentry","category-destaque"],"_links":{"self":[{"href":"https:\/\/crb1.org.br\/site\/wp-json\/wp\/v2\/posts\/11716","targetHints":{"allow":["GET"]}}],"collection":[{"href":"https:\/\/crb1.org.br\/site\/wp-json\/wp\/v2\/posts"}],"about":[{"href":"https:\/\/crb1.org.br\/site\/wp-json\/wp\/v2\/types\/post"}],"author":[{"embeddable":true,"href":"https:\/\/crb1.org.br\/site\/wp-json\/wp\/v2\/users\/2"}],"replies":[{"embeddable":true,"href":"https:\/\/crb1.org.br\/site\/wp-json\/wp\/v2\/comments?post=11716"}],"version-history":[{"count":1,"href":"https:\/\/crb1.org.br\/site\/wp-json\/wp\/v2\/posts\/11716\/revisions"}],"predecessor-version":[{"id":11717,"href":"https:\/\/crb1.org.br\/site\/wp-json\/wp\/v2\/posts\/11716\/revisions\/11717"}],"wp:featuredmedia":[{"embeddable":true,"href":"https:\/\/crb1.org.br\/site\/wp-json\/wp\/v2\/media\/11715"}],"wp:attachment":[{"href":"https:\/\/crb1.org.br\/site\/wp-json\/wp\/v2\/media?parent=11716"}],"wp:term":[{"taxonomy":"category","embeddable":true,"href":"https:\/\/crb1.org.br\/site\/wp-json\/wp\/v2\/categories?post=11716"},{"taxonomy":"post_tag","embeddable":true,"href":"https:\/\/crb1.org.br\/site\/wp-json\/wp\/v2\/tags?post=11716"}],"curies":[{"name":"wp","href":"https:\/\/api.w.org\/{rel}","templated":true}]}}