{"id":11724,"date":"2026-04-29T11:17:54","date_gmt":"2026-04-29T14:17:54","guid":{"rendered":"https:\/\/crb1.org.br\/site\/?p=11724"},"modified":"2026-04-29T11:17:54","modified_gmt":"2026-04-29T14:17:54","slug":"crb-1-participa-do-lancamento-do-plano-nacional-do-livro-e-leitura-2026-2035","status":"publish","type":"post","link":"https:\/\/crb1.org.br\/site\/2026\/04\/crb-1-participa-do-lancamento-do-plano-nacional-do-livro-e-leitura-2026-2035\/","title":{"rendered":"CRB-1 participa do lan\u00e7amento do Plano Nacional do Livro e Leitura 2026\u20132035"},"content":{"rendered":"<p data-renderer-start-pos=\"79\">O Conselho Regional de Biblioteconomia da 1\u00aa Regi\u00e3o (CRB-1) participou do lan\u00e7amento do novo Plano Nacional do Livro e Leitura (PNLL 2026\u20132035), em evento promovido pelo Minist\u00e9rio da Cultura, realizado em celebra\u00e7\u00e3o ao Dia Mundial do Livro.<\/p>\n<p data-renderer-start-pos=\"322\">A autarquia foi representada pela Diretora T\u00e9cnica M\u00f4nica Landuyt, pela Bibliotec\u00e1ria Fiscal N\u00e1dia Silva e pelo Assessor Jur\u00eddico Edivam Barbosa, refor\u00e7ando o compromisso institucional com o fortalecimento das pol\u00edticas p\u00fablicas voltadas ao livro, \u00e0 leitura, \u00e0 escrita e \u00e0s bibliotecas no Brasil.<\/p>\n<p data-renderer-start-pos=\"620\">O evento contou com a presen\u00e7a do Presidente da Rep\u00fablica, Luiz In\u00e1cio Lula da Silva, e foi marcado tamb\u00e9m pela entrega do 9\u00ba Pr\u00eamio Vivaleitura, reconhecendo iniciativas de destaque na promo\u00e7\u00e3o da leitura no pa\u00eds.<\/p>\n<p data-renderer-start-pos=\"836\">Durante a programa\u00e7\u00e3o, foi apresentado o novo ciclo do PNLL, pol\u00edtica p\u00fablica estruturante que orienta a\u00e7\u00f5es para democratiza\u00e7\u00e3o do acesso ao livro, incentivo \u00e0 leitura e fortalecimento da cadeia produtiva editorial no Brasil . A nova etapa do plano estabelece metas ambiciosas, como ampliar o percentual de leitores no pa\u00eds e consolidar a leitura como direito fundamental e instrumento de cidadania .<\/p>\n<p data-renderer-start-pos=\"1239\">Tamb\u00e9m foi lan\u00e7ada a plataforma <strong data-renderer-mark=\"true\">MEC Livros<\/strong>, iniciativa que amplia o acesso gratuito \u00e0 literatura por meio de tecnologia digital, promovendo inclus\u00e3o e democratiza\u00e7\u00e3o do conhecimento em todo o territ\u00f3rio nacional.<\/p>\n<p data-renderer-start-pos=\"1453\"><strong data-renderer-mark=\"true\">Acesse o PNLL 2026\u20132035:<\/strong><br \/>\n<a class=\"_ymio1r31 _ypr0glyw _zcxs1o36 _mizu194a _1ah3dkaa _ra3xnqa1 _128mdkaa _1cvmnqa1 _4davt94y _4bfu1r31 _1hms8stv _ajmmnqa1 _vchhusvi _kqswh2mm _ect4ttxp _syaz13af _1a3b1r31 _4fpr8stv _5goinqa1 _f8pj13af _9oik1r31 _1bnxglyw _jf4cnqa1 _30l313af _1nrm1r31 _c2waglyw _1iohnqa1 _9h8h12zz _10531ra0 _1ien1ra0 _n0fx1ra0 _1vhv17z1\" title=\"https:\/\/www.gov.br\/cultura\/pt-br\/assuntos\/pnll\/?utm_source=chatgpt.com\" href=\"https:\/\/www.gov.br\/cultura\/pt-br\/assuntos\/pnll\/?utm_source=chatgpt.com\" data-renderer-mark=\"true\" data-is-router-link=\"false\" data-testid=\"link-with-safety\"><strong data-renderer-mark=\"true\">Plano Nacional do Livro e Leitura (PNLL)<\/strong><\/a><\/p>\n<p data-renderer-start-pos=\"1520\"><strong data-renderer-mark=\"true\">Destaques da iniciativa:<\/strong><\/p>\n<ul class=\"ak-ul\" data-indent-level=\"1\">\n<li>\n<p data-renderer-start-pos=\"1548\"><strong data-renderer-mark=\"true\">Acessibilidade Digital:<\/strong> acesso gratuito a obras liter\u00e1rias em qualquer lugar;<\/p>\n<\/li>\n<li>\n<p data-renderer-start-pos=\"1629\"><strong data-renderer-mark=\"true\">Fomento \u00e0 Leitura:<\/strong> alinhamento com diretrizes nacionais para forma\u00e7\u00e3o de leitores;<\/p>\n<\/li>\n<li>\n<p data-renderer-start-pos=\"1715\"><strong data-renderer-mark=\"true\">Inclus\u00e3o e cidadania:<\/strong> leitura como direito b\u00e1sico e instrumento de transforma\u00e7\u00e3o social.<\/p>\n<\/li>\n<\/ul>\n<p data-renderer-start-pos=\"1807\">O CRB-1 reafirma seu compromisso com o fortalecimento das bibliotecas e com a promo\u00e7\u00e3o do acesso \u00e0 informa\u00e7\u00e3o e \u00e0 leitura como pilares do desenvolvimento social.<\/p>\n<p data-renderer-start-pos=\"1970\"><em data-renderer-mark=\"true\"><strong data-renderer-mark=\"true\">Conselho Regional de Biblioteconomia da 1\u00aa Regi\u00e3o<\/strong><\/em><\/p>\n","protected":false},"excerpt":{"rendered":"<p>O Conselho Regional de Biblioteconomia da 1\u00aa Regi\u00e3o (CRB-1) participou do lan\u00e7amento do novo Plano Nacional do Livro e Leitura (PNLL 2026\u20132035), em evento promovido pelo Minist\u00e9rio da Cultura, realizado em celebra\u00e7\u00e3o ao Dia Mundial do Livro. A autarquia foi representada pela Diretora T\u00e9cnica M\u00f4nica Landuyt, pela Bibliotec\u00e1ria Fiscal N\u00e1dia Silva e pelo Assessor Jur\u00eddico [&hellip;]<\/p>\n","protected":false},"author":2,"featured_media":11723,"comment_status":"closed","ping_status":"closed","sticky":false,"template":"","format":"standard","meta":{"site-sidebar-layout":"default","site-content-layout":"","ast-site-content-layout":"default","site-content-style":"default","site-sidebar-style":"default","ast-global-header-display":"","ast-banner-title-visibility":"","ast-main-header-display":"","ast-hfb-above-header-display":"","ast-hfb-below-header-display":"","ast-hfb-mobile-header-display":"","site-post-title":"","ast-breadcrumbs-content":"","ast-featured-img":"","footer-sml-layout":"","ast-disable-related-posts":"","theme-transparent-header-meta":"default","adv-header-id-meta":"","stick-header-meta":"","header-above-stick-meta":"","header-main-stick-meta":"","header-below-stick-meta":"","astra-migrate-meta-layouts":"set","ast-page-background-enabled":"default","ast-page-background-meta":{"desktop":{"background-color":"","background-image":"","background-repeat":"repeat","background-position":"center center","background-size":"auto","background-attachment":"scroll","background-type":"","background-media":"","overlay-type":"","overlay-color":"","overlay-opacity":"","overlay-gradient":""},"tablet":{"background-color":"","background-image":"","background-repeat":"repeat","background-position":"center center","background-size":"auto","background-attachment":"scroll","background-type":"","background-media":"","overlay-type":"","overlay-color":"","overlay-opacity":"","overlay-gradient":""},"mobile":{"background-color":"","background-image":"","background-repeat":"repeat","background-position":"center center","background-size":"auto","background-attachment":"scroll","background-type":"","background-media":"","overlay-type":"","overlay-color":"","overlay-opacity":"","overlay-gradient":""}},"ast-content-background-meta":{"desktop":{"background-color":"var(--ast-global-color-5)","background-image":"","background-repeat":"repeat","background-position":"center center","background-size":"auto","background-attachment":"scroll","background-type":"","background-media":"","overlay-type":"","overlay-color":"","overlay-opacity":"","overlay-gradient":""},"tablet":{"background-color":"var(--ast-global-color-5)","background-image":"","background-repeat":"repeat","background-position":"center center","background-size":"auto","background-attachment":"scroll","background-type":"","background-media":"","overlay-type":"","overlay-color":"","overlay-opacity":"","overlay-gradient":""},"mobile":{"background-color":"var(--ast-global-color-5)","background-image":"","background-repeat":"repeat","background-position":"center center","background-size":"auto","background-attachment":"scroll","background-type":"","background-media":"","overlay-type":"","overlay-color":"","overlay-opacity":"","overlay-gradient":""}},"footnotes":""},"categories":[1],"tags":[],"class_list":["post-11724","post","type-post","status-publish","format-standard","has-post-thumbnail","hentry","category-noticias"],"_links":{"self":[{"href":"https:\/\/crb1.org.br\/site\/wp-json\/wp\/v2\/posts\/11724","targetHints":{"allow":["GET"]}}],"collection":[{"href":"https:\/\/crb1.org.br\/site\/wp-json\/wp\/v2\/posts"}],"about":[{"href":"https:\/\/crb1.org.br\/site\/wp-json\/wp\/v2\/types\/post"}],"author":[{"embeddable":true,"href":"https:\/\/crb1.org.br\/site\/wp-json\/wp\/v2\/users\/2"}],"replies":[{"embeddable":true,"href":"https:\/\/crb1.org.br\/site\/wp-json\/wp\/v2\/comments?post=11724"}],"version-history":[{"count":1,"href":"https:\/\/crb1.org.br\/site\/wp-json\/wp\/v2\/posts\/11724\/revisions"}],"predecessor-version":[{"id":11725,"href":"https:\/\/crb1.org.br\/site\/wp-json\/wp\/v2\/posts\/11724\/revisions\/11725"}],"wp:featuredmedia":[{"embeddable":true,"href":"https:\/\/crb1.org.br\/site\/wp-json\/wp\/v2\/media\/11723"}],"wp:attachment":[{"href":"https:\/\/crb1.org.br\/site\/wp-json\/wp\/v2\/media?parent=11724"}],"wp:term":[{"taxonomy":"category","embeddable":true,"href":"https:\/\/crb1.org.br\/site\/wp-json\/wp\/v2\/categories?post=11724"},{"taxonomy":"post_tag","embeddable":true,"href":"https:\/\/crb1.org.br\/site\/wp-json\/wp\/v2\/tags?post=11724"}],"curies":[{"name":"wp","href":"https:\/\/api.w.org\/{rel}","templated":true}]}}