{"id":1238,"date":"2017-01-19T11:12:05","date_gmt":"2017-01-19T13:12:05","guid":{"rendered":"https:\/\/crb1.org.br\/?p=1238"},"modified":"2017-01-19T11:12:05","modified_gmt":"2017-01-19T13:12:05","slug":"crb-1-reuniu-se-com-instituicoes-para-programar-eventos-do-dia-do-bibliotecario-2017","status":"publish","type":"post","link":"https:\/\/crb1.org.br\/site\/2017\/01\/crb-1-reuniu-se-com-instituicoes-para-programar-eventos-do-dia-do-bibliotecario-2017\/","title":{"rendered":"CRB-1 reuniu-se com institui\u00e7\u00f5es para programar eventos do Dia do Bibliotec\u00e1rio 2017"},"content":{"rendered":"<p><figure style=\"width: 960px\" class=\"wp-caption alignnone\"><img fetchpriority=\"high\" decoding=\"async\" class=\"size-full\" src=\"https:\/\/scontent.fbsb2-1.fna.fbcdn.net\/v\/t1.0-9\/16113912_1827219577566840_8163983073480065432_n.jpg?oh=882ed4d18383eef000e2d475607aef0a&amp;oe=5908F6A1\" alt=\"Foto - Fanpage do CFB\" width=\"960\" height=\"960\" \/><figcaption class=\"wp-caption-text\">Foto &#8211; Fanpage do CFB<\/figcaption><\/figure><br \/>\nNa \u00faltima sexta-feira (13), o Conselho Regional de Biblioteconomia da Primeira Regi\u00e3o (CRB-1) participou da reuni\u00e3o sobre os preparativos para o Dia do Bibliotec\u00e1rio 2017, na sede do Conselho Federal de Biblioteconomia (CFB). O tema central para os eventos deste ano ser\u00e1: \u201cAcessibilidade e atua\u00e7\u00e3o bibliotec\u00e1ria.\u201d, com data prevista para 17 e 18 de mar\u00e7o de 2017.<br \/>\nNa oportunidade foi desenvolvido um esbo\u00e7o pr\u00e9vio para o evento em Bras\u00edlia com propostas de programa\u00e7\u00e3o e recursos necess\u00e1rios. Os organizadores est\u00e3o idealizando dividir o evento em dois ambientes \u2013 um para parte t\u00e9cnica e outro cultural. Os locais de realiza\u00e7\u00e3o est\u00e3o sendo definidos.<br \/>\nAs institui\u00e7\u00f5es respons\u00e1veis pela organiza\u00e7\u00e3o ser\u00e3o o Conselho Regional de Biblioteconomia da 1\u00aa Regi\u00e3o (CRB-1), Conselho Federal de Biblioteconomia (CFB) e Departamento de Livro, Leitura, Literatura e Biblioteca (DLLLB).<br \/>\nEstavam presentes Sra. Virginia Bravo \u2013 Coord. Sistema Nacional de Bibliotecas P\u00fablicas (SNBP), Sra. Mayra Gurgel \u2013 Chefe de Gabinete da Secretaria Especial dos Direitos da Pessoa com Defici\u00eancia (SEDPD), Sr. Martin Cadillo \u2013 Presidente do CRB-1, M\u00f4nica van Landuyt \u2013 Gerente do CRB-1, Raimundo Martins \u2013 Presidente do CFB, Lucimar Oliveira \u2013 Vice-Presidente do CFB, K\u00e1tia L\u00facia Pacheco \u2013 Diretora Administrativa do CFB, Dalgiza Oliveira \u2013 Diretora T\u00e9cnica e Elizabeth Albuquerque \u2013 Diretora Financeira.<\/p>\n<p style=\"text-align: right;\">Lyzy Rayla | <strong>Ascom CRB-1<\/strong><\/p>\n","protected":false},"excerpt":{"rendered":"<p>Na \u00faltima sexta-feira (13), o Conselho Regional de Biblioteconomia da Primeira Regi\u00e3o (CRB-1) participou da reuni\u00e3o sobre os preparativos para o Dia do Bibliotec\u00e1rio 2017, na sede do Conselho Federal de Biblioteconomia (CFB). O tema central para os eventos deste ano ser\u00e1: \u201cAcessibilidade e atua\u00e7\u00e3o bibliotec\u00e1ria.\u201d, com data prevista para 17 e 18 de mar\u00e7o [&hellip;]<\/p>\n","protected":false},"author":1,"featured_media":0,"comment_status":"open","ping_status":"open","sticky":false,"template":"","format":"standard","meta":{"site-sidebar-layout":"default","site-content-layout":"","ast-site-content-layout":"default","site-content-style":"default","site-sidebar-style":"default","ast-global-header-display":"","ast-banner-title-visibility":"","ast-main-header-display":"","ast-hfb-above-header-display":"","ast-hfb-below-header-display":"","ast-hfb-mobile-header-display":"","site-post-title":"","ast-breadcrumbs-content":"","ast-featured-img":"","footer-sml-layout":"","ast-disable-related-posts":"","theme-transparent-header-meta":"","adv-header-id-meta":"","stick-header-meta":"","header-above-stick-meta":"","header-main-stick-meta":"","header-below-stick-meta":"","astra-migrate-meta-layouts":"default","ast-page-background-enabled":"default","ast-page-background-meta":{"desktop":{"background-color":"","background-image":"","background-repeat":"repeat","background-position":"center center","background-size":"auto","background-attachment":"scroll","background-type":"","background-media":"","overlay-type":"","overlay-color":"","overlay-opacity":"","overlay-gradient":""},"tablet":{"background-color":"","background-image":"","background-repeat":"repeat","background-position":"center center","background-size":"auto","background-attachment":"scroll","background-type":"","background-media":"","overlay-type":"","overlay-color":"","overlay-opacity":"","overlay-gradient":""},"mobile":{"background-color":"","background-image":"","background-repeat":"repeat","background-position":"center center","background-size":"auto","background-attachment":"scroll","background-type":"","background-media":"","overlay-type":"","overlay-color":"","overlay-opacity":"","overlay-gradient":""}},"ast-content-background-meta":{"desktop":{"background-color":"var(--ast-global-color-5)","background-image":"","background-repeat":"repeat","background-position":"center center","background-size":"auto","background-attachment":"scroll","background-type":"","background-media":"","overlay-type":"","overlay-color":"","overlay-opacity":"","overlay-gradient":""},"tablet":{"background-color":"var(--ast-global-color-5)","background-image":"","background-repeat":"repeat","background-position":"center center","background-size":"auto","background-attachment":"scroll","background-type":"","background-media":"","overlay-type":"","overlay-color":"","overlay-opacity":"","overlay-gradient":""},"mobile":{"background-color":"var(--ast-global-color-5)","background-image":"","background-repeat":"repeat","background-position":"center center","background-size":"auto","background-attachment":"scroll","background-type":"","background-media":"","overlay-type":"","overlay-color":"","overlay-opacity":"","overlay-gradient":""}},"footnotes":""},"categories":[24],"tags":[27,71,75,25,108,60,63,122],"class_list":["post-1238","post","type-post","status-publish","format-standard","hentry","category-evento","tag-biblioteca","tag-bibliotecarios","tag-cfb","tag-dia-do-bibliotecario","tag-dlllb","tag-medalha","tag-medalha-rubens-borba-de-moraes","tag-snbp"],"_links":{"self":[{"href":"https:\/\/crb1.org.br\/site\/wp-json\/wp\/v2\/posts\/1238","targetHints":{"allow":["GET"]}}],"collection":[{"href":"https:\/\/crb1.org.br\/site\/wp-json\/wp\/v2\/posts"}],"about":[{"href":"https:\/\/crb1.org.br\/site\/wp-json\/wp\/v2\/types\/post"}],"author":[{"embeddable":true,"href":"https:\/\/crb1.org.br\/site\/wp-json\/wp\/v2\/users\/1"}],"replies":[{"embeddable":true,"href":"https:\/\/crb1.org.br\/site\/wp-json\/wp\/v2\/comments?post=1238"}],"version-history":[{"count":0,"href":"https:\/\/crb1.org.br\/site\/wp-json\/wp\/v2\/posts\/1238\/revisions"}],"wp:attachment":[{"href":"https:\/\/crb1.org.br\/site\/wp-json\/wp\/v2\/media?parent=1238"}],"wp:term":[{"taxonomy":"category","embeddable":true,"href":"https:\/\/crb1.org.br\/site\/wp-json\/wp\/v2\/categories?post=1238"},{"taxonomy":"post_tag","embeddable":true,"href":"https:\/\/crb1.org.br\/site\/wp-json\/wp\/v2\/tags?post=1238"}],"curies":[{"name":"wp","href":"https:\/\/api.w.org\/{rel}","templated":true}]}}