{"id":2801,"date":"2018-08-23T12:20:40","date_gmt":"2018-08-23T15:20:40","guid":{"rendered":"https:\/\/crb1.org.br\/?p=2801"},"modified":"2018-08-23T12:20:40","modified_gmt":"2018-08-23T15:20:40","slug":"abdf-esta-com-inscricoes-abertas-para-membros-do-gt-de-bibliotecas-publicas","status":"publish","type":"post","link":"https:\/\/crb1.org.br\/site\/2018\/08\/abdf-esta-com-inscricoes-abertas-para-membros-do-gt-de-bibliotecas-publicas\/","title":{"rendered":"ABDF est\u00e1 com inscri\u00e7\u00f5es abertas para membros do GT de Bibliotecas P\u00fablicas"},"content":{"rendered":"<p style=\"text-align: justify;\">A ABDF convida os profissionais bibliotec\u00e1rios e da \u00e1rea de Ci\u00eancia da Informa\u00e7\u00e3o para se inscreverem como membro do Grupo de Trabalho (GT) de Bibliotecas P\u00fablicas. As inscri\u00e7\u00f5es v\u00e3o at\u00e9 o dia 30 de agosto de 2018.<\/p>\n<p style=\"text-align: justify;\">A diretoria da ABDF cria o GT de Bibliotecas P\u00fablicas- GTBP buscando alcan\u00e7ar as suas propostas e criar a\u00e7\u00f5es em conson\u00e2ncia com a Agenda 2030, tendo como prop\u00f3sito motivar os bibliotec\u00e1rios e demais profissionais da \u00e1rea de Ci\u00eancia da Informa\u00e7\u00e3o na elabora\u00e7\u00e3o de pol\u00edticas efetivas para a promo\u00e7\u00e3o do acesso universal ao livro, a leitura e as bibliotecas p\u00fablicas.<\/p>\n<p style=\"text-align: justify;\">Os interessados podem se inscrever pelo <a href=\"https:\/\/docs.google.com\/forms\/d\/e\/1FAIpQLSe_d9AT9y2r89OdBVUYRdszunbBMZTUg_8JsPsEnyTEyloFhg\/viewform\">site<\/a>, mais informa\u00e7\u00f5es pelo e-mail: <a href=\"mailto:abdf@abdf.org.br\">abdf@abdf.org.br<\/a>.<\/p>\n<p style=\"text-align: right;\">Lyzy Rayla | Ascom CRB-1<\/p>\n","protected":false},"excerpt":{"rendered":"<p>A ABDF convida os profissionais bibliotec\u00e1rios e da \u00e1rea de Ci\u00eancia da Informa\u00e7\u00e3o para se inscreverem como membro do Grupo de Trabalho (GT) de Bibliotecas P\u00fablicas. As inscri\u00e7\u00f5es v\u00e3o at\u00e9 o dia 30 de agosto de 2018. A diretoria da ABDF cria o GT de Bibliotecas P\u00fablicas- GTBP buscando alcan\u00e7ar as suas propostas e criar [&hellip;]<\/p>\n","protected":false},"author":1,"featured_media":0,"comment_status":"open","ping_status":"open","sticky":false,"template":"","format":"standard","meta":{"site-sidebar-layout":"default","site-content-layout":"","ast-site-content-layout":"default","site-content-style":"default","site-sidebar-style":"default","ast-global-header-display":"","ast-banner-title-visibility":"","ast-main-header-display":"","ast-hfb-above-header-display":"","ast-hfb-below-header-display":"","ast-hfb-mobile-header-display":"","site-post-title":"","ast-breadcrumbs-content":"","ast-featured-img":"","footer-sml-layout":"","ast-disable-related-posts":"","theme-transparent-header-meta":"","adv-header-id-meta":"","stick-header-meta":"","header-above-stick-meta":"","header-main-stick-meta":"","header-below-stick-meta":"","astra-migrate-meta-layouts":"default","ast-page-background-enabled":"default","ast-page-background-meta":{"desktop":{"background-color":"","background-image":"","background-repeat":"repeat","background-position":"center center","background-size":"auto","background-attachment":"scroll","background-type":"","background-media":"","overlay-type":"","overlay-color":"","overlay-opacity":"","overlay-gradient":""},"tablet":{"background-color":"","background-image":"","background-repeat":"repeat","background-position":"center center","background-size":"auto","background-attachment":"scroll","background-type":"","background-media":"","overlay-type":"","overlay-color":"","overlay-opacity":"","overlay-gradient":""},"mobile":{"background-color":"","background-image":"","background-repeat":"repeat","background-position":"center center","background-size":"auto","background-attachment":"scroll","background-type":"","background-media":"","overlay-type":"","overlay-color":"","overlay-opacity":"","overlay-gradient":""}},"ast-content-background-meta":{"desktop":{"background-color":"var(--ast-global-color-5)","background-image":"","background-repeat":"repeat","background-position":"center center","background-size":"auto","background-attachment":"scroll","background-type":"","background-media":"","overlay-type":"","overlay-color":"","overlay-opacity":"","overlay-gradient":""},"tablet":{"background-color":"var(--ast-global-color-5)","background-image":"","background-repeat":"repeat","background-position":"center center","background-size":"auto","background-attachment":"scroll","background-type":"","background-media":"","overlay-type":"","overlay-color":"","overlay-opacity":"","overlay-gradient":""},"mobile":{"background-color":"var(--ast-global-color-5)","background-image":"","background-repeat":"repeat","background-position":"center center","background-size":"auto","background-attachment":"scroll","background-type":"","background-media":"","overlay-type":"","overlay-color":"","overlay-opacity":"","overlay-gradient":""}},"footnotes":""},"categories":[1],"tags":[383,71,386],"class_list":["post-2801","post","type-post","status-publish","format-standard","hentry","category-noticias","tag-abdf","tag-bibliotecarios","tag-bibliotecas-publicas"],"_links":{"self":[{"href":"https:\/\/crb1.org.br\/site\/wp-json\/wp\/v2\/posts\/2801","targetHints":{"allow":["GET"]}}],"collection":[{"href":"https:\/\/crb1.org.br\/site\/wp-json\/wp\/v2\/posts"}],"about":[{"href":"https:\/\/crb1.org.br\/site\/wp-json\/wp\/v2\/types\/post"}],"author":[{"embeddable":true,"href":"https:\/\/crb1.org.br\/site\/wp-json\/wp\/v2\/users\/1"}],"replies":[{"embeddable":true,"href":"https:\/\/crb1.org.br\/site\/wp-json\/wp\/v2\/comments?post=2801"}],"version-history":[{"count":0,"href":"https:\/\/crb1.org.br\/site\/wp-json\/wp\/v2\/posts\/2801\/revisions"}],"wp:attachment":[{"href":"https:\/\/crb1.org.br\/site\/wp-json\/wp\/v2\/media?parent=2801"}],"wp:term":[{"taxonomy":"category","embeddable":true,"href":"https:\/\/crb1.org.br\/site\/wp-json\/wp\/v2\/categories?post=2801"},{"taxonomy":"post_tag","embeddable":true,"href":"https:\/\/crb1.org.br\/site\/wp-json\/wp\/v2\/tags?post=2801"}],"curies":[{"name":"wp","href":"https:\/\/api.w.org\/{rel}","templated":true}]}}