{"id":3442,"date":"2019-02-15T12:12:25","date_gmt":"2019-02-15T14:12:25","guid":{"rendered":"https:\/\/crb1.org.br\/?p=3442"},"modified":"2019-02-15T12:12:25","modified_gmt":"2019-02-15T14:12:25","slug":"inscricao-dia-do-bibliotecario-2019","status":"publish","type":"post","link":"https:\/\/crb1.org.br\/site\/2019\/02\/inscricao-dia-do-bibliotecario-2019\/","title":{"rendered":"Inscri\u00e7\u00e3o Dia do Bibliotec\u00e1rio 2019"},"content":{"rendered":"<p>&nbsp;<\/p>\n<h2 style=\"text-align: center;\">Participe das oficinas promovidas pelo CRB-1 durante a Semana do Bibliotec\u00e1rio em Bras\u00edlia!<\/h2>\n<p style=\"text-align: left;\">Escolha sua oficina e clique para fazer sua inscri\u00e7\u00e3o.<\/p>\n<p style=\"text-align: left;\">Na oficina do dia 13\/3 pela manh\u00e3, no Interlegis, haver\u00e1 sorteio de\u00a0<strong>1 vaga<\/strong> no Curso EAD de MARC21 formato Bibliogr\u00e1fico, que ocorrer\u00e1 no m\u00eas de Abril. Apenas os bibliotec\u00e1rios presentes no evento e com registro ativo no CRB-1 poder\u00e3o concorrer. O curso foi um oferecimento da empresa Pergamum (http:\/\/www.pergamum.pucpr.br\/).<\/p>\n\n<ol>\n<li><a href=\"https:\/\/goo.gl\/forms\/vks2eKTyjGlafbjQ2\">Biblioteconomia Social em Mato Grosso: boas pr\u00e1ticas da parceria SECEL\/MT e CRB1 na valoriza\u00e7\u00e3o do profissional pela sociedade.<\/a><\/li>\n<li><a href=\"https:\/\/goo.gl\/forms\/q2ZjppLfT9FgAl4j2\">Avalia\u00e7\u00e3o e sele\u00e7\u00e3o dos acervos das bibliotecas da Embrapa: apresenta\u00e7\u00e3o do mapeamento do processo e crit\u00e9rios orientadores<\/a><\/li>\n<li><a href=\"https:\/\/goo.gl\/forms\/L4HY8WOoH3xrmQJP2\">O 4o Plano de A\u00e7\u00e3o Naci<\/a><a href=\"https:\/\/goo.gl\/forms\/L4HY8WOoH3xrmQJP2\">onal para Governo Aberto como Plataforma para o Avan\u00e7o da Ci\u00eancia Aberta no Brasil <\/a><\/li>\n<\/ol>\n","protected":false},"excerpt":{"rendered":"<p>&nbsp; Participe das oficinas promovidas pelo CRB-1 durante a Semana do Bibliotec\u00e1rio em Bras\u00edlia! Escolha sua oficina e clique para fazer sua inscri\u00e7\u00e3o. Na oficina do dia 13\/3 pela manh\u00e3, no Interlegis, haver\u00e1 sorteio de\u00a01 vaga no Curso EAD de MARC21 formato Bibliogr\u00e1fico, que ocorrer\u00e1 no m\u00eas de Abril. Apenas os bibliotec\u00e1rios presentes no evento [&hellip;]<\/p>\n","protected":false},"author":1,"featured_media":0,"comment_status":"open","ping_status":"open","sticky":false,"template":"","format":"standard","meta":{"site-sidebar-layout":"default","site-content-layout":"","ast-site-content-layout":"default","site-content-style":"default","site-sidebar-style":"default","ast-global-header-display":"","ast-banner-title-visibility":"","ast-main-header-display":"","ast-hfb-above-header-display":"","ast-hfb-below-header-display":"","ast-hfb-mobile-header-display":"","site-post-title":"","ast-breadcrumbs-content":"","ast-featured-img":"","footer-sml-layout":"","ast-disable-related-posts":"","theme-transparent-header-meta":"","adv-header-id-meta":"","stick-header-meta":"","header-above-stick-meta":"","header-main-stick-meta":"","header-below-stick-meta":"","astra-migrate-meta-layouts":"default","ast-page-background-enabled":"default","ast-page-background-meta":{"desktop":{"background-color":"","background-image":"","background-repeat":"repeat","background-position":"center center","background-size":"auto","background-attachment":"scroll","background-type":"","background-media":"","overlay-type":"","overlay-color":"","overlay-opacity":"","overlay-gradient":""},"tablet":{"background-color":"","background-image":"","background-repeat":"repeat","background-position":"center center","background-size":"auto","background-attachment":"scroll","background-type":"","background-media":"","overlay-type":"","overlay-color":"","overlay-opacity":"","overlay-gradient":""},"mobile":{"background-color":"","background-image":"","background-repeat":"repeat","background-position":"center center","background-size":"auto","background-attachment":"scroll","background-type":"","background-media":"","overlay-type":"","overlay-color":"","overlay-opacity":"","overlay-gradient":""}},"ast-content-background-meta":{"desktop":{"background-color":"var(--ast-global-color-5)","background-image":"","background-repeat":"repeat","background-position":"center center","background-size":"auto","background-attachment":"scroll","background-type":"","background-media":"","overlay-type":"","overlay-color":"","overlay-opacity":"","overlay-gradient":""},"tablet":{"background-color":"var(--ast-global-color-5)","background-image":"","background-repeat":"repeat","background-position":"center center","background-size":"auto","background-attachment":"scroll","background-type":"","background-media":"","overlay-type":"","overlay-color":"","overlay-opacity":"","overlay-gradient":""},"mobile":{"background-color":"var(--ast-global-color-5)","background-image":"","background-repeat":"repeat","background-position":"center center","background-size":"auto","background-attachment":"scroll","background-type":"","background-media":"","overlay-type":"","overlay-color":"","overlay-opacity":"","overlay-gradient":""}},"footnotes":""},"categories":[24],"tags":[],"class_list":["post-3442","post","type-post","status-publish","format-standard","hentry","category-evento"],"_links":{"self":[{"href":"https:\/\/crb1.org.br\/site\/wp-json\/wp\/v2\/posts\/3442","targetHints":{"allow":["GET"]}}],"collection":[{"href":"https:\/\/crb1.org.br\/site\/wp-json\/wp\/v2\/posts"}],"about":[{"href":"https:\/\/crb1.org.br\/site\/wp-json\/wp\/v2\/types\/post"}],"author":[{"embeddable":true,"href":"https:\/\/crb1.org.br\/site\/wp-json\/wp\/v2\/users\/1"}],"replies":[{"embeddable":true,"href":"https:\/\/crb1.org.br\/site\/wp-json\/wp\/v2\/comments?post=3442"}],"version-history":[{"count":0,"href":"https:\/\/crb1.org.br\/site\/wp-json\/wp\/v2\/posts\/3442\/revisions"}],"wp:attachment":[{"href":"https:\/\/crb1.org.br\/site\/wp-json\/wp\/v2\/media?parent=3442"}],"wp:term":[{"taxonomy":"category","embeddable":true,"href":"https:\/\/crb1.org.br\/site\/wp-json\/wp\/v2\/categories?post=3442"},{"taxonomy":"post_tag","embeddable":true,"href":"https:\/\/crb1.org.br\/site\/wp-json\/wp\/v2\/tags?post=3442"}],"curies":[{"name":"wp","href":"https:\/\/api.w.org\/{rel}","templated":true}]}}