{"id":3751,"date":"2019-04-08T10:50:36","date_gmt":"2019-04-08T13:50:36","guid":{"rendered":"https:\/\/crb1.org.br\/?p=3751"},"modified":"2019-04-08T10:50:36","modified_gmt":"2019-04-08T13:50:36","slug":"delegados2019","status":"publish","type":"post","link":"https:\/\/crb1.org.br\/site\/2019\/04\/delegados2019\/","title":{"rendered":"Sele\u00e7\u00e3o P\u00fablica para Delegados(as) Regionais 2019"},"content":{"rendered":"<p>Publicado hoje <a href=\"https:\/\/novocrb1.ultramidia.com.br\/wp-content\/uploads\/2019\/04\/Edital-CRB-1-n-02-2019-Delegados-Regionais-Final.pdf\">edital<\/a> que prorroga as inscri\u00e7\u00f5es para delegados(as) regionais do CRB-1.<br \/>\nS\u00e3o 6 vagas para Delegados(as) Regionais. Os(As) escolhidos(as) receber\u00e3o um treinamento sobre o papel do CRB-1 em Bras\u00edlia e auxiliar\u00e3o os trabalhos da fiscaliza\u00e7\u00e3o nos seus respectivos Estados. O trabalho como delegado(a) \u00e9 volunt\u00e1rio, nos termos da <a href=\"http:\/\/www.planalto.gov.br\/ccivil_03\/leis\/l9608.htm\">Lei Federal n\u00ba 9.608\/1998<\/a>, e \u00e9 considerado relevante contribui\u00e7\u00e3o social para a classe bibliotec\u00e1ria.<br \/>\nAs atribui\u00e7\u00f5es de um Delegado(a) Regional est\u00e3o previstas na as atribui\u00e7\u00f5es previstas na <a href=\"http:\/\/repositorio.cfb.org.br\/bitstream\/123456789\/1087\/1\/Res. 026 2000.pdf\">Resolu\u00e7\u00e3o CFB n\u00b0 26\/2000<\/a>.\u00a0 Leia mais sobre o papel de um(a) delegado(a) regional do CRB-1 <a href=\"https:\/\/crb1.org.br\/edital-para-delegados-regionais\/\">aqui<\/a>.<br \/>\n<strong>Servi\u00e7o:<\/strong><\/p>\n<ul>\n<li><a href=\"https:\/\/novocrb1.ultramidia.com.br\/wp-content\/uploads\/2016\/09\/Edital-CRB-1-n-01-2019-Delegados-Regionais-Final.pdf\">Edital CRB-1 n\u00ba1\/2019<\/a><\/li>\n<li><a href=\"https:\/\/novocrb1.ultramidia.com.br\/wp-content\/uploads\/2019\/03\/Edital-CRB-1-n-01-2019-Delegados-Regionais-Anexo-I.docx\">Anexo I<\/a><\/li>\n<li style=\"text-align: justify;\"><a href=\"https:\/\/novocrb1.ultramidia.com.br\/wp-content\/uploads\/2019\/04\/Edital-CRB-1-n-02-2019-Delegados-Regionais-Final.pdf\">Edital CRB-1 n. 2\/2019 (prorroga\u00e7\u00e3o das inscri\u00e7\u00f5es)<\/a><\/li>\n<\/ul>\n","protected":false},"excerpt":{"rendered":"<p>Publicado hoje edital que prorroga as inscri\u00e7\u00f5es para delegados(as) regionais do CRB-1. S\u00e3o 6 vagas para Delegados(as) Regionais. Os(As) escolhidos(as) receber\u00e3o um treinamento sobre o papel do CRB-1 em Bras\u00edlia e auxiliar\u00e3o os trabalhos da fiscaliza\u00e7\u00e3o nos seus respectivos Estados. O trabalho como delegado(a) \u00e9 volunt\u00e1rio, nos termos da Lei Federal n\u00ba 9.608\/1998, e \u00e9 [&hellip;]<\/p>\n","protected":false},"author":1,"featured_media":3755,"comment_status":"open","ping_status":"open","sticky":false,"template":"","format":"standard","meta":{"site-sidebar-layout":"default","site-content-layout":"","ast-site-content-layout":"default","site-content-style":"default","site-sidebar-style":"default","ast-global-header-display":"","ast-banner-title-visibility":"","ast-main-header-display":"","ast-hfb-above-header-display":"","ast-hfb-below-header-display":"","ast-hfb-mobile-header-display":"","site-post-title":"","ast-breadcrumbs-content":"","ast-featured-img":"","footer-sml-layout":"","ast-disable-related-posts":"","theme-transparent-header-meta":"","adv-header-id-meta":"","stick-header-meta":"","header-above-stick-meta":"","header-main-stick-meta":"","header-below-stick-meta":"","astra-migrate-meta-layouts":"default","ast-page-background-enabled":"default","ast-page-background-meta":{"desktop":{"background-color":"","background-image":"","background-repeat":"repeat","background-position":"center center","background-size":"auto","background-attachment":"scroll","background-type":"","background-media":"","overlay-type":"","overlay-color":"","overlay-opacity":"","overlay-gradient":""},"tablet":{"background-color":"","background-image":"","background-repeat":"repeat","background-position":"center center","background-size":"auto","background-attachment":"scroll","background-type":"","background-media":"","overlay-type":"","overlay-color":"","overlay-opacity":"","overlay-gradient":""},"mobile":{"background-color":"","background-image":"","background-repeat":"repeat","background-position":"center center","background-size":"auto","background-attachment":"scroll","background-type":"","background-media":"","overlay-type":"","overlay-color":"","overlay-opacity":"","overlay-gradient":""}},"ast-content-background-meta":{"desktop":{"background-color":"var(--ast-global-color-5)","background-image":"","background-repeat":"repeat","background-position":"center center","background-size":"auto","background-attachment":"scroll","background-type":"","background-media":"","overlay-type":"","overlay-color":"","overlay-opacity":"","overlay-gradient":""},"tablet":{"background-color":"var(--ast-global-color-5)","background-image":"","background-repeat":"repeat","background-position":"center center","background-size":"auto","background-attachment":"scroll","background-type":"","background-media":"","overlay-type":"","overlay-color":"","overlay-opacity":"","overlay-gradient":""},"mobile":{"background-color":"var(--ast-global-color-5)","background-image":"","background-repeat":"repeat","background-position":"center center","background-size":"auto","background-attachment":"scroll","background-type":"","background-media":"","overlay-type":"","overlay-color":"","overlay-opacity":"","overlay-gradient":""}},"footnotes":""},"categories":[40],"tags":[559,557,377,304],"class_list":["post-3751","post","type-post","status-publish","format-standard","has-post-thumbnail","hentry","category-fiscalizacao","tag-delegado","tag-delegados-regionais","tag-edital","tag-inscricoes"],"_links":{"self":[{"href":"https:\/\/crb1.org.br\/site\/wp-json\/wp\/v2\/posts\/3751","targetHints":{"allow":["GET"]}}],"collection":[{"href":"https:\/\/crb1.org.br\/site\/wp-json\/wp\/v2\/posts"}],"about":[{"href":"https:\/\/crb1.org.br\/site\/wp-json\/wp\/v2\/types\/post"}],"author":[{"embeddable":true,"href":"https:\/\/crb1.org.br\/site\/wp-json\/wp\/v2\/users\/1"}],"replies":[{"embeddable":true,"href":"https:\/\/crb1.org.br\/site\/wp-json\/wp\/v2\/comments?post=3751"}],"version-history":[{"count":0,"href":"https:\/\/crb1.org.br\/site\/wp-json\/wp\/v2\/posts\/3751\/revisions"}],"wp:featuredmedia":[{"embeddable":true,"href":"https:\/\/crb1.org.br\/site\/wp-json\/"}],"wp:attachment":[{"href":"https:\/\/crb1.org.br\/site\/wp-json\/wp\/v2\/media?parent=3751"}],"wp:term":[{"taxonomy":"category","embeddable":true,"href":"https:\/\/crb1.org.br\/site\/wp-json\/wp\/v2\/categories?post=3751"},{"taxonomy":"post_tag","embeddable":true,"href":"https:\/\/crb1.org.br\/site\/wp-json\/wp\/v2\/tags?post=3751"}],"curies":[{"name":"wp","href":"https:\/\/api.w.org\/{rel}","templated":true}]}}