{"id":394,"date":"2013-04-03T10:58:49","date_gmt":"2013-04-03T13:58:49","guid":{"rendered":"https:\/\/novocrb1.ultramidia.com.br\/projeto-de-lei-para-piso-salarial-de-bibliotecario\/"},"modified":"2013-04-03T10:58:49","modified_gmt":"2013-04-03T13:58:49","slug":"projeto-de-lei-para-piso-salarial-de-bibliotecario","status":"publish","type":"post","link":"https:\/\/crb1.org.br\/site\/2013\/04\/projeto-de-lei-para-piso-salarial-de-bibliotecario\/","title":{"rendered":"Projeto de Lei para piso salarial de Bibliotec\u00e1rio"},"content":{"rendered":"<p><img fetchpriority=\"high\" decoding=\"async\" src=\"images\/projeto_de_lei_site.jpg\" alt=\"Projeto de Lei\" title=\"Projeto de Lei\" width=\"573\" height=\"230\" \/><br \/>O Conselho Regional de Biblioteconomia, com a parceria e apoio do Deputado Distrital Chico Leite e da Associa\u00e7\u00e3o dos Bibliotec\u00e1rios do Distrito Federal, elaborou a minuta para o texto base do Projeto de Lei que estabelece o piso salarial para o profissional Bibliotec\u00e1rio empregado em institui\u00e7\u00f5es privadas, no \u00e2mbito do Distrito Federal.\u00a0<\/p>\n<p>  <!--more-->  <\/p>\n<p>Esta iniciativa, que \u00e9 baseada no par\u00e2metro utilizado pela Ordem dos Advogados do Brasil para seus profissionais, estipula o valor salarial m\u00e9dio para o profissional que exerce fun\u00e7\u00e3o em bibliotecas privadas, uma vez que n\u00e3o h\u00e1 equival\u00eancia m\u00ednima para esta categoria.\u00a0<\/p>\n<p>Desta forma, o texto estabelece inicialmente em seu par\u00e1grafo 1\u00ba os valores de R$1.500,00 para quatro horas di\u00e1rias de trabalho ou de 20 horas semanais e de R$2.500,00 para o caso de dedica\u00e7\u00e3o exclusiva em jornada de oito horas di\u00e1rias ou para 40 horas semanais. Quanto ao reajuste salarial, este dever\u00e1 acontecer anualmente, sempre no dia 1\u00ba de janeiro e corrigido pela varia\u00e7\u00e3o do \u00cdndice Nacional de Pre\u00e7os do Consumidor \u2013 INPC.\u00a0<\/p>\n<p>A minuta ainda encontra-se em processo de discurs\u00e3o antes de ser enviada ao GDF, por\u00e9m, de acordo com o presidente do CRB-1, Ant\u00f4nio Silva, seu texto ainda deve sofrer modifica\u00e7\u00f5es quanto aos valores, uma vez que estes foram tomados apenas como base referencial, seguindo o padr\u00e3o utilizado pela OAB. Ele destaca ainda o lan\u00e7amento do abaixo-assinado on-line, disponibilizado no site\u00a0<a href=\"http:\/\/www.peticaopublica.com.br\/?pi=P2012N31163\">http:\/\/www.peticaopublica.com.br\/?pi=P2012N31163<\/a>, para arrecadar assinaturas, contando com o apoio e participa\u00e7\u00e3o da categoria no envio e aprova\u00e7\u00e3o dessa proposi\u00e7\u00e3o.\u00a0<\/p>\n<p>___________________________________________________________________________________<\/p>\n<p>MINUTA\u00a0<\/p>\n<p>PROJETO DE LEI N\u00ba \u2014\u2014, 2012\u00a0<\/p>\n<p>Disp\u00f5e sobre o piso salarial do Bibliotec\u00e1rio empregado privado no \u00e2mbito do Distrito Federal.\u00a0<\/p>\n<p>O GOVERNADOR DO DISTRITO FEDERAL,\u00a0<\/p>\n<p>Fa\u00e7o saber que a C\u00e2mara Legislativa do Distrito federal decreta e eu sanciono a seguinte Lei:\u00a0<\/p>\n<p>Art. 1\u00ba IO piso salarial do Bibliotec\u00e1rio empregado privado \u00e9 de\u00a0<\/p>\n<p>I \u2013 R$ 1.500,00 (um mil e quinhentos reais) mensais, para jornada de at\u00e9 quatro horas di\u00e1rias ou vinte horas semanais;\u00a0<\/p>\n<p>II \u2013 R$ 2.100,00 (dois mil e cem reais) mensais, em caso de dedica\u00e7\u00e3o exclusiva, para jornada de at\u00e9 oito horas di\u00e1rias ou quarenta horas semanais.\u00a0<\/p>\n<p>Art. 2\u00ba O reajuste do piso salarial de que trata esta Lei \u00e9 anual, sempre no dia primeiro de janeiro do ano subseq\u00fcente, pela varia\u00e7\u00e3o acumulada do \u00cdndice nacional de Pre\u00e7os ao Consumidor.\u00a0<\/p>\n<p>Art. 3\u00ba Esta Lei entra em vigor na data de sua publica\u00e7\u00e3o.\u00a0<\/p>\n<p>Art. 4\u00ba Revogam-se as disposi\u00e7\u00f5es em contr\u00e1rio.\u00a0<\/p>\n<p>Bras\u00edlia, __ de ___________ de 2012\u00a0<\/p>\n<p>124\u00ba da Rep\u00fablica e 52\u00ba de Bras\u00edlia\u00a0<\/p>\n<p>AGNELO QUEIROZ<\/p>\n<div>\u00a0<\/div>\n<p>\u00a0<\/p>\n","protected":false},"excerpt":{"rendered":"<p>O Conselho Regional de Biblioteconomia, com a parceria e apoio do Deputado Distrital Chico Leite e da Associa\u00e7\u00e3o dos Bibliotec\u00e1rios do Distrito Federal, elaborou a minuta para o texto base do Projeto de Lei que estabelece o piso salarial para o profissional Bibliotec\u00e1rio empregado em institui\u00e7\u00f5es privadas, no \u00e2mbito do Distrito Federal.\u00a0<\/p>\n","protected":false},"author":1,"featured_media":0,"comment_status":"open","ping_status":"open","sticky":false,"template":"","format":"standard","meta":{"site-sidebar-layout":"default","site-content-layout":"","ast-site-content-layout":"default","site-content-style":"default","site-sidebar-style":"default","ast-global-header-display":"","ast-banner-title-visibility":"","ast-main-header-display":"","ast-hfb-above-header-display":"","ast-hfb-below-header-display":"","ast-hfb-mobile-header-display":"","site-post-title":"","ast-breadcrumbs-content":"","ast-featured-img":"","footer-sml-layout":"","ast-disable-related-posts":"","theme-transparent-header-meta":"","adv-header-id-meta":"","stick-header-meta":"","header-above-stick-meta":"","header-main-stick-meta":"","header-below-stick-meta":"","astra-migrate-meta-layouts":"default","ast-page-background-enabled":"default","ast-page-background-meta":{"desktop":{"background-color":"","background-image":"","background-repeat":"repeat","background-position":"center center","background-size":"auto","background-attachment":"scroll","background-type":"","background-media":"","overlay-type":"","overlay-color":"","overlay-opacity":"","overlay-gradient":""},"tablet":{"background-color":"","background-image":"","background-repeat":"repeat","background-position":"center center","background-size":"auto","background-attachment":"scroll","background-type":"","background-media":"","overlay-type":"","overlay-color":"","overlay-opacity":"","overlay-gradient":""},"mobile":{"background-color":"","background-image":"","background-repeat":"repeat","background-position":"center center","background-size":"auto","background-attachment":"scroll","background-type":"","background-media":"","overlay-type":"","overlay-color":"","overlay-opacity":"","overlay-gradient":""}},"ast-content-background-meta":{"desktop":{"background-color":"var(--ast-global-color-5)","background-image":"","background-repeat":"repeat","background-position":"center center","background-size":"auto","background-attachment":"scroll","background-type":"","background-media":"","overlay-type":"","overlay-color":"","overlay-opacity":"","overlay-gradient":""},"tablet":{"background-color":"var(--ast-global-color-5)","background-image":"","background-repeat":"repeat","background-position":"center center","background-size":"auto","background-attachment":"scroll","background-type":"","background-media":"","overlay-type":"","overlay-color":"","overlay-opacity":"","overlay-gradient":""},"mobile":{"background-color":"var(--ast-global-color-5)","background-image":"","background-repeat":"repeat","background-position":"center center","background-size":"auto","background-attachment":"scroll","background-type":"","background-media":"","overlay-type":"","overlay-color":"","overlay-opacity":"","overlay-gradient":""}},"footnotes":""},"categories":[1],"tags":[],"class_list":["post-394","post","type-post","status-publish","format-standard","hentry","category-noticias"],"_links":{"self":[{"href":"https:\/\/crb1.org.br\/site\/wp-json\/wp\/v2\/posts\/394","targetHints":{"allow":["GET"]}}],"collection":[{"href":"https:\/\/crb1.org.br\/site\/wp-json\/wp\/v2\/posts"}],"about":[{"href":"https:\/\/crb1.org.br\/site\/wp-json\/wp\/v2\/types\/post"}],"author":[{"embeddable":true,"href":"https:\/\/crb1.org.br\/site\/wp-json\/wp\/v2\/users\/1"}],"replies":[{"embeddable":true,"href":"https:\/\/crb1.org.br\/site\/wp-json\/wp\/v2\/comments?post=394"}],"version-history":[{"count":0,"href":"https:\/\/crb1.org.br\/site\/wp-json\/wp\/v2\/posts\/394\/revisions"}],"wp:attachment":[{"href":"https:\/\/crb1.org.br\/site\/wp-json\/wp\/v2\/media?parent=394"}],"wp:term":[{"taxonomy":"category","embeddable":true,"href":"https:\/\/crb1.org.br\/site\/wp-json\/wp\/v2\/categories?post=394"},{"taxonomy":"post_tag","embeddable":true,"href":"https:\/\/crb1.org.br\/site\/wp-json\/wp\/v2\/tags?post=394"}],"curies":[{"name":"wp","href":"https:\/\/api.w.org\/{rel}","templated":true}]}}