{"id":3956,"date":"2019-05-09T13:59:33","date_gmt":"2019-05-09T16:59:33","guid":{"rendered":"https:\/\/crb1.org.br\/?p=3956"},"modified":"2019-05-09T13:59:33","modified_gmt":"2019-05-09T16:59:33","slug":"cursos-iberbibliotecas-2019","status":"publish","type":"post","link":"https:\/\/crb1.org.br\/site\/2019\/05\/cursos-iberbibliotecas-2019\/","title":{"rendered":"Cursos Iberbibliotecas 2019"},"content":{"rendered":"<h3 style=\"text-align: justify;\">Cursos Iberbibliotecas 2019<\/h3>\n<p style=\"text-align: justify;\">Com o objetivo de contribuir ao desenvolvimento de recursos humanos suficientes e altamente qualificados para assumir os desafios que as bibliotecas p\u00fablicas t\u00eam na regi\u00e3o ibero-americana, o Programa Ibero-americano de Bibliotecas P\u00fablicas,\u00a0<strong>Iberbibliotecas<\/strong>,\u00a0 apresenta seu programa de cursos virtuais dirigido a bibliotec\u00e1rios p\u00fablicos dos\u00a0 pa\u00edses e cidades membros. Os bibliotec\u00e1rios poder\u00e3o melhorar suas concorr\u00eancias profissionais em diferentes \u00e2mbitos atrav\u00e9s da oferta de cursos selecionados para este ano.<\/p>\n<p style=\"text-align: justify;\">Durante o ano de 2019,\u00a0<strong>Iberbibliotecas<\/strong>\u00a0vai oferecer 300 vagas nos seguintes cursos:<\/p>\n<ol>\n<li style=\"text-align: justify;\">Forma\u00e7\u00e3o de usu\u00e1rios e alfabetiza\u00e7\u00e3o informacional.<\/li>\n<li style=\"text-align: justify;\">Gest\u00e3o e preserva\u00e7\u00e3o do patrim\u00f4nio digital.<\/li>\n<\/ol>\n<p>As inscri\u00e7\u00f5es ir\u00e3o at\u00e9 o dia 16 de maio de 2019.<br \/>\nOs bibliotec\u00e1rios brasileiros poder\u00e3o escrever todos os textos e atividades do curso em l\u00edngua portuguesa.<\/p>\n<h3>Program\u00e3o dos Cursos<\/h3>\n<ul>\n<li><em>Forma\u00e7\u00e3o de usu\u00e1rios e alfabetiza\u00e7\u00e3o informacional. (Conte\u00fados em portugu\u00eas)<\/em>\n<ul>\n<li>Oferecido por:\u00a0Biblioredes<\/li>\n<li>Datas: 19 de junho \u2013 19 de julho<\/li>\n<li>Vagas dispon\u00edveis: 150<\/li>\n<li>Ver programa completo\u00a0<a href=\"http:\/\/www.iberbibliotecas.org\/wp-content\/uploads\/2017\/03\/Formacion-de-usuarios.pdf\" target=\"_blank\" rel=\"noopener\">aqui<\/a><\/li>\n<\/ul>\n<\/li>\n<\/ul>\n<ul>\n<li><em>Gest\u00e3o e preserva\u00e7\u00e3o do patrim\u00f4nio digital. (Conte\u00fados em portugu\u00eas)<\/em>\n<ul>\n<li>Oferecido por:\u00a0Biblioredes<\/li>\n<li>Datas: 19 de junho \u2013 19 de julho<\/li>\n<li>Vagas dispon\u00edveis: 150<\/li>\n<li>Ver programa completo\u00a0<a href=\"http:\/\/www.iberbibliotecas.org\/wp-content\/uploads\/2017\/03\/Gesti%C3%B3n-y-preservaci%C3%B3n.pdf\" target=\"_blank\" rel=\"noopener\">aqui<\/a><\/li>\n<\/ul>\n<\/li>\n<\/ul>\n<p>Para mais informa\u00e7\u00f5es acesse o site:\u00a0<a href=\"http:\/\/www.iberbibliotecas.org\/convocatoria-de-cursos\/\">http:\/\/www.iberbibliotecas.org\/convocatoria-de-cursos\/<\/a><br \/>\n&nbsp;<\/p>\n<hr \/>\n<p>&nbsp;<br \/>\n&nbsp;<\/p>\n","protected":false},"excerpt":{"rendered":"<p>Cursos Iberbibliotecas 2019 Com o objetivo de contribuir ao desenvolvimento de recursos humanos suficientes e altamente qualificados para assumir os desafios que as bibliotecas p\u00fablicas t\u00eam na regi\u00e3o ibero-americana, o Programa Ibero-americano de Bibliotecas P\u00fablicas,\u00a0Iberbibliotecas,\u00a0 apresenta seu programa de cursos virtuais dirigido a bibliotec\u00e1rios p\u00fablicos dos\u00a0 pa\u00edses e cidades membros. Os bibliotec\u00e1rios poder\u00e3o melhorar suas [&hellip;]<\/p>\n","protected":false},"author":1,"featured_media":3957,"comment_status":"open","ping_status":"open","sticky":false,"template":"","format":"standard","meta":{"site-sidebar-layout":"default","site-content-layout":"","ast-site-content-layout":"default","site-content-style":"default","site-sidebar-style":"default","ast-global-header-display":"","ast-banner-title-visibility":"","ast-main-header-display":"","ast-hfb-above-header-display":"","ast-hfb-below-header-display":"","ast-hfb-mobile-header-display":"","site-post-title":"","ast-breadcrumbs-content":"","ast-featured-img":"","footer-sml-layout":"","ast-disable-related-posts":"","theme-transparent-header-meta":"","adv-header-id-meta":"","stick-header-meta":"","header-above-stick-meta":"","header-main-stick-meta":"","header-below-stick-meta":"","astra-migrate-meta-layouts":"default","ast-page-background-enabled":"default","ast-page-background-meta":{"desktop":{"background-color":"","background-image":"","background-repeat":"repeat","background-position":"center center","background-size":"auto","background-attachment":"scroll","background-type":"","background-media":"","overlay-type":"","overlay-color":"","overlay-opacity":"","overlay-gradient":""},"tablet":{"background-color":"","background-image":"","background-repeat":"repeat","background-position":"center center","background-size":"auto","background-attachment":"scroll","background-type":"","background-media":"","overlay-type":"","overlay-color":"","overlay-opacity":"","overlay-gradient":""},"mobile":{"background-color":"","background-image":"","background-repeat":"repeat","background-position":"center center","background-size":"auto","background-attachment":"scroll","background-type":"","background-media":"","overlay-type":"","overlay-color":"","overlay-opacity":"","overlay-gradient":""}},"ast-content-background-meta":{"desktop":{"background-color":"var(--ast-global-color-5)","background-image":"","background-repeat":"repeat","background-position":"center center","background-size":"auto","background-attachment":"scroll","background-type":"","background-media":"","overlay-type":"","overlay-color":"","overlay-opacity":"","overlay-gradient":""},"tablet":{"background-color":"var(--ast-global-color-5)","background-image":"","background-repeat":"repeat","background-position":"center center","background-size":"auto","background-attachment":"scroll","background-type":"","background-media":"","overlay-type":"","overlay-color":"","overlay-opacity":"","overlay-gradient":""},"mobile":{"background-color":"var(--ast-global-color-5)","background-image":"","background-repeat":"repeat","background-position":"center center","background-size":"auto","background-attachment":"scroll","background-type":"","background-media":"","overlay-type":"","overlay-color":"","overlay-opacity":"","overlay-gradient":""}},"footnotes":""},"categories":[24],"tags":[],"class_list":["post-3956","post","type-post","status-publish","format-standard","has-post-thumbnail","hentry","category-evento"],"_links":{"self":[{"href":"https:\/\/crb1.org.br\/site\/wp-json\/wp\/v2\/posts\/3956","targetHints":{"allow":["GET"]}}],"collection":[{"href":"https:\/\/crb1.org.br\/site\/wp-json\/wp\/v2\/posts"}],"about":[{"href":"https:\/\/crb1.org.br\/site\/wp-json\/wp\/v2\/types\/post"}],"author":[{"embeddable":true,"href":"https:\/\/crb1.org.br\/site\/wp-json\/wp\/v2\/users\/1"}],"replies":[{"embeddable":true,"href":"https:\/\/crb1.org.br\/site\/wp-json\/wp\/v2\/comments?post=3956"}],"version-history":[{"count":0,"href":"https:\/\/crb1.org.br\/site\/wp-json\/wp\/v2\/posts\/3956\/revisions"}],"wp:featuredmedia":[{"embeddable":true,"href":"https:\/\/crb1.org.br\/site\/wp-json\/"}],"wp:attachment":[{"href":"https:\/\/crb1.org.br\/site\/wp-json\/wp\/v2\/media?parent=3956"}],"wp:term":[{"taxonomy":"category","embeddable":true,"href":"https:\/\/crb1.org.br\/site\/wp-json\/wp\/v2\/categories?post=3956"},{"taxonomy":"post_tag","embeddable":true,"href":"https:\/\/crb1.org.br\/site\/wp-json\/wp\/v2\/tags?post=3956"}],"curies":[{"name":"wp","href":"https:\/\/api.w.org\/{rel}","templated":true}]}}