{"id":396,"date":"2013-04-03T11:01:43","date_gmt":"2013-04-03T14:01:43","guid":{"rendered":"https:\/\/novocrb1.ultramidia.com.br\/conheca-o-crb-01\/"},"modified":"2013-04-03T11:01:43","modified_gmt":"2013-04-03T14:01:43","slug":"conheca-o-crb-01","status":"publish","type":"post","link":"https:\/\/crb1.org.br\/site\/2013\/04\/conheca-o-crb-01\/","title":{"rendered":"Conhe\u00e7a o CRB-01"},"content":{"rendered":"<h4>Hist\u00f3rico<\/h4>\n<p align=\"justify\">\u00a0\u00a0\u00a0\u00a0 O CRB 1 foi criado em 1966 atrav\u00e9s da Resolu\u00e7\u00e3o n\u00ba 4 de 12 de julho, reformulada pela Resolu\u00e7\u00e3o n\u00ba 151 do Conselho Federal de Biblioteconomia &#8211; CFB. Com sede no Distrito Federal e jurisdi\u00e7\u00e3o nos estados de Goi\u00e1s, Mato Grosso e Mato Grosso do Sul, possui personalidade jur\u00eddica de direito p\u00fablico, autonomia financeira, administrativa e patrimonial. Tem por finalidade orientar, aperfei\u00e7oar, disciplinar e fiscalizar o exerc\u00edcio da profiss\u00e3o de bibliotec\u00e1rio.\u00a0<br \/>Em reuni\u00e3o datada de 16 de agosto de 1966 foi eleita a primeira diretoria do CRB 1 composta pelos seguintes membros:\u00a0<\/p>\n<p>\u2022 Presidente: Nydia da Silveira Caldas;\u00a0<br \/>\u2022 1\u00aa Secret\u00e1ria: Jeannette de Albuquerque;\u00a0<br \/>\u2022 2\u00aa Secret\u00e1ria: Zil\u00e1 Mottinha;\u00a0<br \/>\u2022 Tesoureira: Zeneida Cavalcante de Queiroz Ubirajara.\u00a0<\/p>\n<p>\u00a0\u00a0\u00a0\u00a0 Participaram desta reuni\u00e3o o ent\u00e3o coordenador da Biblioteca da Universidade de Bras\u00edlia, o professor Edson Nery da Fonseca e tamb\u00e9m os conselheiros Myriam Gurj\u00e3o de Mello, Cord\u00e9lia Robalinho Cavalcanti, Leda C\u00e2mara, Washigton Jos\u00e9 de Almeida Moura, Maria Yvonete Faria Cunha, Clea Cesar Cerqueira, Roque da Silva e Edith Port.\u00a0<\/p>\n","protected":false},"excerpt":{"rendered":"<p>Hist\u00f3rico \u00a0\u00a0\u00a0\u00a0 O CRB 1 foi criado em 1966 atrav\u00e9s da Resolu\u00e7\u00e3o n\u00ba 4 de 12 de julho, reformulada pela Resolu\u00e7\u00e3o n\u00ba 151 do Conselho Federal de Biblioteconomia &#8211; CFB. Com sede no Distrito Federal e jurisdi\u00e7\u00e3o nos estados de Goi\u00e1s, Mato Grosso e Mato Grosso do Sul, possui personalidade jur\u00eddica de direito p\u00fablico, autonomia [&hellip;]<\/p>\n","protected":false},"author":1,"featured_media":0,"comment_status":"open","ping_status":"open","sticky":false,"template":"","format":"standard","meta":{"site-sidebar-layout":"default","site-content-layout":"","ast-site-content-layout":"default","site-content-style":"default","site-sidebar-style":"default","ast-global-header-display":"","ast-banner-title-visibility":"","ast-main-header-display":"","ast-hfb-above-header-display":"","ast-hfb-below-header-display":"","ast-hfb-mobile-header-display":"","site-post-title":"","ast-breadcrumbs-content":"","ast-featured-img":"","footer-sml-layout":"","ast-disable-related-posts":"","theme-transparent-header-meta":"","adv-header-id-meta":"","stick-header-meta":"","header-above-stick-meta":"","header-main-stick-meta":"","header-below-stick-meta":"","astra-migrate-meta-layouts":"default","ast-page-background-enabled":"default","ast-page-background-meta":{"desktop":{"background-color":"","background-image":"","background-repeat":"repeat","background-position":"center center","background-size":"auto","background-attachment":"scroll","background-type":"","background-media":"","overlay-type":"","overlay-color":"","overlay-opacity":"","overlay-gradient":""},"tablet":{"background-color":"","background-image":"","background-repeat":"repeat","background-position":"center center","background-size":"auto","background-attachment":"scroll","background-type":"","background-media":"","overlay-type":"","overlay-color":"","overlay-opacity":"","overlay-gradient":""},"mobile":{"background-color":"","background-image":"","background-repeat":"repeat","background-position":"center center","background-size":"auto","background-attachment":"scroll","background-type":"","background-media":"","overlay-type":"","overlay-color":"","overlay-opacity":"","overlay-gradient":""}},"ast-content-background-meta":{"desktop":{"background-color":"var(--ast-global-color-5)","background-image":"","background-repeat":"repeat","background-position":"center center","background-size":"auto","background-attachment":"scroll","background-type":"","background-media":"","overlay-type":"","overlay-color":"","overlay-opacity":"","overlay-gradient":""},"tablet":{"background-color":"var(--ast-global-color-5)","background-image":"","background-repeat":"repeat","background-position":"center center","background-size":"auto","background-attachment":"scroll","background-type":"","background-media":"","overlay-type":"","overlay-color":"","overlay-opacity":"","overlay-gradient":""},"mobile":{"background-color":"var(--ast-global-color-5)","background-image":"","background-repeat":"repeat","background-position":"center center","background-size":"auto","background-attachment":"scroll","background-type":"","background-media":"","overlay-type":"","overlay-color":"","overlay-opacity":"","overlay-gradient":""}},"footnotes":""},"categories":[24],"tags":[],"class_list":["post-396","post","type-post","status-publish","format-standard","hentry","category-evento"],"_links":{"self":[{"href":"https:\/\/crb1.org.br\/site\/wp-json\/wp\/v2\/posts\/396","targetHints":{"allow":["GET"]}}],"collection":[{"href":"https:\/\/crb1.org.br\/site\/wp-json\/wp\/v2\/posts"}],"about":[{"href":"https:\/\/crb1.org.br\/site\/wp-json\/wp\/v2\/types\/post"}],"author":[{"embeddable":true,"href":"https:\/\/crb1.org.br\/site\/wp-json\/wp\/v2\/users\/1"}],"replies":[{"embeddable":true,"href":"https:\/\/crb1.org.br\/site\/wp-json\/wp\/v2\/comments?post=396"}],"version-history":[{"count":0,"href":"https:\/\/crb1.org.br\/site\/wp-json\/wp\/v2\/posts\/396\/revisions"}],"wp:attachment":[{"href":"https:\/\/crb1.org.br\/site\/wp-json\/wp\/v2\/media?parent=396"}],"wp:term":[{"taxonomy":"category","embeddable":true,"href":"https:\/\/crb1.org.br\/site\/wp-json\/wp\/v2\/categories?post=396"},{"taxonomy":"post_tag","embeddable":true,"href":"https:\/\/crb1.org.br\/site\/wp-json\/wp\/v2\/tags?post=396"}],"curies":[{"name":"wp","href":"https:\/\/api.w.org\/{rel}","templated":true}]}}