{"id":4003,"date":"2019-05-16T10:17:11","date_gmt":"2019-05-16T13:17:11","guid":{"rendered":"https:\/\/crb1.org.br\/?p=4003"},"modified":"2019-05-16T10:17:11","modified_gmt":"2019-05-16T13:17:11","slug":"concurso-da-ufpa-vaga-para-bibliotecario","status":"publish","type":"post","link":"https:\/\/crb1.org.br\/site\/2019\/05\/concurso-da-ufpa-vaga-para-bibliotecario\/","title":{"rendered":"Concurso da UFPA &#8211; Vaga para Bibliotec\u00e1rio"},"content":{"rendered":"<div class=\"blog-post-content\"><\/div>\n<div class=\"blog-post-text\">\n<div class=\"wp-block-image\" style=\"text-align: left;\"><\/div>\n<p><a href=\"https:\/\/www.estrategiaconcursos.com.br\/blog\/concurso-ufpa-2019\/\">Concurso UFPA 2019<\/a>\u00a0\/ <a href=\"https:\/\/blog-static.infra.grancursosonline.com.br\/wp-content\/uploads\/2019\/05\/15090916\/Edital-UFPA-2019.pdf\">Edital da UFPA<\/a><br \/>\n<em>Edital do concurso UFPA 2019 prev\u00ea provas em agosto<\/em><br \/>\nFoi publicado nesta quarta-feira, 15 de maio, o edital do novo concurso da Universidade Federal do Par\u00e1 com\u00a0<strong>15 vagas\u00a0<\/strong>imediatas para T\u00e9cnicos Administrativos em Educa\u00e7\u00e3o de\u00a0<strong>N\u00edvel Superior<\/strong>.<\/p>\n<p style=\"text-align: justify;\">Os interessados poder\u00e3o se inscrever entre os dias\u00a0<strong>22 de maio<\/strong>\u00a0e\u00a0<strong>17 de junho de 2019<\/strong>, no portal de concursos do\u00a0<strong>CEPS\/UFPA<\/strong>. O valor da taxa de inscri\u00e7\u00e3o foi fixado em R$ 180,00 e pode ser pago at\u00e9 o dia 19 de junho.<\/p>\n<p style=\"text-align: justify;\"><strong>Bibliotec\u00e1rio Documentalista<\/strong>\u00a0(40h) \u2013 1<\/p>\n<p style=\"text-align: justify;\"><strong>Requisito<\/strong>: Possuir o diploma de curso superior de gradua\u00e7\u00e3o em Biblioteconomia e Registro no Conselho competente.<\/p>\n<p style=\"text-align: justify;\">As provas objetivas do concurso est\u00e3o marcadas para o dia\u00a0<strong>18 de agosto de 2019<\/strong>, das 14h \u00e0s 19h, exclusivamente na cidade de Bel\u00e9m (PA)<\/p>\n<p>A remunera\u00e7\u00e3o inicial da carreira \u00e9 de R$ 4.180,66, acrescida de aux\u00edlio-alimenta\u00e7\u00e3o de R$ 458,00, aux\u00edlio-transporte, assist\u00eancia suplementar \u00e0 sa\u00fade e aux\u00edlio pr\u00e9-escolar de R$ 321,00 (por dependente de at\u00e9 5 anos de idade).<\/p>\n<hr \/>\n<p style=\"text-align: justify;\">\n<\/div>\n","protected":false},"excerpt":{"rendered":"<p>Concurso UFPA 2019\u00a0\/ Edital da UFPA Edital do concurso UFPA 2019 prev\u00ea provas em agosto Foi publicado nesta quarta-feira, 15 de maio, o edital do novo concurso da Universidade Federal do Par\u00e1 com\u00a015 vagas\u00a0imediatas para T\u00e9cnicos Administrativos em Educa\u00e7\u00e3o de\u00a0N\u00edvel Superior. Os interessados poder\u00e3o se inscrever entre os dias\u00a022 de maio\u00a0e\u00a017 de junho de 2019, [&hellip;]<\/p>\n","protected":false},"author":1,"featured_media":4005,"comment_status":"open","ping_status":"open","sticky":false,"template":"","format":"standard","meta":{"site-sidebar-layout":"default","site-content-layout":"","ast-site-content-layout":"default","site-content-style":"default","site-sidebar-style":"default","ast-global-header-display":"","ast-banner-title-visibility":"","ast-main-header-display":"","ast-hfb-above-header-display":"","ast-hfb-below-header-display":"","ast-hfb-mobile-header-display":"","site-post-title":"","ast-breadcrumbs-content":"","ast-featured-img":"","footer-sml-layout":"","ast-disable-related-posts":"","theme-transparent-header-meta":"","adv-header-id-meta":"","stick-header-meta":"","header-above-stick-meta":"","header-main-stick-meta":"","header-below-stick-meta":"","astra-migrate-meta-layouts":"default","ast-page-background-enabled":"default","ast-page-background-meta":{"desktop":{"background-color":"","background-image":"","background-repeat":"repeat","background-position":"center center","background-size":"auto","background-attachment":"scroll","background-type":"","background-media":"","overlay-type":"","overlay-color":"","overlay-opacity":"","overlay-gradient":""},"tablet":{"background-color":"","background-image":"","background-repeat":"repeat","background-position":"center center","background-size":"auto","background-attachment":"scroll","background-type":"","background-media":"","overlay-type":"","overlay-color":"","overlay-opacity":"","overlay-gradient":""},"mobile":{"background-color":"","background-image":"","background-repeat":"repeat","background-position":"center center","background-size":"auto","background-attachment":"scroll","background-type":"","background-media":"","overlay-type":"","overlay-color":"","overlay-opacity":"","overlay-gradient":""}},"ast-content-background-meta":{"desktop":{"background-color":"var(--ast-global-color-5)","background-image":"","background-repeat":"repeat","background-position":"center center","background-size":"auto","background-attachment":"scroll","background-type":"","background-media":"","overlay-type":"","overlay-color":"","overlay-opacity":"","overlay-gradient":""},"tablet":{"background-color":"var(--ast-global-color-5)","background-image":"","background-repeat":"repeat","background-position":"center center","background-size":"auto","background-attachment":"scroll","background-type":"","background-media":"","overlay-type":"","overlay-color":"","overlay-opacity":"","overlay-gradient":""},"mobile":{"background-color":"var(--ast-global-color-5)","background-image":"","background-repeat":"repeat","background-position":"center center","background-size":"auto","background-attachment":"scroll","background-type":"","background-media":"","overlay-type":"","overlay-color":"","overlay-opacity":"","overlay-gradient":""}},"footnotes":""},"categories":[1],"tags":[64,459,512],"class_list":["post-4003","post","type-post","status-publish","format-standard","has-post-thumbnail","hentry","category-noticias","tag-concurso","tag-concurso-publico","tag-vaga"],"_links":{"self":[{"href":"https:\/\/crb1.org.br\/site\/wp-json\/wp\/v2\/posts\/4003","targetHints":{"allow":["GET"]}}],"collection":[{"href":"https:\/\/crb1.org.br\/site\/wp-json\/wp\/v2\/posts"}],"about":[{"href":"https:\/\/crb1.org.br\/site\/wp-json\/wp\/v2\/types\/post"}],"author":[{"embeddable":true,"href":"https:\/\/crb1.org.br\/site\/wp-json\/wp\/v2\/users\/1"}],"replies":[{"embeddable":true,"href":"https:\/\/crb1.org.br\/site\/wp-json\/wp\/v2\/comments?post=4003"}],"version-history":[{"count":0,"href":"https:\/\/crb1.org.br\/site\/wp-json\/wp\/v2\/posts\/4003\/revisions"}],"wp:featuredmedia":[{"embeddable":true,"href":"https:\/\/crb1.org.br\/site\/wp-json\/"}],"wp:attachment":[{"href":"https:\/\/crb1.org.br\/site\/wp-json\/wp\/v2\/media?parent=4003"}],"wp:term":[{"taxonomy":"category","embeddable":true,"href":"https:\/\/crb1.org.br\/site\/wp-json\/wp\/v2\/categories?post=4003"},{"taxonomy":"post_tag","embeddable":true,"href":"https:\/\/crb1.org.br\/site\/wp-json\/wp\/v2\/tags?post=4003"}],"curies":[{"name":"wp","href":"https:\/\/api.w.org\/{rel}","templated":true}]}}