{"id":4047,"date":"2019-05-24T16:59:13","date_gmt":"2019-05-24T19:59:13","guid":{"rendered":"https:\/\/crb1.org.br\/?p=4047"},"modified":"2019-05-24T16:59:13","modified_gmt":"2019-05-24T19:59:13","slug":"lingua-nacional-sua-linda","status":"publish","type":"post","link":"https:\/\/crb1.org.br\/site\/2019\/05\/lingua-nacional-sua-linda\/","title":{"rendered":"L\u00edngua Nacional, sua linda!!!!!"},"content":{"rendered":"<h3 style=\"text-align: justify;\"><em><span style=\"color: #333399;\">L\u00edngua Nacional, sua linda!!!!!<\/span><\/em><\/h3>\n<p style=\"text-align: justify;\">Sexta-feira, agora o Sol veio para ficar, as festas juninas j\u00e1 nos acenam, mas antes de nos enveredar pelo m\u00eas do anari\u00ea, e nos despedir do m\u00eas de maio, j\u00e1 verificou os termos do vocabul\u00e1rio controlado? E a quantas anda a indexa\u00e7\u00e3o? E os resumos indicativo e explicativo est\u00e3o em plena produ\u00e7\u00e3o?<\/p>\n<p style=\"text-align: justify;\">Mas nada disso seria poss\u00edvel se n\u00e3o existisse em primeiro lugar a escrita e com certeza a l\u00edngua nacional. Fico a indagar como seria a nossa comunica\u00e7\u00e3o? Como seria a dissemina\u00e7\u00e3o da informa\u00e7\u00e3o? Existiria a Sociedade da Informa\u00e7\u00e3o? Como o conhecimento chegaria a todos?<br \/>\nEnt\u00e3o para ajudar a organizar o pensar e o comunicar temos o aux\u00edlio fundamental do idioma, ent\u00e3o nada mais justo que uma homenagem.<\/p>\n<figure id=\"attachment_4056\" aria-describedby=\"caption-attachment-4056\" style=\"width: 520px\" class=\"wp-caption alignright\"><a href=\"http:\/\/http:\/\/museudalinguaportuguesa.org.br\/\"><img fetchpriority=\"high\" decoding=\"async\" class=\"wp-image-4056\" src=\"https:\/\/novocrb1.ultramidia.com.br\/wp-content\/uploads\/2019\/05\/Esta\u00e7\u00e3o-da-Luz-noite.jpg\" width=\"520\" height=\"234\" \/><\/a><figcaption id=\"caption-attachment-4056\" class=\"wp-caption-text\">Esta\u00e7\u00e3o da Luz &#8211; Museu da L\u00edngua Portuguesa<\/figcaption><\/figure>\n<p style=\"text-align: justify;\">Com isso dia 21 de maio, temos o dia da l\u00edngua nacional.<br \/>\nA nossa l\u00edngua oficial \u00e9 o Portugu\u00eas (que muitas vezes \u00e9 maltratado, Deus nos livre dos erros de concord\u00e2ncia e reg\u00eancia).<\/p>\n<p style=\"text-align: justify;\">Mas como se escolheu a l\u00edngua portuguesa, como a nossa l\u00edngua nacional? Ah minha amiga pesquisa marota te explica:<\/p>\n<p style=\"text-align: justify;\">A l\u00edngua portuguesa \u00e9 falada no Brasil por influ\u00eancia dos portugueses, principais respons\u00e1veis pela coloniza\u00e7\u00e3o no pa\u00eds. Por\u00e9m, o portugu\u00eas falado pelos brasileiros \u00e9 dotado de diversas varia\u00e7\u00f5es derivadas de outros idiomas, como o Tupi-Guarani, por exemplo. O Tupi foi uma das maiores na\u00e7\u00f5es ind\u00edgenas do Brasil, quando os primeiros colonizadores europeus desembarcaram nas terras tupiniquins. Al\u00e9m dos idiomas ind\u00edgenas, a l\u00edngua portuguesa brasileira tamb\u00e9m \u00e9 sincretizada com idiomas dos povos africanos (como o ioruba, jejes e nag\u00f4s, por exemplo), que foram trazidos para o Brasil durante o per\u00edodo da escravid\u00e3o. Ou seja, nosso Portugu\u00eas \u00e9 uma Babil\u00f4nia de l\u00ednguas e dialetos.<\/p>\n<figure id=\"attachment_4052\" aria-describedby=\"caption-attachment-4052\" style=\"width: 287px\" class=\"wp-caption alignleft\"><img decoding=\"async\" class=\" wp-image-4052\" src=\"https:\/\/novocrb1.ultramidia.com.br\/wp-content\/uploads\/2019\/05\/\u00edndice.jpg\" alt=\"Alfabeto Tupi-Guarani\" width=\"287\" height=\"321\" \/><figcaption id=\"caption-attachment-4052\" class=\"wp-caption-text\">Alfabeto Tupi-Guarani<\/figcaption><\/figure>\n<p style=\"text-align: justify;\">Claro que em tempos modernosos a l\u00edngua e a linguagem evoluem e se adaptam as necessidades. Mas nada mais prazeroso do que ver a nossa l\u00edngua m\u00e3e uma forte propulsora do pensar e do organizar. Que assim se perdure por muitos s\u00e9culos. Salve nossa l\u00edngua nacional e que todo dia seja seu dia!!!! Que Nossa Senhora da Concord\u00e2ncia nos ajude e Virgem Sant\u00edssima da Reg\u00eancia Verbal e Nominal n\u00e3o nos abandone.<\/p>\n<p>&nbsp;<br \/>\n<span style=\"color: #993300;\"><em><strong>See you<\/strong>\u00a0<\/em><span style=\"color: #ff0000;\">\u2665\u2665<\/span><\/span><\/p>\n<div>\n<div>\n<div>\n<p style=\"text-align: right;\"><strong><em>Ana Karina Fraga\u00a0\u2665\u00a0Bibliotec\u00e1ria e Cronista\u00a0\u2665\u00a0CRB1 \u2013 1887<\/em><\/strong><\/p>\n<p style=\"text-align: right;\"><img decoding=\"async\" class=\"alignnone wp-image-4055\" src=\"https:\/\/novocrb1.ultramidia.com.br\/wp-content\/uploads\/2019\/05\/bandeirinhas-1.png\" alt=\"bandeirinhas-1\" width=\"414\" height=\"82\" \/><\/p>\n<\/div>\n<\/div>\n<\/div>\n<div><\/div>\n<div><\/div>\n<div><\/div>\n<div><\/div>\n<div><\/div>\n<div><\/div>\n<div>\n<hr \/>\n<\/div>\n<div>Pesquisa marota (\u00a0<a href=\"https:\/\/www.calendarr.com\/brasil\/dia-da-lingua-nacional\/\" target=\"_blank\" rel=\"noreferrer noopener\" data-saferedirecturl=\"https:\/\/www.google.com\/url?q=https:\/\/www.calendarr.com\/brasil\/dia-da-lingua-nacional\/&amp;source=gmail&amp;ust=1558706178343000&amp;usg=AFQjCNGfMUfiKLdbeiFV4YKciLxXwY8DUg\">https:\/\/www.calendarr.com\/<wbr \/>brasil\/dia-da-lingua-nacional\/<\/a><wbr \/>)<\/div>\n","protected":false},"excerpt":{"rendered":"<p>L\u00edngua Nacional, sua linda!!!!! Sexta-feira, agora o Sol veio para ficar, as festas juninas j\u00e1 nos acenam, mas antes de nos enveredar pelo m\u00eas do anari\u00ea, e nos despedir do m\u00eas de maio, j\u00e1 verificou os termos do vocabul\u00e1rio controlado? E a quantas anda a indexa\u00e7\u00e3o? E os resumos indicativo e explicativo est\u00e3o em plena [&hellip;]<\/p>\n","protected":false},"author":1,"featured_media":4051,"comment_status":"open","ping_status":"open","sticky":false,"template":"","format":"standard","meta":{"site-sidebar-layout":"default","site-content-layout":"","ast-site-content-layout":"default","site-content-style":"default","site-sidebar-style":"default","ast-global-header-display":"","ast-banner-title-visibility":"","ast-main-header-display":"","ast-hfb-above-header-display":"","ast-hfb-below-header-display":"","ast-hfb-mobile-header-display":"","site-post-title":"","ast-breadcrumbs-content":"","ast-featured-img":"","footer-sml-layout":"","ast-disable-related-posts":"","theme-transparent-header-meta":"","adv-header-id-meta":"","stick-header-meta":"","header-above-stick-meta":"","header-main-stick-meta":"","header-below-stick-meta":"","astra-migrate-meta-layouts":"default","ast-page-background-enabled":"default","ast-page-background-meta":{"desktop":{"background-color":"","background-image":"","background-repeat":"repeat","background-position":"center center","background-size":"auto","background-attachment":"scroll","background-type":"","background-media":"","overlay-type":"","overlay-color":"","overlay-opacity":"","overlay-gradient":""},"tablet":{"background-color":"","background-image":"","background-repeat":"repeat","background-position":"center center","background-size":"auto","background-attachment":"scroll","background-type":"","background-media":"","overlay-type":"","overlay-color":"","overlay-opacity":"","overlay-gradient":""},"mobile":{"background-color":"","background-image":"","background-repeat":"repeat","background-position":"center center","background-size":"auto","background-attachment":"scroll","background-type":"","background-media":"","overlay-type":"","overlay-color":"","overlay-opacity":"","overlay-gradient":""}},"ast-content-background-meta":{"desktop":{"background-color":"var(--ast-global-color-5)","background-image":"","background-repeat":"repeat","background-position":"center center","background-size":"auto","background-attachment":"scroll","background-type":"","background-media":"","overlay-type":"","overlay-color":"","overlay-opacity":"","overlay-gradient":""},"tablet":{"background-color":"var(--ast-global-color-5)","background-image":"","background-repeat":"repeat","background-position":"center center","background-size":"auto","background-attachment":"scroll","background-type":"","background-media":"","overlay-type":"","overlay-color":"","overlay-opacity":"","overlay-gradient":""},"mobile":{"background-color":"var(--ast-global-color-5)","background-image":"","background-repeat":"repeat","background-position":"center center","background-size":"auto","background-attachment":"scroll","background-type":"","background-media":"","overlay-type":"","overlay-color":"","overlay-opacity":"","overlay-gradient":""}},"footnotes":""},"categories":[26],"tags":[],"class_list":["post-4047","post","type-post","status-publish","format-standard","has-post-thumbnail","hentry","category-biblion"],"_links":{"self":[{"href":"https:\/\/crb1.org.br\/site\/wp-json\/wp\/v2\/posts\/4047","targetHints":{"allow":["GET"]}}],"collection":[{"href":"https:\/\/crb1.org.br\/site\/wp-json\/wp\/v2\/posts"}],"about":[{"href":"https:\/\/crb1.org.br\/site\/wp-json\/wp\/v2\/types\/post"}],"author":[{"embeddable":true,"href":"https:\/\/crb1.org.br\/site\/wp-json\/wp\/v2\/users\/1"}],"replies":[{"embeddable":true,"href":"https:\/\/crb1.org.br\/site\/wp-json\/wp\/v2\/comments?post=4047"}],"version-history":[{"count":0,"href":"https:\/\/crb1.org.br\/site\/wp-json\/wp\/v2\/posts\/4047\/revisions"}],"wp:featuredmedia":[{"embeddable":true,"href":"https:\/\/crb1.org.br\/site\/wp-json\/"}],"wp:attachment":[{"href":"https:\/\/crb1.org.br\/site\/wp-json\/wp\/v2\/media?parent=4047"}],"wp:term":[{"taxonomy":"category","embeddable":true,"href":"https:\/\/crb1.org.br\/site\/wp-json\/wp\/v2\/categories?post=4047"},{"taxonomy":"post_tag","embeddable":true,"href":"https:\/\/crb1.org.br\/site\/wp-json\/wp\/v2\/tags?post=4047"}],"curies":[{"name":"wp","href":"https:\/\/api.w.org\/{rel}","templated":true}]}}