{"id":405,"date":"2013-04-15T17:19:05","date_gmt":"2013-04-15T20:19:05","guid":{"rendered":"https:\/\/novocrb1.ultramidia.com.br\/associacao-de-bibliotecarios-de-goias-visita-o-crb-1\/"},"modified":"2013-04-15T17:19:05","modified_gmt":"2013-04-15T20:19:05","slug":"associacao-de-bibliotecarios-de-goias-visita-o-crb-1","status":"publish","type":"post","link":"https:\/\/crb1.org.br\/site\/2013\/04\/associacao-de-bibliotecarios-de-goias-visita-o-crb-1\/","title":{"rendered":"Associa\u00e7\u00e3o de Bibliotec\u00e1rios de Goi\u00e1s visita o CRB-1"},"content":{"rendered":"<p><img fetchpriority=\"high\" decoding=\"async\" src=\"https:\/\/lh4.googleusercontent.com\/-lwk92auW2BQ\/UFc3ui56jdI\/AAAAAAAABD0\/vn8Jpfyykqs\/s640\/foto.jpg\" width=\"276\" height=\"208\" style=\"float: left; margin-left: 5px; margin-right: 5px; border: 5px solid black;\" \/>Nos dias 30 e 31 de agosto ocorreu o encontro entre o presidente do CRB-1, Ant\u00f4nio Jos\u00e9 Oliveira Silva, e a presidente da Associa\u00e7\u00e3o de Bibliotec\u00e1rios de Goi\u00e1s, Izaura Ferreita Neta. O evento foi organizado para discutir a elabora\u00e7\u00e3o de uma agenda conjunta de trabalho entre as institui\u00e7\u00f5es e a parceria estrat\u00e9gica no sentido de aproximar os profissionais da \u00e1rea.<\/p>\n<p>Tamb\u00e9m presente ao encontro, a vice-presidente da ABG, La\u00eds Pereira, explicou as dificuldades enfrentadas pela associa\u00e7\u00e3o para aplicar cursos de capacita\u00e7\u00e3o, firmar conv\u00eanios e melhorias \u00e0 categoria no estado, pois o n\u00famero de associados em Goi\u00e1s \u00e9 relativamente pequeno e n\u00e3o constitui fluxo de caixa suficiente.<\/p>\n<p>Outro assunto abordado no evento foi a eficiente fiscaliza\u00e7\u00e3o aplicada no estado pelo Delegado Regional e fiscal do CRB-1, Carlos Eduardo da Silveira, que realiza um trabalho s\u00e9rio e constante para garantir e proteger a atua\u00e7\u00e3o dos bibliotec\u00e1rios no exerc\u00edcio de suas fun\u00e7\u00f5es, al\u00e9m de verificar irregularidades que possam prejudicar seu bom andamento.<\/p>\n","protected":false},"excerpt":{"rendered":"<p>Nos dias 30 e 31 de agosto ocorreu o encontro entre o presidente do CRB-1, Ant\u00f4nio Jos\u00e9 Oliveira Silva, e a presidente da Associa\u00e7\u00e3o de Bibliotec\u00e1rios de Goi\u00e1s, Izaura Ferreita Neta. O evento foi organizado para discutir a elabora\u00e7\u00e3o de uma agenda conjunta de trabalho entre as institui\u00e7\u00f5es e a parceria estrat\u00e9gica no sentido de [&hellip;]<\/p>\n","protected":false},"author":1,"featured_media":0,"comment_status":"open","ping_status":"open","sticky":false,"template":"","format":"standard","meta":{"site-sidebar-layout":"default","site-content-layout":"","ast-site-content-layout":"default","site-content-style":"default","site-sidebar-style":"default","ast-global-header-display":"","ast-banner-title-visibility":"","ast-main-header-display":"","ast-hfb-above-header-display":"","ast-hfb-below-header-display":"","ast-hfb-mobile-header-display":"","site-post-title":"","ast-breadcrumbs-content":"","ast-featured-img":"","footer-sml-layout":"","ast-disable-related-posts":"","theme-transparent-header-meta":"","adv-header-id-meta":"","stick-header-meta":"","header-above-stick-meta":"","header-main-stick-meta":"","header-below-stick-meta":"","astra-migrate-meta-layouts":"default","ast-page-background-enabled":"default","ast-page-background-meta":{"desktop":{"background-color":"","background-image":"","background-repeat":"repeat","background-position":"center center","background-size":"auto","background-attachment":"scroll","background-type":"","background-media":"","overlay-type":"","overlay-color":"","overlay-opacity":"","overlay-gradient":""},"tablet":{"background-color":"","background-image":"","background-repeat":"repeat","background-position":"center center","background-size":"auto","background-attachment":"scroll","background-type":"","background-media":"","overlay-type":"","overlay-color":"","overlay-opacity":"","overlay-gradient":""},"mobile":{"background-color":"","background-image":"","background-repeat":"repeat","background-position":"center center","background-size":"auto","background-attachment":"scroll","background-type":"","background-media":"","overlay-type":"","overlay-color":"","overlay-opacity":"","overlay-gradient":""}},"ast-content-background-meta":{"desktop":{"background-color":"var(--ast-global-color-5)","background-image":"","background-repeat":"repeat","background-position":"center center","background-size":"auto","background-attachment":"scroll","background-type":"","background-media":"","overlay-type":"","overlay-color":"","overlay-opacity":"","overlay-gradient":""},"tablet":{"background-color":"var(--ast-global-color-5)","background-image":"","background-repeat":"repeat","background-position":"center center","background-size":"auto","background-attachment":"scroll","background-type":"","background-media":"","overlay-type":"","overlay-color":"","overlay-opacity":"","overlay-gradient":""},"mobile":{"background-color":"var(--ast-global-color-5)","background-image":"","background-repeat":"repeat","background-position":"center center","background-size":"auto","background-attachment":"scroll","background-type":"","background-media":"","overlay-type":"","overlay-color":"","overlay-opacity":"","overlay-gradient":""}},"footnotes":""},"categories":[1],"tags":[],"class_list":["post-405","post","type-post","status-publish","format-standard","hentry","category-noticias"],"_links":{"self":[{"href":"https:\/\/crb1.org.br\/site\/wp-json\/wp\/v2\/posts\/405","targetHints":{"allow":["GET"]}}],"collection":[{"href":"https:\/\/crb1.org.br\/site\/wp-json\/wp\/v2\/posts"}],"about":[{"href":"https:\/\/crb1.org.br\/site\/wp-json\/wp\/v2\/types\/post"}],"author":[{"embeddable":true,"href":"https:\/\/crb1.org.br\/site\/wp-json\/wp\/v2\/users\/1"}],"replies":[{"embeddable":true,"href":"https:\/\/crb1.org.br\/site\/wp-json\/wp\/v2\/comments?post=405"}],"version-history":[{"count":0,"href":"https:\/\/crb1.org.br\/site\/wp-json\/wp\/v2\/posts\/405\/revisions"}],"wp:attachment":[{"href":"https:\/\/crb1.org.br\/site\/wp-json\/wp\/v2\/media?parent=405"}],"wp:term":[{"taxonomy":"category","embeddable":true,"href":"https:\/\/crb1.org.br\/site\/wp-json\/wp\/v2\/categories?post=405"},{"taxonomy":"post_tag","embeddable":true,"href":"https:\/\/crb1.org.br\/site\/wp-json\/wp\/v2\/tags?post=405"}],"curies":[{"name":"wp","href":"https:\/\/api.w.org\/{rel}","templated":true}]}}