{"id":407,"date":"2013-04-15T17:44:29","date_gmt":"2013-04-15T20:44:29","guid":{"rendered":"https:\/\/novocrb1.ultramidia.com.br\/biblioteca-nacional-define-fgv-como-organizadora-de-seu-proximo-concurso\/"},"modified":"2013-04-15T17:44:29","modified_gmt":"2013-04-15T20:44:29","slug":"biblioteca-nacional-define-fgv-como-organizadora-de-seu-proximo-concurso","status":"publish","type":"post","link":"https:\/\/crb1.org.br\/site\/2013\/04\/biblioteca-nacional-define-fgv-como-organizadora-de-seu-proximo-concurso\/","title":{"rendered":"Biblioteca Nacional define FGV como organizadora de seu pr\u00f3ximo concurso"},"content":{"rendered":"<p><img fetchpriority=\"high\" decoding=\"async\" src=\"https:\/\/lh4.googleusercontent.com\/-yGVkyrYMglc\/UWw60nkhFEI\/AAAAAAAABuM\/yVzPchC3IyQ\/s720\/biblioteca-nacional-foto-agencia-estado.jpg\" width=\"276\" height=\"186\" style=\"margin-left: 5px; margin-right: 5px; float: left;\" \/>Fonte: Grancursos (<a href=\"http:\/\/www.grancursos.com.br\/novo\/portal\/?\/201\/2124\/\">http:\/\/www.grancursos.com.br\/novo\/portal\/?\/201\/2124\/<\/a>)<\/p>\n<p>A Funda\u00e7\u00e3o Get\u00falio Vargas j\u00e1 escolheu a organizadora de seu primeiro concurso p\u00fablico. O certame prev\u00ea 44 vagas de n\u00edvel m\u00e9dio. As chances ser\u00e3o para a sede da institui\u00e7\u00e3o na cidade do Rio de Janeiro (RJ).<\/p>\n<p>Est\u00e3o previstas vagas de n\u00edvel m\u00e9dio para as carreiras assistente administrativo, assistente administrativo 1, assistente administrativo 2 e assistente administrativo 3, assistente t\u00e9cnico administrativo e auxiliar de documenta\u00e7\u00e3o 2.<\/p>\n","protected":false},"excerpt":{"rendered":"<p>Fonte: Grancursos (http:\/\/www.grancursos.com.br\/novo\/portal\/?\/201\/2124\/) A Funda\u00e7\u00e3o Get\u00falio Vargas j\u00e1 escolheu a organizadora de seu primeiro concurso p\u00fablico. O certame prev\u00ea 44 vagas de n\u00edvel m\u00e9dio. As chances ser\u00e3o para a sede da institui\u00e7\u00e3o na cidade do Rio de Janeiro (RJ). Est\u00e3o previstas vagas de n\u00edvel m\u00e9dio para as carreiras assistente administrativo, assistente administrativo 1, assistente administrativo [&hellip;]<\/p>\n","protected":false},"author":1,"featured_media":0,"comment_status":"open","ping_status":"open","sticky":false,"template":"","format":"standard","meta":{"site-sidebar-layout":"default","site-content-layout":"","ast-site-content-layout":"default","site-content-style":"default","site-sidebar-style":"default","ast-global-header-display":"","ast-banner-title-visibility":"","ast-main-header-display":"","ast-hfb-above-header-display":"","ast-hfb-below-header-display":"","ast-hfb-mobile-header-display":"","site-post-title":"","ast-breadcrumbs-content":"","ast-featured-img":"","footer-sml-layout":"","ast-disable-related-posts":"","theme-transparent-header-meta":"","adv-header-id-meta":"","stick-header-meta":"","header-above-stick-meta":"","header-main-stick-meta":"","header-below-stick-meta":"","astra-migrate-meta-layouts":"default","ast-page-background-enabled":"default","ast-page-background-meta":{"desktop":{"background-color":"","background-image":"","background-repeat":"repeat","background-position":"center center","background-size":"auto","background-attachment":"scroll","background-type":"","background-media":"","overlay-type":"","overlay-color":"","overlay-opacity":"","overlay-gradient":""},"tablet":{"background-color":"","background-image":"","background-repeat":"repeat","background-position":"center center","background-size":"auto","background-attachment":"scroll","background-type":"","background-media":"","overlay-type":"","overlay-color":"","overlay-opacity":"","overlay-gradient":""},"mobile":{"background-color":"","background-image":"","background-repeat":"repeat","background-position":"center center","background-size":"auto","background-attachment":"scroll","background-type":"","background-media":"","overlay-type":"","overlay-color":"","overlay-opacity":"","overlay-gradient":""}},"ast-content-background-meta":{"desktop":{"background-color":"var(--ast-global-color-5)","background-image":"","background-repeat":"repeat","background-position":"center center","background-size":"auto","background-attachment":"scroll","background-type":"","background-media":"","overlay-type":"","overlay-color":"","overlay-opacity":"","overlay-gradient":""},"tablet":{"background-color":"var(--ast-global-color-5)","background-image":"","background-repeat":"repeat","background-position":"center center","background-size":"auto","background-attachment":"scroll","background-type":"","background-media":"","overlay-type":"","overlay-color":"","overlay-opacity":"","overlay-gradient":""},"mobile":{"background-color":"var(--ast-global-color-5)","background-image":"","background-repeat":"repeat","background-position":"center center","background-size":"auto","background-attachment":"scroll","background-type":"","background-media":"","overlay-type":"","overlay-color":"","overlay-opacity":"","overlay-gradient":""}},"footnotes":""},"categories":[1],"tags":[],"class_list":["post-407","post","type-post","status-publish","format-standard","hentry","category-noticias"],"_links":{"self":[{"href":"https:\/\/crb1.org.br\/site\/wp-json\/wp\/v2\/posts\/407","targetHints":{"allow":["GET"]}}],"collection":[{"href":"https:\/\/crb1.org.br\/site\/wp-json\/wp\/v2\/posts"}],"about":[{"href":"https:\/\/crb1.org.br\/site\/wp-json\/wp\/v2\/types\/post"}],"author":[{"embeddable":true,"href":"https:\/\/crb1.org.br\/site\/wp-json\/wp\/v2\/users\/1"}],"replies":[{"embeddable":true,"href":"https:\/\/crb1.org.br\/site\/wp-json\/wp\/v2\/comments?post=407"}],"version-history":[{"count":0,"href":"https:\/\/crb1.org.br\/site\/wp-json\/wp\/v2\/posts\/407\/revisions"}],"wp:attachment":[{"href":"https:\/\/crb1.org.br\/site\/wp-json\/wp\/v2\/media?parent=407"}],"wp:term":[{"taxonomy":"category","embeddable":true,"href":"https:\/\/crb1.org.br\/site\/wp-json\/wp\/v2\/categories?post=407"},{"taxonomy":"post_tag","embeddable":true,"href":"https:\/\/crb1.org.br\/site\/wp-json\/wp\/v2\/tags?post=407"}],"curies":[{"name":"wp","href":"https:\/\/api.w.org\/{rel}","templated":true}]}}