{"id":412,"date":"2013-04-15T18:46:56","date_gmt":"2013-04-15T21:46:56","guid":{"rendered":"https:\/\/novocrb1.ultramidia.com.br\/plano-distrital-do-livro-e-da-leitura-pdll-sera-discutido-em-mais-uma-reuniao\/"},"modified":"2013-04-15T18:46:56","modified_gmt":"2013-04-15T21:46:56","slug":"plano-distrital-do-livro-e-da-leitura-pdll-sera-discutido-em-mais-uma-reuniao","status":"publish","type":"post","link":"https:\/\/crb1.org.br\/site\/2013\/04\/plano-distrital-do-livro-e-da-leitura-pdll-sera-discutido-em-mais-uma-reuniao\/","title":{"rendered":"Plano Distrital do Livro e da Leitura (PDLL) ser\u00e1 discutido em mais uma reuni\u00e3o"},"content":{"rendered":"<p><img fetchpriority=\"high\" decoding=\"async\" src=\"https:\/\/lh5.googleusercontent.com\/-6QZEAuyHJlY\/UWw6oNucwAI\/AAAAAAAABsc\/SVd2W7D1H_o\/s275\/Livro%2520e%2520leitura.jpg\" width=\"275\" height=\"183\" style=\"float: left; margin: 5px;\" \/>O Conselho Regional de Bibliotecononia \u2013 1\u00aa Regi\u00e3o e a Associa\u00e7\u00e3o dos Bibliotec\u00e1rios do Distrito Federal (ABDF) tem a honra de convid\u00e1-lo a participar da 2\u00aa reuni\u00e3o para tratar do Plano Distrital do Livro e da Leitura (PDLL), o objetivo da reuni\u00e3o \u00e9 unificar as propostas dos bibliotec\u00e1rios e fortalecer a atua\u00e7\u00e3o da categoria junto aos projetos voltados ao livro e a leitura.<\/p>\n<p><span style=\"line-height: 1.3em;\">O objetivo do Plano Distrital do Livro e da Leitura \u00e9 o de garantir e democratizar o acesso ao livro e \u00e0 leitura para toda a sociedade do Distrito Federal. Sabe-se que a leitura e a escrita s\u00e3o indispens\u00e1veis para que o ser humano possa desenvolver plenamente suas potencialidades no n\u00edvel individual ou coletivo e exercer sua cidadania.<\/span><\/p>\n<p>E tamb\u00e9m, apontar\u00e1 diretrizes para a execu\u00e7\u00e3o de pol\u00edticas, programas, projetos e a\u00e7\u00f5es continuadas por parte do Distrito Federal em suas diferentes esferas de governo e tamb\u00e9m por parte das diversas organiza\u00e7\u00f5es da sociedade civil, permeadas pela constante promo\u00e7\u00e3o da cidadania e da inclus\u00e3o social.<\/p>\n<p>A reuni\u00e3o se realizar\u00e1 na sede da ABDF, no endere\u00e7o SHCGN702\/703, bloco G, Ed. Coencisa, n. 49, salas 101\/102, Bras\u00edlia, DF, telefone para contato\u00a0(61) 3326-3835,\u00a0<strong>no dia 21 de setembro, sexta-feira, no hor\u00e1rio de 16h \u00e0s 18h.<\/strong><\/p>\n<p>Fonte\/Divulga\u00e7\u00e3o:\u00a0<a href=\"http:\/\/www.abdf.org.br\/principal\/index.php\/notas-mainmenu-77\/917-reuniao-para-tratar-do-plano-distrital-do-livro-e-da-leitura-pdll\" target=\"_blank\" rel=\"noopener\">www.abdf.org.br<\/a><\/p>\n","protected":false},"excerpt":{"rendered":"<p>O Conselho Regional de Bibliotecononia \u2013 1\u00aa Regi\u00e3o e a Associa\u00e7\u00e3o dos Bibliotec\u00e1rios do Distrito Federal (ABDF) tem a honra de convid\u00e1-lo a participar da 2\u00aa reuni\u00e3o para tratar do Plano Distrital do Livro e da Leitura (PDLL), o objetivo da reuni\u00e3o \u00e9 unificar as propostas dos bibliotec\u00e1rios e fortalecer a atua\u00e7\u00e3o da categoria junto [&hellip;]<\/p>\n","protected":false},"author":1,"featured_media":0,"comment_status":"open","ping_status":"open","sticky":false,"template":"","format":"standard","meta":{"site-sidebar-layout":"default","site-content-layout":"","ast-site-content-layout":"default","site-content-style":"default","site-sidebar-style":"default","ast-global-header-display":"","ast-banner-title-visibility":"","ast-main-header-display":"","ast-hfb-above-header-display":"","ast-hfb-below-header-display":"","ast-hfb-mobile-header-display":"","site-post-title":"","ast-breadcrumbs-content":"","ast-featured-img":"","footer-sml-layout":"","ast-disable-related-posts":"","theme-transparent-header-meta":"","adv-header-id-meta":"","stick-header-meta":"","header-above-stick-meta":"","header-main-stick-meta":"","header-below-stick-meta":"","astra-migrate-meta-layouts":"default","ast-page-background-enabled":"default","ast-page-background-meta":{"desktop":{"background-color":"","background-image":"","background-repeat":"repeat","background-position":"center center","background-size":"auto","background-attachment":"scroll","background-type":"","background-media":"","overlay-type":"","overlay-color":"","overlay-opacity":"","overlay-gradient":""},"tablet":{"background-color":"","background-image":"","background-repeat":"repeat","background-position":"center center","background-size":"auto","background-attachment":"scroll","background-type":"","background-media":"","overlay-type":"","overlay-color":"","overlay-opacity":"","overlay-gradient":""},"mobile":{"background-color":"","background-image":"","background-repeat":"repeat","background-position":"center center","background-size":"auto","background-attachment":"scroll","background-type":"","background-media":"","overlay-type":"","overlay-color":"","overlay-opacity":"","overlay-gradient":""}},"ast-content-background-meta":{"desktop":{"background-color":"var(--ast-global-color-5)","background-image":"","background-repeat":"repeat","background-position":"center center","background-size":"auto","background-attachment":"scroll","background-type":"","background-media":"","overlay-type":"","overlay-color":"","overlay-opacity":"","overlay-gradient":""},"tablet":{"background-color":"var(--ast-global-color-5)","background-image":"","background-repeat":"repeat","background-position":"center center","background-size":"auto","background-attachment":"scroll","background-type":"","background-media":"","overlay-type":"","overlay-color":"","overlay-opacity":"","overlay-gradient":""},"mobile":{"background-color":"var(--ast-global-color-5)","background-image":"","background-repeat":"repeat","background-position":"center center","background-size":"auto","background-attachment":"scroll","background-type":"","background-media":"","overlay-type":"","overlay-color":"","overlay-opacity":"","overlay-gradient":""}},"footnotes":""},"categories":[1],"tags":[],"class_list":["post-412","post","type-post","status-publish","format-standard","hentry","category-noticias"],"_links":{"self":[{"href":"https:\/\/crb1.org.br\/site\/wp-json\/wp\/v2\/posts\/412","targetHints":{"allow":["GET"]}}],"collection":[{"href":"https:\/\/crb1.org.br\/site\/wp-json\/wp\/v2\/posts"}],"about":[{"href":"https:\/\/crb1.org.br\/site\/wp-json\/wp\/v2\/types\/post"}],"author":[{"embeddable":true,"href":"https:\/\/crb1.org.br\/site\/wp-json\/wp\/v2\/users\/1"}],"replies":[{"embeddable":true,"href":"https:\/\/crb1.org.br\/site\/wp-json\/wp\/v2\/comments?post=412"}],"version-history":[{"count":0,"href":"https:\/\/crb1.org.br\/site\/wp-json\/wp\/v2\/posts\/412\/revisions"}],"wp:attachment":[{"href":"https:\/\/crb1.org.br\/site\/wp-json\/wp\/v2\/media?parent=412"}],"wp:term":[{"taxonomy":"category","embeddable":true,"href":"https:\/\/crb1.org.br\/site\/wp-json\/wp\/v2\/categories?post=412"},{"taxonomy":"post_tag","embeddable":true,"href":"https:\/\/crb1.org.br\/site\/wp-json\/wp\/v2\/tags?post=412"}],"curies":[{"name":"wp","href":"https:\/\/api.w.org\/{rel}","templated":true}]}}