{"id":415,"date":"2013-04-15T18:56:46","date_gmt":"2013-04-15T21:56:46","guid":{"rendered":"https:\/\/novocrb1.ultramidia.com.br\/crb-1-fara-reuniao-plenaria-em-campo-grande\/"},"modified":"2013-04-15T18:56:46","modified_gmt":"2013-04-15T21:56:46","slug":"crb-1-fara-reuniao-plenaria-em-campo-grande","status":"publish","type":"post","link":"https:\/\/crb1.org.br\/site\/2013\/04\/crb-1-fara-reuniao-plenaria-em-campo-grande\/","title":{"rendered":"CRB-1 far\u00e1 Reuni\u00e3o Plen\u00e1ria em Campo Grande"},"content":{"rendered":"<p><img fetchpriority=\"high\" decoding=\"async\" src=\"https:\/\/lh5.googleusercontent.com\/-zJKA86_9eXU\/UWw7W9k5ySI\/AAAAAAAAByE\/jqWhbLfE_0o\/s512\/reuniao.jpg\" width=\"276\" height=\"276\" style=\"margin: 3px 5px; float: left;\" \/>Outubro \u00e9 m\u00eas de plen\u00e1ria em Mato Grosso do Sul. Campo Grande sediar\u00e1, no pr\u00f3ximo dia 5, a Reuni\u00e3o Plen\u00e1ria do Conselho Regional de Biblioteconomia &#8211; 1\u00aa Regi\u00e3o. O evento, que acontecer\u00e1 no audit\u00f3rio dos Correios, contar\u00e1 com a participa\u00e7\u00e3o de todos os Conselheiros do CRB-1 e ainda com a parceria da Associa\u00e7\u00e3o dos bibliotec\u00e1rios do Mato Grosso do Sul.<\/p>\n<p>Al\u00e9m de estreitar ainda mais as rela\u00e7\u00f5es entre os estados, a Plen\u00e1ria tem como objetivo acompanhar as atividades voltadas aos nossos profissionais na regi\u00e3o e refor\u00e7ar a import\u00e2ncia de a\u00e7\u00f5es eficazes de fiscaliza\u00e7\u00e3o, no sentido de garantir a melhoria constante das condi\u00e7\u00f5es de trabalho, adequadas ao bom desempenho de nossos bibliotec\u00e1rios.<\/p>\n<p>Servi\u00e7o:<\/p>\n<p><strong>Reuni\u00e3o Plen\u00e1ria do Conselho Regional de Biblioteconomia \u2013 1\u00aa Regi\u00e3o<\/strong><\/p>\n<p><strong>Dia 5 de outubro, \u00e0s 19h<\/strong><\/p>\n<p><strong>AUDIT\u00d3RIO DOS CORREIOS<\/strong><\/p>\n<p><strong>AV. CORONEL ANTONINO, 2530, CAMPO GRANDE \u2013 MS<\/strong><\/p>\n","protected":false},"excerpt":{"rendered":"<p>Outubro \u00e9 m\u00eas de plen\u00e1ria em Mato Grosso do Sul. Campo Grande sediar\u00e1, no pr\u00f3ximo dia 5, a Reuni\u00e3o Plen\u00e1ria do Conselho Regional de Biblioteconomia &#8211; 1\u00aa Regi\u00e3o. O evento, que acontecer\u00e1 no audit\u00f3rio dos Correios, contar\u00e1 com a participa\u00e7\u00e3o de todos os Conselheiros do CRB-1 e ainda com a parceria da Associa\u00e7\u00e3o dos bibliotec\u00e1rios [&hellip;]<\/p>\n","protected":false},"author":1,"featured_media":0,"comment_status":"open","ping_status":"open","sticky":false,"template":"","format":"standard","meta":{"site-sidebar-layout":"default","site-content-layout":"","ast-site-content-layout":"default","site-content-style":"default","site-sidebar-style":"default","ast-global-header-display":"","ast-banner-title-visibility":"","ast-main-header-display":"","ast-hfb-above-header-display":"","ast-hfb-below-header-display":"","ast-hfb-mobile-header-display":"","site-post-title":"","ast-breadcrumbs-content":"","ast-featured-img":"","footer-sml-layout":"","ast-disable-related-posts":"","theme-transparent-header-meta":"","adv-header-id-meta":"","stick-header-meta":"","header-above-stick-meta":"","header-main-stick-meta":"","header-below-stick-meta":"","astra-migrate-meta-layouts":"default","ast-page-background-enabled":"default","ast-page-background-meta":{"desktop":{"background-color":"","background-image":"","background-repeat":"repeat","background-position":"center center","background-size":"auto","background-attachment":"scroll","background-type":"","background-media":"","overlay-type":"","overlay-color":"","overlay-opacity":"","overlay-gradient":""},"tablet":{"background-color":"","background-image":"","background-repeat":"repeat","background-position":"center center","background-size":"auto","background-attachment":"scroll","background-type":"","background-media":"","overlay-type":"","overlay-color":"","overlay-opacity":"","overlay-gradient":""},"mobile":{"background-color":"","background-image":"","background-repeat":"repeat","background-position":"center center","background-size":"auto","background-attachment":"scroll","background-type":"","background-media":"","overlay-type":"","overlay-color":"","overlay-opacity":"","overlay-gradient":""}},"ast-content-background-meta":{"desktop":{"background-color":"var(--ast-global-color-5)","background-image":"","background-repeat":"repeat","background-position":"center center","background-size":"auto","background-attachment":"scroll","background-type":"","background-media":"","overlay-type":"","overlay-color":"","overlay-opacity":"","overlay-gradient":""},"tablet":{"background-color":"var(--ast-global-color-5)","background-image":"","background-repeat":"repeat","background-position":"center center","background-size":"auto","background-attachment":"scroll","background-type":"","background-media":"","overlay-type":"","overlay-color":"","overlay-opacity":"","overlay-gradient":""},"mobile":{"background-color":"var(--ast-global-color-5)","background-image":"","background-repeat":"repeat","background-position":"center center","background-size":"auto","background-attachment":"scroll","background-type":"","background-media":"","overlay-type":"","overlay-color":"","overlay-opacity":"","overlay-gradient":""}},"footnotes":""},"categories":[1],"tags":[],"class_list":["post-415","post","type-post","status-publish","format-standard","hentry","category-noticias"],"_links":{"self":[{"href":"https:\/\/crb1.org.br\/site\/wp-json\/wp\/v2\/posts\/415","targetHints":{"allow":["GET"]}}],"collection":[{"href":"https:\/\/crb1.org.br\/site\/wp-json\/wp\/v2\/posts"}],"about":[{"href":"https:\/\/crb1.org.br\/site\/wp-json\/wp\/v2\/types\/post"}],"author":[{"embeddable":true,"href":"https:\/\/crb1.org.br\/site\/wp-json\/wp\/v2\/users\/1"}],"replies":[{"embeddable":true,"href":"https:\/\/crb1.org.br\/site\/wp-json\/wp\/v2\/comments?post=415"}],"version-history":[{"count":0,"href":"https:\/\/crb1.org.br\/site\/wp-json\/wp\/v2\/posts\/415\/revisions"}],"wp:attachment":[{"href":"https:\/\/crb1.org.br\/site\/wp-json\/wp\/v2\/media?parent=415"}],"wp:term":[{"taxonomy":"category","embeddable":true,"href":"https:\/\/crb1.org.br\/site\/wp-json\/wp\/v2\/categories?post=415"},{"taxonomy":"post_tag","embeddable":true,"href":"https:\/\/crb1.org.br\/site\/wp-json\/wp\/v2\/tags?post=415"}],"curies":[{"name":"wp","href":"https:\/\/api.w.org\/{rel}","templated":true}]}}