{"id":417,"date":"2013-04-15T19:03:25","date_gmt":"2013-04-15T22:03:25","guid":{"rendered":"https:\/\/novocrb1.ultramidia.com.br\/crb-1-realiza-encontros-e-plenaria-em-campo-grande-ms\/"},"modified":"2013-04-15T19:03:25","modified_gmt":"2013-04-15T22:03:25","slug":"crb-1-realiza-encontros-e-plenaria-em-campo-grande-ms","status":"publish","type":"post","link":"https:\/\/crb1.org.br\/site\/2013\/04\/crb-1-realiza-encontros-e-plenaria-em-campo-grande-ms\/","title":{"rendered":"CRB-1 realiza encontros e Plen\u00e1ria em Campo Grande &#8211; MS"},"content":{"rendered":"<p><img fetchpriority=\"high\" decoding=\"async\" src=\"https:\/\/lh4.googleusercontent.com\/-fsPC_jTUi9k\/UWw677yUARI\/AAAAAAAABus\/UmnPokNNp3g\/s640\/Plen%25C3%25A1ria%2520em%2520Campo%2520Grande.jpg\" width=\"276\" height=\"207\" style=\"margin: 3px 5px; float: left;\" \/>O Conselho Regional de Biblioteconomia \u2013 1\u00aa Regi\u00e3o, representado por seu presidente e conselheiros, esteve em Campo Grande na \u00faltima sexta-feira, 05 \u00a0de outubro, para uma agenda recheada de compromissos e eventos voltados aos nossos bibliotec\u00e1rios em Mato Grosso do Sul.<\/p>\n<p>Pela manh\u00e3 aconteceu uma reuni\u00e3o com o diretor da Universidade Estadual do Mato Grosso do Sul \u2013 UEMS, Professor Zeca, e com o coordenador da p\u00f3s-gradua\u00e7\u00e3o, professor Marlon. No evento foram debatidos assuntos como a redistribui\u00e7\u00e3o igualit\u00e1ria de recursos \u00e0s institui\u00e7\u00f5es p\u00fablicas em rela\u00e7\u00e3o \u00e0 defasagem que essa sofre frente \u00e0s institui\u00e7\u00f5es privadas.<\/p>\n<p>  <!--more-->  <\/p>\n<p>Foi\u00a0 discutido ainda a implementa\u00e7\u00e3o\u00a0 do curso de Biblioteconomia nessa institui\u00e7\u00e3o. \u00a0Houve uma apresenta\u00e7\u00e3o explicativa sobre o funcionamento do CRB-1 e sobre suas a\u00e7\u00f5es desenvolvidas e realizadas nos estados representados por ele.<\/p>\n<p>\u00c0 tarde, um encontro com a Associa\u00e7\u00e3o de Bibliotec\u00e1rios de MS e Diretoria da rede de bibliotecas \u00a0p\u00fablicas de MS. Discutiu-se\u00a0 sobre o Plano Estadual do Livro e da Leitura e Plano Municipal do Livro e da Leitura foi a agenda do Conselho, tamb\u00e9m com grande aproveitamento, uma vez que\u00a0 os classe bibliotec\u00e1ria anseia por melhorias.<\/p>\n","protected":false},"excerpt":{"rendered":"<p>O Conselho Regional de Biblioteconomia \u2013 1\u00aa Regi\u00e3o, representado por seu presidente e conselheiros, esteve em Campo Grande na \u00faltima sexta-feira, 05 \u00a0de outubro, para uma agenda recheada de compromissos e eventos voltados aos nossos bibliotec\u00e1rios em Mato Grosso do Sul. Pela manh\u00e3 aconteceu uma reuni\u00e3o com o diretor da Universidade Estadual do Mato Grosso [&hellip;]<\/p>\n","protected":false},"author":1,"featured_media":0,"comment_status":"open","ping_status":"open","sticky":false,"template":"","format":"standard","meta":{"site-sidebar-layout":"default","site-content-layout":"","ast-site-content-layout":"default","site-content-style":"default","site-sidebar-style":"default","ast-global-header-display":"","ast-banner-title-visibility":"","ast-main-header-display":"","ast-hfb-above-header-display":"","ast-hfb-below-header-display":"","ast-hfb-mobile-header-display":"","site-post-title":"","ast-breadcrumbs-content":"","ast-featured-img":"","footer-sml-layout":"","ast-disable-related-posts":"","theme-transparent-header-meta":"","adv-header-id-meta":"","stick-header-meta":"","header-above-stick-meta":"","header-main-stick-meta":"","header-below-stick-meta":"","astra-migrate-meta-layouts":"default","ast-page-background-enabled":"default","ast-page-background-meta":{"desktop":{"background-color":"","background-image":"","background-repeat":"repeat","background-position":"center center","background-size":"auto","background-attachment":"scroll","background-type":"","background-media":"","overlay-type":"","overlay-color":"","overlay-opacity":"","overlay-gradient":""},"tablet":{"background-color":"","background-image":"","background-repeat":"repeat","background-position":"center center","background-size":"auto","background-attachment":"scroll","background-type":"","background-media":"","overlay-type":"","overlay-color":"","overlay-opacity":"","overlay-gradient":""},"mobile":{"background-color":"","background-image":"","background-repeat":"repeat","background-position":"center center","background-size":"auto","background-attachment":"scroll","background-type":"","background-media":"","overlay-type":"","overlay-color":"","overlay-opacity":"","overlay-gradient":""}},"ast-content-background-meta":{"desktop":{"background-color":"var(--ast-global-color-5)","background-image":"","background-repeat":"repeat","background-position":"center center","background-size":"auto","background-attachment":"scroll","background-type":"","background-media":"","overlay-type":"","overlay-color":"","overlay-opacity":"","overlay-gradient":""},"tablet":{"background-color":"var(--ast-global-color-5)","background-image":"","background-repeat":"repeat","background-position":"center center","background-size":"auto","background-attachment":"scroll","background-type":"","background-media":"","overlay-type":"","overlay-color":"","overlay-opacity":"","overlay-gradient":""},"mobile":{"background-color":"var(--ast-global-color-5)","background-image":"","background-repeat":"repeat","background-position":"center center","background-size":"auto","background-attachment":"scroll","background-type":"","background-media":"","overlay-type":"","overlay-color":"","overlay-opacity":"","overlay-gradient":""}},"footnotes":""},"categories":[1],"tags":[],"class_list":["post-417","post","type-post","status-publish","format-standard","hentry","category-noticias"],"_links":{"self":[{"href":"https:\/\/crb1.org.br\/site\/wp-json\/wp\/v2\/posts\/417","targetHints":{"allow":["GET"]}}],"collection":[{"href":"https:\/\/crb1.org.br\/site\/wp-json\/wp\/v2\/posts"}],"about":[{"href":"https:\/\/crb1.org.br\/site\/wp-json\/wp\/v2\/types\/post"}],"author":[{"embeddable":true,"href":"https:\/\/crb1.org.br\/site\/wp-json\/wp\/v2\/users\/1"}],"replies":[{"embeddable":true,"href":"https:\/\/crb1.org.br\/site\/wp-json\/wp\/v2\/comments?post=417"}],"version-history":[{"count":0,"href":"https:\/\/crb1.org.br\/site\/wp-json\/wp\/v2\/posts\/417\/revisions"}],"wp:attachment":[{"href":"https:\/\/crb1.org.br\/site\/wp-json\/wp\/v2\/media?parent=417"}],"wp:term":[{"taxonomy":"category","embeddable":true,"href":"https:\/\/crb1.org.br\/site\/wp-json\/wp\/v2\/categories?post=417"},{"taxonomy":"post_tag","embeddable":true,"href":"https:\/\/crb1.org.br\/site\/wp-json\/wp\/v2\/tags?post=417"}],"curies":[{"name":"wp","href":"https:\/\/api.w.org\/{rel}","templated":true}]}}