{"id":420,"date":"2013-04-18T22:05:01","date_gmt":"2013-04-19T01:05:01","guid":{"rendered":"https:\/\/novocrb1.ultramidia.com.br\/o-crb-1-apoia-a-campanha-eu-quero-minha-biblioteca\/"},"modified":"2013-04-18T22:05:01","modified_gmt":"2013-04-19T01:05:01","slug":"o-crb-1-apoia-a-campanha-eu-quero-minha-biblioteca","status":"publish","type":"post","link":"https:\/\/crb1.org.br\/site\/2013\/04\/o-crb-1-apoia-a-campanha-eu-quero-minha-biblioteca\/","title":{"rendered":"O CRB-1 ap\u00f3ia a campanha &#8220;Eu quero minha biblioteca!&#8221;"},"content":{"rendered":"<p>Ecofuturo e organiza\u00e7\u00f5es parceiras lan\u00e7am campanha pela universaliza\u00e7\u00e3o de bibliotecas em escolas<\/p>\n<p>O objetivo neste ano \u00e9 sensibilizar e instrumentalizar candidatos \u00e0s elei\u00e7\u00f5es municipais para que incluam a efetividade da Lei em seu programa de governo<\/p>\n<p><img fetchpriority=\"high\" decoding=\"async\" src=\"https:\/\/lh6.googleusercontent.com\/-MXDeZrjchqQ\/UXBoD3cazpI\/AAAAAAAAB3Q\/ol0i9wxpv5g\/s250\/banner_250x250_2.jpg\" width=\"250\" height=\"250\" style=\"float: left; margin: 3px 5px;\" \/>Voc\u00ea sabia que de acordo com a lei 12.244, institu\u00edda em maio de 2010, \u00e9 obrigat\u00f3rio que todas as institui\u00e7\u00f5es de ensino do pa\u00eds, p\u00fablicas e privadas, tenham bibliotecas instaladas at\u00e9 o ano de 2020? E que h\u00e1 recursos p\u00fablicos para a educa\u00e7\u00e3o que podem garantir a cria\u00e7\u00e3o e a manuten\u00e7\u00e3o de bibliotecas em escolas p\u00fablicas? \u00c9 com o objetivo de tornar essas informa\u00e7\u00f5es amplamente divulgadas aos candidatos \u00e0s elei\u00e7\u00f5es municipais, em especial, e aos cidad\u00e3os brasileiros que ser\u00e1 lan\u00e7ada a Campanha EU QUERO MINHA BIBLIOTECA, pela Efetividade da lei 12.244\/10, por meio de iniciativa do Ecofuturo para a forma\u00e7\u00e3o de uma coaliz\u00e3o composta por organiza\u00e7\u00f5es que desenvolvem trabalho de refer\u00eancia nas \u00e1reas de educa\u00e7\u00e3o, leitura e biblioteca: Academia Brasileira de Letras, Conselho Federal de Biblioteconomia, Funda\u00e7\u00e3o Nacional do Livro Infantil e Juvenil, Instituto Ayrton Senna, Instituto C&amp;A, Instituto de Co-Responsabilidade na Educa\u00e7\u00e3o, Movimento Brasil Liter\u00e1rio, Rede Marista de Solidariedade e Movimento Todos pela Educa\u00e7\u00e3o.<\/p>\n<p>  <!--more-->  <\/p>\n<p>\u00a0<\/p>\n<p>Em 2010, quando a lei 12.244 foi sancionada, o movimento Todos pela Educa\u00e7\u00e3o fez um estudo com base nos dados do Censo da Educa\u00e7\u00e3o B\u00e1sica 2008 e constatou o desafio: para atender \u00e0 legisla\u00e7\u00e3o dentro do prazo, teriam de ser implantadas 24 bibliotecas por dia, s\u00f3 no ensino fundamental, e 21 por dia no ensino b\u00e1sico. Hoje, dois anos ap\u00f3s a promulga\u00e7\u00e3o da lei, n\u00e3o se sabe ao certo a dimens\u00e3o real desse desafio. A proposta da Campanha EU QUERO MINHA BIBLIOTECA \u00e9, portanto, a de sensibilizar e instrumentalizar candidatos \u00e0s elei\u00e7\u00f5es municipais para que incluam a efetividade da Lei em seu programa de governo, al\u00e9m de chamar a aten\u00e7\u00e3o da sociedade sobre a Lei e incentivar que solicitem aos seus candidatos o cumprimento desse direito. Para dar conta deste objetivo, ser\u00e1 lan\u00e7ado site contendo: informa\u00e7\u00f5es sobre a Lei; a publica\u00e7\u00e3o \u201cComo a gest\u00e3o p\u00fablica pode assegurar a cria\u00e7\u00e3o e manuten\u00e7\u00e3o de bibliotecas em escolas\u201d \u2013 apresentando as linhas de recursos dispon\u00edveis; Observat\u00f3rio Legislativo com todos os projetos de lei em tramita\u00e7\u00e3o e audi\u00eancias p\u00fablicas agendadas sobre o tema, informa\u00e7\u00f5es sobre bibliotecas em escolas organizadas pelos parceiros da Campanha e um mapa que mostrar\u00e1, em tempo real, a ades\u00e3o da popula\u00e7\u00e3o e de candidatos. A convic\u00e7\u00e3o \u00e9 de que atrav\u00e9s da coopera\u00e7\u00e3o entre os diversos setores, da democratiza\u00e7\u00e3o do acesso \u00e0s legisla\u00e7\u00f5es e recursos existentes e do controle social por parte da popula\u00e7\u00e3o, seja poss\u00edvel planejar caminhos que garantam a efetiva\u00e7\u00e3o da lei e assegurar, em 2020, que as metas estabelecidas em 2010 sejam cumpridas.<\/p>\n<p>A base desta iniciativa do Instituto Ecofuturo \u00e9 a experi\u00eancia de mais de 12 anos em advocacy para viabilizar a implanta\u00e7\u00e3o de bibliotecas comunit\u00e1rias Brasil adentro, que resultou na realiza\u00e7\u00e3o de oficinas de Gest\u00e3o P\u00fablica e Bibliotecas, ministradas pelo pesquisador Fernando Burgos, da Funda\u00e7\u00e3o Getulio Vargas, para o staff das prefeituras, secret\u00e1rios de educa\u00e7\u00e3o, vereadores, diretores de escola, professores, profissionais de biblioteca e l\u00edderes comunit\u00e1rios. O conte\u00fado, organizado e redigido pelo pesquisador, est\u00e1 editado em uma publica\u00e7\u00e3o, pe\u00e7a-chave da Campanha, onde h\u00e1 indica\u00e7\u00e3o sobre as linhas de recursos dispon\u00edveis, os caminhos a serem percorridos e as pol\u00edticas p\u00fablicas existentes para a perpetuidade da Lei como pol\u00edtica p\u00fablica. A publica\u00e7\u00e3o, juntamente com uma carta-convite de ades\u00e3o \u00e0 Campanha, ser\u00e1 enviada a todos os partidos pol\u00edticos, governadores, secret\u00e1rios de educa\u00e7\u00e3o, parlamentares das Comiss\u00f5es de Educa\u00e7\u00e3o da C\u00e2mara e do Senado e organiza\u00e7\u00f5es n\u00e3o-governamentais que atuam nas \u00e1reas de educa\u00e7\u00e3o e leitura, entre outros. E estar\u00e1 disponibilizada para download gratuito no site da campanha, juntamente com outros materiais, e ganhar\u00e1 escala de divulga\u00e7\u00e3o por meio dos parceiros da coaliz\u00e3o e de todos que aderirem a esta mobiliza\u00e7\u00e3o.<\/p>\n<p>\u201cA for\u00e7a desta Campanha \u00e9 a coaliz\u00e3o formada por organiza\u00e7\u00f5es que tradicionalmente atuam nas \u00e1reas de educa\u00e7\u00e3o e leitura. Esta a\u00e7\u00e3o de coopera\u00e7\u00e3o essencial para dar conta de superar desafios e p\u00f4r de p\u00e9 pol\u00edticas p\u00fablicas de leitura e de bibliotecas neste Pa\u00eds, \u00e9 coerente com sua proposta e lhe confere legitimidade: democratizar o acesso a informa\u00e7\u00f5es concretas que possam orientar tanto o poder p\u00fablico quanto a sociedade civil sobre os meios existentes para garantir o estabelecimento e a manuten\u00e7\u00e3o das bibliotecas atrav\u00e9s, por exemplo, de iniciativas de repasse de verba, implanta\u00e7\u00e3o de pol\u00edticas p\u00fablicas locais por meio da atua\u00e7\u00e3o de vereadores, entre outras. \u00c9 essencial que em \u00e9poca de elei\u00e7\u00f5es estejamos munidos de conhecimentos acerca do direito de termos bibliotecas em escolas \u2013 p\u00fablicas e privadas , dos recursos dispon\u00edveis e poss\u00edveis de serem criados em \u00e2mbito local, da responsabilidade de cada um e dos gestores p\u00fablicos para assegurar sua efetividade\u201d, diz Christine Castilho Fontelles, diretora de Educa\u00e7\u00e3o e Cultura do Instituto Ecofuturo.<\/p>\n<p>A campanha EU QUERO MINHA BIBLIOTECA conta, nesta primeira fase, com o patroc\u00ednio da Suzano Papel e Celulose e da Editora Trip.<\/p>\n","protected":false},"excerpt":{"rendered":"<p>Ecofuturo e organiza\u00e7\u00f5es parceiras lan\u00e7am campanha pela universaliza\u00e7\u00e3o de bibliotecas em escolas O objetivo neste ano \u00e9 sensibilizar e instrumentalizar candidatos \u00e0s elei\u00e7\u00f5es municipais para que incluam a efetividade da Lei em seu programa de governo Voc\u00ea sabia que de acordo com a lei 12.244, institu\u00edda em maio de 2010, \u00e9 obrigat\u00f3rio que todas as [&hellip;]<\/p>\n","protected":false},"author":1,"featured_media":0,"comment_status":"open","ping_status":"open","sticky":false,"template":"","format":"standard","meta":{"site-sidebar-layout":"default","site-content-layout":"","ast-site-content-layout":"default","site-content-style":"default","site-sidebar-style":"default","ast-global-header-display":"","ast-banner-title-visibility":"","ast-main-header-display":"","ast-hfb-above-header-display":"","ast-hfb-below-header-display":"","ast-hfb-mobile-header-display":"","site-post-title":"","ast-breadcrumbs-content":"","ast-featured-img":"","footer-sml-layout":"","ast-disable-related-posts":"","theme-transparent-header-meta":"","adv-header-id-meta":"","stick-header-meta":"","header-above-stick-meta":"","header-main-stick-meta":"","header-below-stick-meta":"","astra-migrate-meta-layouts":"default","ast-page-background-enabled":"default","ast-page-background-meta":{"desktop":{"background-color":"","background-image":"","background-repeat":"repeat","background-position":"center center","background-size":"auto","background-attachment":"scroll","background-type":"","background-media":"","overlay-type":"","overlay-color":"","overlay-opacity":"","overlay-gradient":""},"tablet":{"background-color":"","background-image":"","background-repeat":"repeat","background-position":"center center","background-size":"auto","background-attachment":"scroll","background-type":"","background-media":"","overlay-type":"","overlay-color":"","overlay-opacity":"","overlay-gradient":""},"mobile":{"background-color":"","background-image":"","background-repeat":"repeat","background-position":"center center","background-size":"auto","background-attachment":"scroll","background-type":"","background-media":"","overlay-type":"","overlay-color":"","overlay-opacity":"","overlay-gradient":""}},"ast-content-background-meta":{"desktop":{"background-color":"var(--ast-global-color-5)","background-image":"","background-repeat":"repeat","background-position":"center center","background-size":"auto","background-attachment":"scroll","background-type":"","background-media":"","overlay-type":"","overlay-color":"","overlay-opacity":"","overlay-gradient":""},"tablet":{"background-color":"var(--ast-global-color-5)","background-image":"","background-repeat":"repeat","background-position":"center center","background-size":"auto","background-attachment":"scroll","background-type":"","background-media":"","overlay-type":"","overlay-color":"","overlay-opacity":"","overlay-gradient":""},"mobile":{"background-color":"var(--ast-global-color-5)","background-image":"","background-repeat":"repeat","background-position":"center center","background-size":"auto","background-attachment":"scroll","background-type":"","background-media":"","overlay-type":"","overlay-color":"","overlay-opacity":"","overlay-gradient":""}},"footnotes":""},"categories":[1],"tags":[],"class_list":["post-420","post","type-post","status-publish","format-standard","hentry","category-noticias"],"_links":{"self":[{"href":"https:\/\/crb1.org.br\/site\/wp-json\/wp\/v2\/posts\/420","targetHints":{"allow":["GET"]}}],"collection":[{"href":"https:\/\/crb1.org.br\/site\/wp-json\/wp\/v2\/posts"}],"about":[{"href":"https:\/\/crb1.org.br\/site\/wp-json\/wp\/v2\/types\/post"}],"author":[{"embeddable":true,"href":"https:\/\/crb1.org.br\/site\/wp-json\/wp\/v2\/users\/1"}],"replies":[{"embeddable":true,"href":"https:\/\/crb1.org.br\/site\/wp-json\/wp\/v2\/comments?post=420"}],"version-history":[{"count":0,"href":"https:\/\/crb1.org.br\/site\/wp-json\/wp\/v2\/posts\/420\/revisions"}],"wp:attachment":[{"href":"https:\/\/crb1.org.br\/site\/wp-json\/wp\/v2\/media?parent=420"}],"wp:term":[{"taxonomy":"category","embeddable":true,"href":"https:\/\/crb1.org.br\/site\/wp-json\/wp\/v2\/categories?post=420"},{"taxonomy":"post_tag","embeddable":true,"href":"https:\/\/crb1.org.br\/site\/wp-json\/wp\/v2\/tags?post=420"}],"curies":[{"name":"wp","href":"https:\/\/api.w.org\/{rel}","templated":true}]}}