{"id":4222,"date":"2019-07-19T14:11:52","date_gmt":"2019-07-19T17:11:52","guid":{"rendered":"https:\/\/crb1.org.br\/?p=4222"},"modified":"2019-07-19T14:11:52","modified_gmt":"2019-07-19T17:11:52","slug":"crb1-e-abdf-visitam-a-bnb","status":"publish","type":"post","link":"https:\/\/crb1.org.br\/site\/2019\/07\/crb1-e-abdf-visitam-a-bnb\/","title":{"rendered":"CRB1 e ABDF visitam a BNB"},"content":{"rendered":"<h3 style=\"text-align: justify;\">ABDF e CRB-1 visitam a BNB e conferem os novos servi\u00e7os!!!<\/h3>\n<p style=\"text-align: justify;\">Em continuidade \u00e0s a\u00e7\u00f5es da audi\u00eancia p\u00fablica ocorrida em abril na CLDF, onde se discutiu o fortalecimento da bibliotecas p\u00fablicas do DF, o CRB-1 e a ABDF se reuniram no dia 17\/07 na Biblioteca Nacional de Bras\u00edlia com a nova Diretora Marmenha do Ros\u00e1rio.<\/p>\n<p style=\"text-align: justify;\">Foram colocadas ideias iniciais de propostas de um modelo de sistema de bibliotecas p\u00fablicas robusto e consolidado, que ainda ser\u00e1 discutido junto aos agentes de interesse.<\/p>\n<p style=\"text-align: justify;\"><img fetchpriority=\"high\" decoding=\"async\" class=\"wp-image-4226 aligncenter\" src=\"https:\/\/novocrb1.ultramidia.com.br\/wp-content\/uploads\/2019\/07\/20190718_173322-300x243.jpg\" alt=\"20190718_173322\" width=\"358\" height=\"290\" \/><\/p>\n<p style=\"text-align: justify;\">Aproveitando a ocasi\u00e3o a Diretora apresentou o espa\u00e7o infantil da BNB, que foi todo revitalizado depois te cinco fechado. \u00c9 uma sala localizada no t\u00e9rreo pr\u00e9dio, que fica no Complexo Cultural da Rep\u00fablica, com mesa para desenhar e ler com espa\u00e7o interativo para jogos e centenas de livros e gibis.<\/p>\n<p style=\"text-align: justify;\"><img decoding=\"async\" class=\"wp-image-4224 aligncenter\" src=\"https:\/\/novocrb1.ultramidia.com.br\/wp-content\/uploads\/2019\/07\/20190718_173418-300x223.jpg\" alt=\"20190718_173418\" width=\"371\" height=\"276\" \/><\/p>\n<p style=\"text-align: center;\"><strong>O espa\u00e7o infantil est\u00e1 aberto:<\/strong><br \/>\n<strong> De segunda a sexta-feira, das 8h \u00e0s 20h<\/strong><br \/>\n<strong> S\u00e1bado e domingo, das 8h \u00e0s 14h<\/strong><\/p>\n<p style=\"text-align: justify;\"><strong>\u00a0<\/strong><\/p>\n<hr \/>\n<p style=\"text-align: justify;\">\n","protected":false},"excerpt":{"rendered":"<p>ABDF e CRB-1 visitam a BNB e conferem os novos servi\u00e7os!!! Em continuidade \u00e0s a\u00e7\u00f5es da audi\u00eancia p\u00fablica ocorrida em abril na CLDF, onde se discutiu o fortalecimento da bibliotecas p\u00fablicas do DF, o CRB-1 e a ABDF se reuniram no dia 17\/07 na Biblioteca Nacional de Bras\u00edlia com a nova Diretora Marmenha do Ros\u00e1rio. [&hellip;]<\/p>\n","protected":false},"author":1,"featured_media":4225,"comment_status":"open","ping_status":"open","sticky":false,"template":"","format":"standard","meta":{"site-sidebar-layout":"default","site-content-layout":"","ast-site-content-layout":"default","site-content-style":"default","site-sidebar-style":"default","ast-global-header-display":"","ast-banner-title-visibility":"","ast-main-header-display":"","ast-hfb-above-header-display":"","ast-hfb-below-header-display":"","ast-hfb-mobile-header-display":"","site-post-title":"","ast-breadcrumbs-content":"","ast-featured-img":"","footer-sml-layout":"","ast-disable-related-posts":"","theme-transparent-header-meta":"","adv-header-id-meta":"","stick-header-meta":"","header-above-stick-meta":"","header-main-stick-meta":"","header-below-stick-meta":"","astra-migrate-meta-layouts":"default","ast-page-background-enabled":"default","ast-page-background-meta":{"desktop":{"background-color":"","background-image":"","background-repeat":"repeat","background-position":"center center","background-size":"auto","background-attachment":"scroll","background-type":"","background-media":"","overlay-type":"","overlay-color":"","overlay-opacity":"","overlay-gradient":""},"tablet":{"background-color":"","background-image":"","background-repeat":"repeat","background-position":"center center","background-size":"auto","background-attachment":"scroll","background-type":"","background-media":"","overlay-type":"","overlay-color":"","overlay-opacity":"","overlay-gradient":""},"mobile":{"background-color":"","background-image":"","background-repeat":"repeat","background-position":"center center","background-size":"auto","background-attachment":"scroll","background-type":"","background-media":"","overlay-type":"","overlay-color":"","overlay-opacity":"","overlay-gradient":""}},"ast-content-background-meta":{"desktop":{"background-color":"var(--ast-global-color-5)","background-image":"","background-repeat":"repeat","background-position":"center center","background-size":"auto","background-attachment":"scroll","background-type":"","background-media":"","overlay-type":"","overlay-color":"","overlay-opacity":"","overlay-gradient":""},"tablet":{"background-color":"var(--ast-global-color-5)","background-image":"","background-repeat":"repeat","background-position":"center center","background-size":"auto","background-attachment":"scroll","background-type":"","background-media":"","overlay-type":"","overlay-color":"","overlay-opacity":"","overlay-gradient":""},"mobile":{"background-color":"var(--ast-global-color-5)","background-image":"","background-repeat":"repeat","background-position":"center center","background-size":"auto","background-attachment":"scroll","background-type":"","background-media":"","overlay-type":"","overlay-color":"","overlay-opacity":"","overlay-gradient":""}},"footnotes":""},"categories":[1],"tags":[],"class_list":["post-4222","post","type-post","status-publish","format-standard","has-post-thumbnail","hentry","category-noticias"],"_links":{"self":[{"href":"https:\/\/crb1.org.br\/site\/wp-json\/wp\/v2\/posts\/4222","targetHints":{"allow":["GET"]}}],"collection":[{"href":"https:\/\/crb1.org.br\/site\/wp-json\/wp\/v2\/posts"}],"about":[{"href":"https:\/\/crb1.org.br\/site\/wp-json\/wp\/v2\/types\/post"}],"author":[{"embeddable":true,"href":"https:\/\/crb1.org.br\/site\/wp-json\/wp\/v2\/users\/1"}],"replies":[{"embeddable":true,"href":"https:\/\/crb1.org.br\/site\/wp-json\/wp\/v2\/comments?post=4222"}],"version-history":[{"count":0,"href":"https:\/\/crb1.org.br\/site\/wp-json\/wp\/v2\/posts\/4222\/revisions"}],"wp:featuredmedia":[{"embeddable":true,"href":"https:\/\/crb1.org.br\/site\/wp-json\/"}],"wp:attachment":[{"href":"https:\/\/crb1.org.br\/site\/wp-json\/wp\/v2\/media?parent=4222"}],"wp:term":[{"taxonomy":"category","embeddable":true,"href":"https:\/\/crb1.org.br\/site\/wp-json\/wp\/v2\/categories?post=4222"},{"taxonomy":"post_tag","embeddable":true,"href":"https:\/\/crb1.org.br\/site\/wp-json\/wp\/v2\/tags?post=4222"}],"curies":[{"name":"wp","href":"https:\/\/api.w.org\/{rel}","templated":true}]}}