{"id":424,"date":"2013-04-19T02:23:35","date_gmt":"2013-04-19T05:23:35","guid":{"rendered":"https:\/\/novocrb1.ultramidia.com.br\/prazo-para-envio-de-sugestoes-do-pdll-crb1-e-abdf-solicitam-prorrogacao\/"},"modified":"2013-04-19T02:23:35","modified_gmt":"2013-04-19T05:23:35","slug":"prazo-para-envio-de-sugestoes-do-pdll-crb1-e-abdf-solicitam-prorrogacao","status":"publish","type":"post","link":"https:\/\/crb1.org.br\/site\/2013\/04\/prazo-para-envio-de-sugestoes-do-pdll-crb1-e-abdf-solicitam-prorrogacao\/","title":{"rendered":"Prazo para envio de sugest\u00f5es do PDLL \u2013 CRB1 e ABDF solicitam prorroga\u00e7\u00e3o"},"content":{"rendered":"<p><img fetchpriority=\"high\" decoding=\"async\" src=\"https:\/\/lh5.googleusercontent.com\/-6QZEAuyHJlY\/UWw6oNucwAI\/AAAAAAAABsc\/SVd2W7D1H_o\/s275\/Livro%2520e%2520leitura.jpg\" width=\"275\" height=\"183\" style=\"float: left; margin: 3px 5px;\" \/>Na \u00faltima quinta-feira, 11 de outubro, teve in\u00edcio o prazo para o envio de sugest\u00f5es ao Plano Distrital do Livro e da Leitura &#8211; PDLL, divulgado pela Subsecretaria de Pol\u00edticas do Livro e da Leitura do Governo do Distrito Federal. A consulta, que estaria aberta at\u00e9 o dia 18 de outubro para o recebimento de sugest\u00f5es e contribui\u00e7\u00f5es, deve ser prorrogada a pedido do Conselho Regional de Biblioteconomia \u2013 1\u00aa Regi\u00e3o, da Associa\u00e7\u00e3o de Bibliotec\u00e1rios de Bras\u00edlia e dos demais \u00f3rg\u00e3os de Classe.<\/p>\n<p>  <!--more-->  <\/p>\n<p>\u00a0<\/p>\n<p>Dentre os principais motivos para o pedido, est\u00e3o o prazo de abertura da consulta ter coincidido com o feriado prolongado de 12 de outubro e com o Dia dos Professores; a elabora\u00e7\u00e3o do Grupo de Trabalho sem a participa\u00e7\u00e3o direta do CRB-1, da ABDF e dos \u00d3rg\u00e3os de classe do DF e a solicita\u00e7\u00e3o de melhor comunica\u00e7\u00e3o entre a Subsecretaria de Pol\u00edticas e os \u00f3rg\u00e3os citados, uma vez que durante toda a elabora\u00e7\u00e3o da proposta, houve a participa\u00e7\u00e3o efetiva de ambos, por\u00e9m, na cria\u00e7\u00e3o do Grupo de Trabalho, n\u00e3o h\u00e1 a continuidade efetiva dessa participa\u00e7\u00e3o.<\/p>\n<p>Ainda em rela\u00e7\u00e3o ao prazo de abertura para a consulta, os profissionais bibliotec\u00e1rios questionam que os feriados encurtaram o per\u00edodo para envio de sugest\u00f5es e que seria necess\u00e1rio, no m\u00ednimo, de trinta dias para que ocorra a participa\u00e7\u00e3o efetiva e significante da sociedade. \u00c9 necess\u00e1rio repensar o calend\u00e1rio e reavaliar a dura\u00e7\u00e3o da pesquisa para que se obtenha um resultado satisfat\u00f3rio ao PDLL. Confira o documento enviado pelo CRB-1 na \u00edntegra e tamb\u00e9m as propostas sugeridas ao PDLL:<\/p>\n<p>___________________________________________________________________________________<\/p>\n<p>Of.CRB-1\/359\/2012\u00a0\u00a0\u00a0\u00a0\u00a0\u00a0\u00a0\u00a0\u00a0\u00a0\u00a0\u00a0\u00a0\u00a0\u00a0\u00a0\u00a0\u00a0\u00a0\u00a0\u00a0\u00a0\u00a0\u00a0\u00a0\u00a0\u00a0\u00a0\u00a0\u00a0\u00a0\u00a0\u00a0\u00a0\u00a0\u00a0\u00a0\u00a0\u00a0 \u00a0\u00a0\u00a0\u00a0\u00a0\u00a0\u00a0\u00a0\u00a0\u00a0\u00a0\u00a0\u00a0\u00a0\u00a0\u00a0\u00a0\u00a0\u00a0\u00a0Bras\u00edlia, 16 de outubro de 2012<\/p>\n<p>A Sua Senhoria a Senhora<\/p>\n<p><strong>IVANNA SANT\u2019ANA TORRES<\/strong><\/p>\n<p>Subsecret\u00e1ria de Pol\u00edticas do Livro e da Leitura<\/p>\n<p>Secretaria de Cultura<\/p>\n<p>Assunto:\u00a0<strong>Prazo para envio de sugest\u00f5es do PDLL \u2013 CRB1 e ABDF solicitam prorroga\u00e7\u00e3o do prazo<\/strong><\/p>\n<p>Prezada Senhora,<\/p>\n<p>Na \u00faltima quinta-feira, 11 de outubro de 2012, teve in\u00edcio o prazo para o envio de sugest\u00f5es ao Plano Distrital do Livro e da Leitura &#8211; PDLL, divulgado pela Subsecretaria de Pol\u00edticas do Livro e da Leitura do Governo do Distrito Federal<strong>. A consulta est\u00e1 aberta at\u00e9 o dia 18 de outubro para o recebimento de sugest\u00f5es e contribui\u00e7\u00f5es.<\/strong><\/p>\n<p><strong>\u00a0<\/strong><\/p>\n<p><strong>O Conselho Regional de Biblioteconomia \u2013 1\u00aa Regi\u00e3o e a Associa\u00e7\u00e3o de Bibliotec\u00e1rios do Distrito Federal solicita a prorroga\u00e7\u00e3o do prazo para consulta p\u00fablica.<\/strong><\/p>\n<p><strong>\u00a0<\/strong><\/p>\n<p><strong>Aproveitamos a oportunidade para nos posicionarmos sobre assuntos pertinentes ao PDLL:<\/strong><\/p>\n<p><strong>\u00a0<\/strong><\/p>\n<p>1. O prazo de abertura da consulta coincidiu com o feriado prolongado de 12 de outubro e com o Dia dos Professores, dia 15 de outubro, o que prejudica a contribui\u00e7\u00e3o por parte da sociedade civil, pois, na pr\u00e1tica, encurtaram o per\u00edodo para envio de sugest\u00f5es. A proposta das entidades de classe \u00e9 que a consulta p\u00fablica tenha, no m\u00ednimo, 30 (trinta), o que viabilizaria a maior participa\u00e7\u00e3o da sociedade;<\/p>\n<p>2.\u00a0 Achamos pertinente uma melhor interlocu\u00e7\u00e3o entre a Subsecretaria de Pol\u00edticas do Livro e da Leitura, Diretoria da Biblioteca Nacional de Bras\u00edlia, Conselho Regional de Biblioteconomia -1\u00aa Regi\u00e3o e Associa\u00e7\u00e3o dos Bibliotec\u00e1rios do Distrito Federal. Durante a elabora\u00e7\u00e3o da proposta, houve a participa\u00e7\u00e3o das entidades de classe, por\u00e9m, na etapa final de consolida\u00e7\u00e3o faltou continuidade no que tange algumas quest\u00f5es;<\/p>\n<p>3.\u00a0 Necessidade de formaliza\u00e7\u00e3o do Grupo de Trabalho junto ao GDF por interm\u00e9dio de publica\u00e7\u00e3o no Di\u00e1rio Oficial do Distrito Federal;<\/p>\n<p>4.\u00a0 Por \u00faltimo, salientamos que o trip\u00e9 que assenta o PDLL s\u00e3o as cadeias produtiva, mediadora e criativa. Portanto, assumir que uma destas tem maior destaque em detrimento das outras, quebra o princ\u00edpio de isonomia e razoabilidade, prejudicando, assim, a maior iniciativa de pol\u00edtica p\u00fablica na \u00e1rea do livro e da leitura no Distrito Federal nos \u00faltimos 50 anos.<\/p>\n<p>Atenciosamente,<\/p>\n<p>___________________________\u00a0\u00a0\u00a0\u00a0\u00a0\u00a0\u00a0\u00a0\u00a0\u00a0\u00a0\u00a0\u00a0\u00a0\u00a0\u00a0\u00a0\u00a0\u00a0\u00a0\u00a0\u00a0\u00a0\u00a0\u00a0\u00a0\u00a0\u00a0\u00a0 _____________________________<\/p>\n<p>Ant\u00f4nio Jos\u00e9 Oliveira Silva\u00a0\u00a0\u00a0\u00a0\u00a0\u00a0\u00a0\u00a0\u00a0\u00a0\u00a0\u00a0\u00a0\u00a0\u00a0\u00a0\u00a0\u00a0\u00a0\u00a0\u00a0\u00a0\u00a0\u00a0\u00a0\u00a0\u00a0\u00a0\u00a0\u00a0\u00a0\u00a0\u00a0\u00a0\u00a0\u00a0\u00a0\u00a0\u00a0\u00a0\u00a0\u00a0\u00a0\u00a0\u00a0\u00a0 Jefferson Higino Dantas<\/p>\n<p>Presidente CRB-1\u00a0\u00a0\u00a0\u00a0\u00a0\u00a0\u00a0\u00a0\u00a0\u00a0\u00a0\u00a0\u00a0\u00a0\u00a0\u00a0\u00a0\u00a0\u00a0\u00a0\u00a0\u00a0\u00a0\u00a0\u00a0\u00a0\u00a0\u00a0\u00a0\u00a0\u00a0\u00a0\u00a0\u00a0\u00a0\u00a0\u00a0\u00a0\u00a0\u00a0\u00a0\u00a0\u00a0\u00a0\u00a0\u00a0\u00a0\u00a0\u00a0\u00a0\u00a0\u00a0\u00a0\u00a0\u00a0\u00a0\u00a0\u00a0\u00a0 Presidente ABDF<\/p>\n<p>CRB-1\/2226\u00a0\u00a0\u00a0\u00a0\u00a0\u00a0\u00a0\u00a0\u00a0\u00a0\u00a0\u00a0\u00a0\u00a0\u00a0\u00a0\u00a0\u00a0\u00a0\u00a0\u00a0\u00a0\u00a0\u00a0\u00a0\u00a0\u00a0\u00a0\u00a0\u00a0\u00a0\u00a0\u00a0\u00a0\u00a0\u00a0\u00a0\u00a0\u00a0\u00a0\u00a0\u00a0\u00a0\u00a0\u00a0\u00a0\u00a0\u00a0\u00a0\u00a0\u00a0\u00a0\u00a0\u00a0\u00a0\u00a0\u00a0\u00a0\u00a0\u00a0\u00a0\u00a0\u00a0\u00a0\u00a0\u00a0\u00a0\u00a0\u00a0\u00a0 CRB-1\/1830<\/p>\n<p>___________________________________________________________________________________<\/p>\n<p><strong>PLANO DO DISTRITO FEDERAL DO LIVRO E DA LEITURA<\/strong><\/p>\n<p>Associa\u00e7\u00e3o dos Bibliotec\u00e1rios do Distrito Federal \u2013 ABDF<\/p>\n<p>Conselho Regional de Biblioteconomia \u2013 CRB 1\u00aa Regi\u00e3o<\/p>\n<p>T\u00f3picos para contribui\u00e7\u00e3o ao Plano do Distrito Federal do Livro e da Leitura<\/p>\n<ul>\n<li>Implantar bibliotecas escolares nas escolas que ainda n\u00e3o possuem em concord\u00e2ncia com a Lei 12.244\/2010.<\/li>\n<li>Institucionalizar as bibliotecas p\u00fablicas e o sistema de bibliotecas do Distrito Federal;<\/li>\n<li>Definir prazos e metas para a reestrutura\u00e7\u00e3o das bibliotecas p\u00fablicas e Biblioteca Nacional de Bras\u00edlia;<\/li>\n<li>Reestrutura a BNB de maneira ampla, tanto em n\u00edvel f\u00edsico quanto organizacional;<\/li>\n<li>Requerer ao poder legislativo maior fiscaliza\u00e7\u00e3o sobre repasse de recursos \u00e0s bibliotecas, por exemplo da aplica\u00e7\u00e3o a Lei 3.233 de 03\/12\/2003; de recursos contingenciados destinados \u00e0 manuten\u00e7\u00e3o das bibliotecas p\u00fablicas; de investimentos proporcionais em n\u00edvel de prioridade do setor de Livro e leitura, respeitando os eixos do Plano;<\/li>\n<li>Criar a Frente Parlamentar em prol das bibliotecas;<\/li>\n<li>Criar um fundo setorial do Livro e da Leitura;<\/li>\n<li>Promover um debate sobre a forma de administra\u00e7\u00e3o das bibliotecas p\u00fablicas pois o formato atual n\u00e3o parece eficaz. H\u00e1 que se definir inequivocamente suas mantenedoras e garanti-lhes infraestrutura, recursos, capacita\u00e7\u00e3o e, fundamentalmente, bibliotec\u00e1rios.<\/li>\n<li>Incluir a Associa\u00e7\u00e3o dos Bibliotec\u00e1rios do Distrito Federal \u2013 ABDF e o Conselho Regional de Biblioteconomia \u2013 CRB 1\u00aa Regi\u00e3o, na lista de parceiros.<\/li>\n<\/ul>\n","protected":false},"excerpt":{"rendered":"<p>Na \u00faltima quinta-feira, 11 de outubro, teve in\u00edcio o prazo para o envio de sugest\u00f5es ao Plano Distrital do Livro e da Leitura &#8211; PDLL, divulgado pela Subsecretaria de Pol\u00edticas do Livro e da Leitura do Governo do Distrito Federal. A consulta, que estaria aberta at\u00e9 o dia 18 de outubro para o recebimento de [&hellip;]<\/p>\n","protected":false},"author":1,"featured_media":0,"comment_status":"open","ping_status":"open","sticky":false,"template":"","format":"standard","meta":{"site-sidebar-layout":"default","site-content-layout":"","ast-site-content-layout":"default","site-content-style":"default","site-sidebar-style":"default","ast-global-header-display":"","ast-banner-title-visibility":"","ast-main-header-display":"","ast-hfb-above-header-display":"","ast-hfb-below-header-display":"","ast-hfb-mobile-header-display":"","site-post-title":"","ast-breadcrumbs-content":"","ast-featured-img":"","footer-sml-layout":"","ast-disable-related-posts":"","theme-transparent-header-meta":"","adv-header-id-meta":"","stick-header-meta":"","header-above-stick-meta":"","header-main-stick-meta":"","header-below-stick-meta":"","astra-migrate-meta-layouts":"default","ast-page-background-enabled":"default","ast-page-background-meta":{"desktop":{"background-color":"","background-image":"","background-repeat":"repeat","background-position":"center center","background-size":"auto","background-attachment":"scroll","background-type":"","background-media":"","overlay-type":"","overlay-color":"","overlay-opacity":"","overlay-gradient":""},"tablet":{"background-color":"","background-image":"","background-repeat":"repeat","background-position":"center center","background-size":"auto","background-attachment":"scroll","background-type":"","background-media":"","overlay-type":"","overlay-color":"","overlay-opacity":"","overlay-gradient":""},"mobile":{"background-color":"","background-image":"","background-repeat":"repeat","background-position":"center center","background-size":"auto","background-attachment":"scroll","background-type":"","background-media":"","overlay-type":"","overlay-color":"","overlay-opacity":"","overlay-gradient":""}},"ast-content-background-meta":{"desktop":{"background-color":"var(--ast-global-color-5)","background-image":"","background-repeat":"repeat","background-position":"center center","background-size":"auto","background-attachment":"scroll","background-type":"","background-media":"","overlay-type":"","overlay-color":"","overlay-opacity":"","overlay-gradient":""},"tablet":{"background-color":"var(--ast-global-color-5)","background-image":"","background-repeat":"repeat","background-position":"center center","background-size":"auto","background-attachment":"scroll","background-type":"","background-media":"","overlay-type":"","overlay-color":"","overlay-opacity":"","overlay-gradient":""},"mobile":{"background-color":"var(--ast-global-color-5)","background-image":"","background-repeat":"repeat","background-position":"center center","background-size":"auto","background-attachment":"scroll","background-type":"","background-media":"","overlay-type":"","overlay-color":"","overlay-opacity":"","overlay-gradient":""}},"footnotes":""},"categories":[1],"tags":[],"class_list":["post-424","post","type-post","status-publish","format-standard","hentry","category-noticias"],"_links":{"self":[{"href":"https:\/\/crb1.org.br\/site\/wp-json\/wp\/v2\/posts\/424","targetHints":{"allow":["GET"]}}],"collection":[{"href":"https:\/\/crb1.org.br\/site\/wp-json\/wp\/v2\/posts"}],"about":[{"href":"https:\/\/crb1.org.br\/site\/wp-json\/wp\/v2\/types\/post"}],"author":[{"embeddable":true,"href":"https:\/\/crb1.org.br\/site\/wp-json\/wp\/v2\/users\/1"}],"replies":[{"embeddable":true,"href":"https:\/\/crb1.org.br\/site\/wp-json\/wp\/v2\/comments?post=424"}],"version-history":[{"count":0,"href":"https:\/\/crb1.org.br\/site\/wp-json\/wp\/v2\/posts\/424\/revisions"}],"wp:attachment":[{"href":"https:\/\/crb1.org.br\/site\/wp-json\/wp\/v2\/media?parent=424"}],"wp:term":[{"taxonomy":"category","embeddable":true,"href":"https:\/\/crb1.org.br\/site\/wp-json\/wp\/v2\/categories?post=424"},{"taxonomy":"post_tag","embeddable":true,"href":"https:\/\/crb1.org.br\/site\/wp-json\/wp\/v2\/tags?post=424"}],"curies":[{"name":"wp","href":"https:\/\/api.w.org\/{rel}","templated":true}]}}