{"id":425,"date":"2013-04-19T02:55:48","date_gmt":"2013-04-19T05:55:48","guid":{"rendered":"https:\/\/novocrb1.ultramidia.com.br\/1-semana-nacional-do-livro-e-da-biblioteca-do-iesf\/"},"modified":"2013-04-19T02:55:48","modified_gmt":"2013-04-19T05:55:48","slug":"1-semana-nacional-do-livro-e-da-biblioteca-do-iesf","status":"publish","type":"post","link":"https:\/\/crb1.org.br\/site\/2013\/04\/1-semana-nacional-do-livro-e-da-biblioteca-do-iesf\/","title":{"rendered":"1\u00aa  Semana Nacional do Livro e da Biblioteca do IESF"},"content":{"rendered":"<p><img fetchpriority=\"high\" decoding=\"async\" src=\"https:\/\/lh6.googleusercontent.com\/-efpLXTEG0Fk\/UWw6Vp4jxYI\/AAAAAAAABrE\/pQ8dv57xwRs\/s720\/Convite%2520semana%2520nacional%2520do%2520livro.png\" width=\"600\" height=\"427\" style=\"vertical-align: top;\" \/><\/p>\n<p>  <!--more-->  <\/p>\n<p>Campo Grande (MS) \u2013 O governo do Estado, por meio da Funda\u00e7\u00e3o de Cultura de Mato Grosso do Sul (FCMS) em parceria com Sistema Estadual de Bibliotecas P\u00fablicas SEBP\/MS e Instituto de Ensino Superior da FUNLEC \u2013 IESF, realiza entre os dias 22 a 26 de outubro a I Semana do Livro e da Biblioteca. A abertura ser\u00e1 no Audit\u00f3rio da UNIMED \u00e1s 19h.<\/p>\n<p>O evento \u00e9 direcionado a profissionais, t\u00e9cnicos, acad\u00eamicos, pesquisadores e pessoas que se interessem pela tem\u00e1tica leitura, biblioteca e biblioteconomia.<\/p>\n<p>Para Juciene Arruda &#8211; Coordenadora do Sistema Estadual de Bibliotecas P\u00fablica, a iniciativa \u00e9 de grande import\u00e2ncia para todos os profissionais e acad\u00eamicos da \u00e1rea de biblioteconomia uma vez que marca a implanta\u00e7\u00e3o da I Semana do Livro e da Biblioteca no estado e no pa\u00eds, \u201dVem de encontro com as atribui\u00e7\u00f5es da biblioteca p\u00fablica que \u00e9 a educa\u00e7\u00e3o, cultura, lazer, conhecimento e dissemina\u00e7\u00e3o da informa\u00e7\u00e3o,\u201d ressalta Arruda.<\/p>\n<p>A I Semana Nacional do Livro e da Biblioteca do IESF, \u00e9 um projeto da disciplina de gest\u00e3o de informa\u00e7\u00e3o em atividades culturais, tem por objetivo trabalhar com os acad\u00eamicos do 6\u00ba semestre do Curso de Biblioteconomia a import\u00e2ncia dessas a\u00e7\u00f5es em todos os tipos de Bibliotecas, incentivando sempre a import\u00e2ncia da Leitura em todas as \u00e1reas do conhecimento.<\/p>\n<p>\u201dO papel da biblioteca n\u00e3o \u00e9 s\u00f3 esperar o usu\u00e1rio, mas ir ao encontro dele, e disseminar os diversos meios de acesso ao conhecimento e das mais variadas formas. O semin\u00e1rio ir\u00e1 mostrar aos participantes a import\u00e2ncia dessa intera\u00e7\u00e3o dos profissionais com os usu\u00e1rios\u201d explica Eunice Franco, Presidente da Associa\u00e7\u00e3o Profissional de Bibliotec\u00e1rios de MS.<\/p>\n<p>Programa\u00e7\u00e3o:<\/p>\n<p>22 de outubro<\/p>\n<p>19h -Abertura<\/p>\n<p>Palestra Magna \u2013 Dr. Waldomiro Vergueiro &#8211; Professor Titular da USP<\/p>\n<p>Tema: Administra\u00e7\u00e3o de Unidades de Informa\u00e7\u00e3o<\/p>\n<p>Local: Audit\u00f3rio da Unimed<\/p>\n<p>23 de outubro<\/p>\n<p>19h Palestra &#8211; Prof. Msc Neusa Narico Arashiro, Gerente de Patrim\u00f4nio Hist\u00f3rico e Cultural da FCMS<\/p>\n<p>Tema: PELL \u2013 Plano Estadual do Livro e da Leitura<\/p>\n<p>Local: IESF \u2013 Instituto de Ensino Superior da FUNLEC<\/p>\n<p>Durante o evento haver\u00e1 exposi\u00e7\u00e3o de 23 obras de arte.<\/p>\n<p>24 de outubro<\/p>\n<p>19h Palestra \u2013Prof. Doutor Marcelo Marinho<\/p>\n<p>Tema: \u201cPercursos e Percal\u00e7os de um Leitor\u201d: enigma de um Dia, de Joel Pizzini e S\u00e9rgio Medeiros<\/p>\n<p>Local: IESF \u2013 Instutito de Ensino Superior da FUNLEC<\/p>\n<p>25 de outubro<\/p>\n<p>19h Lan\u00e7amento do Livro: As aventuras de Catil: um Quati Aventureiro do Autor Itamar Soares de Arruda.<\/p>\n<p>Exposi\u00e7\u00f5es em Comemora\u00e7\u00e3o do centen\u00e1rio de Luiz Gonzaga e Jorge Amado<\/p>\n<p>26 de outubro<\/p>\n<p>19h Encerramento com a palestra do Prof. Dr. Ant\u00f4nio Agenor de Lemos<\/p>\n<p>Tema: Atua\u00e7\u00e3o Profissional<\/p>\n<p>Local: Audit\u00f3rio da Unimed<\/p>\n<p>Servi\u00e7o: O audit\u00f3rio da UNIMED fica localizado na Rua Goi\u00e1s, n\u00ba 695 (entrada para estacionamento pela Rua da Paz). J\u00e1 o IESF est\u00e1 localizado na Rua Coronel Cacildo Arantes, 322 , no Bairro Cachoeira II. Mais informa\u00e7\u00f5es na coordena\u00e7\u00e3o do Sistema Estadual de Bibliotecas P\u00fablicas \u2013 SEBP\/MS pelo telefone 3316-9176.<\/p>\n","protected":false},"excerpt":{"rendered":"","protected":false},"author":1,"featured_media":0,"comment_status":"open","ping_status":"open","sticky":false,"template":"","format":"standard","meta":{"site-sidebar-layout":"default","site-content-layout":"","ast-site-content-layout":"default","site-content-style":"default","site-sidebar-style":"default","ast-global-header-display":"","ast-banner-title-visibility":"","ast-main-header-display":"","ast-hfb-above-header-display":"","ast-hfb-below-header-display":"","ast-hfb-mobile-header-display":"","site-post-title":"","ast-breadcrumbs-content":"","ast-featured-img":"","footer-sml-layout":"","ast-disable-related-posts":"","theme-transparent-header-meta":"","adv-header-id-meta":"","stick-header-meta":"","header-above-stick-meta":"","header-main-stick-meta":"","header-below-stick-meta":"","astra-migrate-meta-layouts":"default","ast-page-background-enabled":"default","ast-page-background-meta":{"desktop":{"background-color":"","background-image":"","background-repeat":"repeat","background-position":"center center","background-size":"auto","background-attachment":"scroll","background-type":"","background-media":"","overlay-type":"","overlay-color":"","overlay-opacity":"","overlay-gradient":""},"tablet":{"background-color":"","background-image":"","background-repeat":"repeat","background-position":"center center","background-size":"auto","background-attachment":"scroll","background-type":"","background-media":"","overlay-type":"","overlay-color":"","overlay-opacity":"","overlay-gradient":""},"mobile":{"background-color":"","background-image":"","background-repeat":"repeat","background-position":"center center","background-size":"auto","background-attachment":"scroll","background-type":"","background-media":"","overlay-type":"","overlay-color":"","overlay-opacity":"","overlay-gradient":""}},"ast-content-background-meta":{"desktop":{"background-color":"var(--ast-global-color-5)","background-image":"","background-repeat":"repeat","background-position":"center center","background-size":"auto","background-attachment":"scroll","background-type":"","background-media":"","overlay-type":"","overlay-color":"","overlay-opacity":"","overlay-gradient":""},"tablet":{"background-color":"var(--ast-global-color-5)","background-image":"","background-repeat":"repeat","background-position":"center center","background-size":"auto","background-attachment":"scroll","background-type":"","background-media":"","overlay-type":"","overlay-color":"","overlay-opacity":"","overlay-gradient":""},"mobile":{"background-color":"var(--ast-global-color-5)","background-image":"","background-repeat":"repeat","background-position":"center center","background-size":"auto","background-attachment":"scroll","background-type":"","background-media":"","overlay-type":"","overlay-color":"","overlay-opacity":"","overlay-gradient":""}},"footnotes":""},"categories":[1],"tags":[],"class_list":["post-425","post","type-post","status-publish","format-standard","hentry","category-noticias"],"_links":{"self":[{"href":"https:\/\/crb1.org.br\/site\/wp-json\/wp\/v2\/posts\/425","targetHints":{"allow":["GET"]}}],"collection":[{"href":"https:\/\/crb1.org.br\/site\/wp-json\/wp\/v2\/posts"}],"about":[{"href":"https:\/\/crb1.org.br\/site\/wp-json\/wp\/v2\/types\/post"}],"author":[{"embeddable":true,"href":"https:\/\/crb1.org.br\/site\/wp-json\/wp\/v2\/users\/1"}],"replies":[{"embeddable":true,"href":"https:\/\/crb1.org.br\/site\/wp-json\/wp\/v2\/comments?post=425"}],"version-history":[{"count":0,"href":"https:\/\/crb1.org.br\/site\/wp-json\/wp\/v2\/posts\/425\/revisions"}],"wp:attachment":[{"href":"https:\/\/crb1.org.br\/site\/wp-json\/wp\/v2\/media?parent=425"}],"wp:term":[{"taxonomy":"category","embeddable":true,"href":"https:\/\/crb1.org.br\/site\/wp-json\/wp\/v2\/categories?post=425"},{"taxonomy":"post_tag","embeddable":true,"href":"https:\/\/crb1.org.br\/site\/wp-json\/wp\/v2\/tags?post=425"}],"curies":[{"name":"wp","href":"https:\/\/api.w.org\/{rel}","templated":true}]}}