{"id":439,"date":"2013-04-20T17:48:00","date_gmt":"2013-04-20T20:48:00","guid":{"rendered":"https:\/\/novocrb1.ultramidia.com.br\/equipe-do-conselho-regional-de-biblioteconomia-da-1-regiao-faz-benchmarking-na-secao-de-legislacao-seleg\/"},"modified":"2013-04-20T17:48:00","modified_gmt":"2013-04-20T20:48:00","slug":"equipe-do-conselho-regional-de-biblioteconomia-da-1-regiao-faz-benchmarking-na-secao-de-legislacao-seleg","status":"publish","type":"post","link":"https:\/\/crb1.org.br\/site\/2013\/04\/equipe-do-conselho-regional-de-biblioteconomia-da-1-regiao-faz-benchmarking-na-secao-de-legislacao-seleg\/","title":{"rendered":"Equipe do Conselho Regional de Biblioteconomia da 1\u00aa Regi\u00e3o faz benchmarking na Se\u00e7\u00e3o de Legisla\u00e7\u00e3o (Seleg)"},"content":{"rendered":"<p>Na \u00faltima quarta-feira (31\/10), uma equipe do Conselho Regional de Biblioteconomia da 1\u00aa Regi\u00e3o (CRB1) visitou a Seleg. O objetivo foi conhecer todo o trabalho que \u00e9 realizado para a elabora\u00e7\u00e3o do InfoSeleg, informativo da Se\u00e7\u00e3o de Legisla\u00e7\u00e3o, enviado por\u00a0<em>e-mail<\/em>\u00a0diariamente, do qual consta uma sele\u00e7\u00e3o de mat\u00e9rias de interesse da Justi\u00e7a Eleitoral e de seus servidores.<\/p>\n<p>Leia o que disse o presidente do CRB1, Ant\u00f4nio Silva:<\/p>\n<p>  <!--more-->  <\/p>\n<p>\u00a0<\/p>\n<p>\u201cCom o objetivo de conhecer o InfoSeleg, a equipe do Conselho, no dia 31 de outubro, realizou\u00a0<em>benchmarking<\/em>\u00a0na Se\u00e7\u00e3o de Legisla\u00e7\u00e3o. A equipe ficou satisfeita com a apresenta\u00e7\u00e3o, a proatividade\u00a0 e o conhecimento do produto\u00a0por Jussara Faria, servidora respons\u00e1vel por criar o InfoSeleg e selecionar os conte\u00fados que diariamente s\u00e3o inclu\u00eddos no informativo. Nesse sentido,\u00a0o CRB1\u00a0pretende adotar ferramenta\u00a0semelhante para a classe bibliotec\u00e1ria do DF, GO, MT e MS. Na visita, Jussara explicou, com riqueza de detalhes, toda a din\u00e2mica de trabalho utilizada para que o InfoSeleg chegue \u00e0 sua vers\u00e3o final e seja disponibilizado ao p\u00fablico\u201d.<\/p>\n<p>O chefe da Se\u00e7\u00e3o de Biblioteca do TSE, presente neste ato, Geraldo Campetti, ressalta a import\u00e2ncia do\u00a0<em>benchmarking\u00a0<\/em>nas organiza\u00e7\u00f5es p\u00fablicas\u00a0como ferramenta de dissemina\u00e7\u00e3o de boas pr\u00e1ticas.<\/p>\n<p>Por sua vez, a chefe da Seleg, Cec\u00edlia Bugarin, corrobora com essa iniciativa de compartilhar conhecimento com outras organiza\u00e7\u00f5es.<\/p>\n","protected":false},"excerpt":{"rendered":"<p>Na \u00faltima quarta-feira (31\/10), uma equipe do Conselho Regional de Biblioteconomia da 1\u00aa Regi\u00e3o (CRB1) visitou a Seleg. O objetivo foi conhecer todo o trabalho que \u00e9 realizado para a elabora\u00e7\u00e3o do InfoSeleg, informativo da Se\u00e7\u00e3o de Legisla\u00e7\u00e3o, enviado por\u00a0e-mail\u00a0diariamente, do qual consta uma sele\u00e7\u00e3o de mat\u00e9rias de interesse da Justi\u00e7a Eleitoral e de seus [&hellip;]<\/p>\n","protected":false},"author":1,"featured_media":0,"comment_status":"open","ping_status":"open","sticky":false,"template":"","format":"standard","meta":{"site-sidebar-layout":"default","site-content-layout":"","ast-site-content-layout":"default","site-content-style":"default","site-sidebar-style":"default","ast-global-header-display":"","ast-banner-title-visibility":"","ast-main-header-display":"","ast-hfb-above-header-display":"","ast-hfb-below-header-display":"","ast-hfb-mobile-header-display":"","site-post-title":"","ast-breadcrumbs-content":"","ast-featured-img":"","footer-sml-layout":"","ast-disable-related-posts":"","theme-transparent-header-meta":"","adv-header-id-meta":"","stick-header-meta":"","header-above-stick-meta":"","header-main-stick-meta":"","header-below-stick-meta":"","astra-migrate-meta-layouts":"default","ast-page-background-enabled":"default","ast-page-background-meta":{"desktop":{"background-color":"","background-image":"","background-repeat":"repeat","background-position":"center center","background-size":"auto","background-attachment":"scroll","background-type":"","background-media":"","overlay-type":"","overlay-color":"","overlay-opacity":"","overlay-gradient":""},"tablet":{"background-color":"","background-image":"","background-repeat":"repeat","background-position":"center center","background-size":"auto","background-attachment":"scroll","background-type":"","background-media":"","overlay-type":"","overlay-color":"","overlay-opacity":"","overlay-gradient":""},"mobile":{"background-color":"","background-image":"","background-repeat":"repeat","background-position":"center center","background-size":"auto","background-attachment":"scroll","background-type":"","background-media":"","overlay-type":"","overlay-color":"","overlay-opacity":"","overlay-gradient":""}},"ast-content-background-meta":{"desktop":{"background-color":"var(--ast-global-color-5)","background-image":"","background-repeat":"repeat","background-position":"center center","background-size":"auto","background-attachment":"scroll","background-type":"","background-media":"","overlay-type":"","overlay-color":"","overlay-opacity":"","overlay-gradient":""},"tablet":{"background-color":"var(--ast-global-color-5)","background-image":"","background-repeat":"repeat","background-position":"center center","background-size":"auto","background-attachment":"scroll","background-type":"","background-media":"","overlay-type":"","overlay-color":"","overlay-opacity":"","overlay-gradient":""},"mobile":{"background-color":"var(--ast-global-color-5)","background-image":"","background-repeat":"repeat","background-position":"center center","background-size":"auto","background-attachment":"scroll","background-type":"","background-media":"","overlay-type":"","overlay-color":"","overlay-opacity":"","overlay-gradient":""}},"footnotes":""},"categories":[1],"tags":[],"class_list":["post-439","post","type-post","status-publish","format-standard","hentry","category-noticias"],"_links":{"self":[{"href":"https:\/\/crb1.org.br\/site\/wp-json\/wp\/v2\/posts\/439","targetHints":{"allow":["GET"]}}],"collection":[{"href":"https:\/\/crb1.org.br\/site\/wp-json\/wp\/v2\/posts"}],"about":[{"href":"https:\/\/crb1.org.br\/site\/wp-json\/wp\/v2\/types\/post"}],"author":[{"embeddable":true,"href":"https:\/\/crb1.org.br\/site\/wp-json\/wp\/v2\/users\/1"}],"replies":[{"embeddable":true,"href":"https:\/\/crb1.org.br\/site\/wp-json\/wp\/v2\/comments?post=439"}],"version-history":[{"count":0,"href":"https:\/\/crb1.org.br\/site\/wp-json\/wp\/v2\/posts\/439\/revisions"}],"wp:attachment":[{"href":"https:\/\/crb1.org.br\/site\/wp-json\/wp\/v2\/media?parent=439"}],"wp:term":[{"taxonomy":"category","embeddable":true,"href":"https:\/\/crb1.org.br\/site\/wp-json\/wp\/v2\/categories?post=439"},{"taxonomy":"post_tag","embeddable":true,"href":"https:\/\/crb1.org.br\/site\/wp-json\/wp\/v2\/tags?post=439"}],"curies":[{"name":"wp","href":"https:\/\/api.w.org\/{rel}","templated":true}]}}