{"id":441,"date":"2013-04-20T17:52:02","date_gmt":"2013-04-20T20:52:02","guid":{"rendered":"https:\/\/novocrb1.ultramidia.com.br\/unb-abre-exposicao-em-comemoracao-aos-seus-50-anos-bce-50-anos-eu-tambem-faco-parte-dessa-historia\/"},"modified":"2013-04-20T17:52:02","modified_gmt":"2013-04-20T20:52:02","slug":"unb-abre-exposicao-em-comemoracao-aos-seus-50-anos-bce-50-anos-eu-tambem-faco-parte-dessa-historia","status":"publish","type":"post","link":"https:\/\/crb1.org.br\/site\/2013\/04\/unb-abre-exposicao-em-comemoracao-aos-seus-50-anos-bce-50-anos-eu-tambem-faco-parte-dessa-historia\/","title":{"rendered":"UnB abre exposi\u00e7\u00e3o em comemora\u00e7\u00e3o aos seus 50 anos &#8211; &#8220;BCE 50 anos \u2013 eu tamb\u00e9m fa\u00e7o parte dessa hist\u00f3ria&#8221;"},"content":{"rendered":"<p><img fetchpriority=\"high\" decoding=\"async\" src=\"https:\/\/lh6.googleusercontent.com\/-OHAO2oKJI0g\/UWw7CbFs38I\/AAAAAAAABu8\/cr9DrQVyvq4\/s720\/convite_BCE50anos%2520%25281024x722%2529.jpg\" alt=\"UnB 50 anos\" title=\"BCE 50 anos - eu tamb\u00e9m fa\u00e7o parte dessa hist\u00f3ria\" width=\"720\" height=\"508\" style=\"vertical-align: top;\" \/><\/p>\n<p>  <!--more-->  <\/p>\n<p>\u00a0<\/p>\n<p>A Comiss\u00e3o UnB 50 anos, em parceria com o curso de Museologia abrem nessa ter\u00e7a,\u00a0<strong><em>13 de novembro<\/em><\/strong>, a exposi\u00e7\u00e3o &#8220;<em><strong>BCE 50 anos \u2013 eu tamb\u00e9m fa\u00e7o parte dessa hist\u00f3ria<\/strong>&#8220;.\u00a0<\/em>A mostra faz parde das atividades comemorativas do anivers\u00e1rio de 50 anos da Universidade de Bras\u00edlia.<\/p>\n<p>O evento, que acontecer\u00e1 no\u00a0<strong>Sal\u00e3o de Refer\u00eancia da BCE<\/strong>\u00a0e ter\u00e1 a solenidade de abertura \u00e0s\u00a0<strong>18h30min<\/strong>, conta tamb\u00e9m com uma p\u00e1gina comemorativa interativa para que as pessoas possam conhecer mais sobre a Biblioteca Central, al\u00e9m do espa\u00e7o para quem deixem seus depoimentos. O endere\u00e7o para o site \u00e9\u00a0<a href=\"http:\/\/50anos.bce.unb.br\/\">http:\/\/50anos.bce.unb.br\/<\/a><\/p>\n<p>O CRB-1 tamb\u00e9m parabeniza o jubileu de ouro da UnB e transmite o convite para que todos possam comparecer e prestigi\u00e1-lo.<\/p>\n","protected":false},"excerpt":{"rendered":"","protected":false},"author":1,"featured_media":0,"comment_status":"open","ping_status":"open","sticky":false,"template":"","format":"standard","meta":{"site-sidebar-layout":"default","site-content-layout":"","ast-site-content-layout":"default","site-content-style":"default","site-sidebar-style":"default","ast-global-header-display":"","ast-banner-title-visibility":"","ast-main-header-display":"","ast-hfb-above-header-display":"","ast-hfb-below-header-display":"","ast-hfb-mobile-header-display":"","site-post-title":"","ast-breadcrumbs-content":"","ast-featured-img":"","footer-sml-layout":"","ast-disable-related-posts":"","theme-transparent-header-meta":"","adv-header-id-meta":"","stick-header-meta":"","header-above-stick-meta":"","header-main-stick-meta":"","header-below-stick-meta":"","astra-migrate-meta-layouts":"default","ast-page-background-enabled":"default","ast-page-background-meta":{"desktop":{"background-color":"","background-image":"","background-repeat":"repeat","background-position":"center center","background-size":"auto","background-attachment":"scroll","background-type":"","background-media":"","overlay-type":"","overlay-color":"","overlay-opacity":"","overlay-gradient":""},"tablet":{"background-color":"","background-image":"","background-repeat":"repeat","background-position":"center center","background-size":"auto","background-attachment":"scroll","background-type":"","background-media":"","overlay-type":"","overlay-color":"","overlay-opacity":"","overlay-gradient":""},"mobile":{"background-color":"","background-image":"","background-repeat":"repeat","background-position":"center center","background-size":"auto","background-attachment":"scroll","background-type":"","background-media":"","overlay-type":"","overlay-color":"","overlay-opacity":"","overlay-gradient":""}},"ast-content-background-meta":{"desktop":{"background-color":"var(--ast-global-color-5)","background-image":"","background-repeat":"repeat","background-position":"center center","background-size":"auto","background-attachment":"scroll","background-type":"","background-media":"","overlay-type":"","overlay-color":"","overlay-opacity":"","overlay-gradient":""},"tablet":{"background-color":"var(--ast-global-color-5)","background-image":"","background-repeat":"repeat","background-position":"center center","background-size":"auto","background-attachment":"scroll","background-type":"","background-media":"","overlay-type":"","overlay-color":"","overlay-opacity":"","overlay-gradient":""},"mobile":{"background-color":"var(--ast-global-color-5)","background-image":"","background-repeat":"repeat","background-position":"center center","background-size":"auto","background-attachment":"scroll","background-type":"","background-media":"","overlay-type":"","overlay-color":"","overlay-opacity":"","overlay-gradient":""}},"footnotes":""},"categories":[1],"tags":[],"class_list":["post-441","post","type-post","status-publish","format-standard","hentry","category-noticias"],"_links":{"self":[{"href":"https:\/\/crb1.org.br\/site\/wp-json\/wp\/v2\/posts\/441","targetHints":{"allow":["GET"]}}],"collection":[{"href":"https:\/\/crb1.org.br\/site\/wp-json\/wp\/v2\/posts"}],"about":[{"href":"https:\/\/crb1.org.br\/site\/wp-json\/wp\/v2\/types\/post"}],"author":[{"embeddable":true,"href":"https:\/\/crb1.org.br\/site\/wp-json\/wp\/v2\/users\/1"}],"replies":[{"embeddable":true,"href":"https:\/\/crb1.org.br\/site\/wp-json\/wp\/v2\/comments?post=441"}],"version-history":[{"count":0,"href":"https:\/\/crb1.org.br\/site\/wp-json\/wp\/v2\/posts\/441\/revisions"}],"wp:attachment":[{"href":"https:\/\/crb1.org.br\/site\/wp-json\/wp\/v2\/media?parent=441"}],"wp:term":[{"taxonomy":"category","embeddable":true,"href":"https:\/\/crb1.org.br\/site\/wp-json\/wp\/v2\/categories?post=441"},{"taxonomy":"post_tag","embeddable":true,"href":"https:\/\/crb1.org.br\/site\/wp-json\/wp\/v2\/tags?post=441"}],"curies":[{"name":"wp","href":"https:\/\/api.w.org\/{rel}","templated":true}]}}