{"id":445,"date":"2013-04-20T18:06:09","date_gmt":"2013-04-20T21:06:09","guid":{"rendered":"https:\/\/novocrb1.ultramidia.com.br\/sesi-abre-selecao-para-bibliotecario-e-da-exemplo-na-remuneracao-oferecida\/"},"modified":"2013-04-20T18:06:09","modified_gmt":"2013-04-20T21:06:09","slug":"sesi-abre-selecao-para-bibliotecario-e-da-exemplo-na-remuneracao-oferecida","status":"publish","type":"post","link":"https:\/\/crb1.org.br\/site\/2013\/04\/sesi-abre-selecao-para-bibliotecario-e-da-exemplo-na-remuneracao-oferecida\/","title":{"rendered":"SESI abre sele\u00e7\u00e3o para Bibliotec\u00e1rio e d\u00e1 exemplo na remunera\u00e7\u00e3o oferecida"},"content":{"rendered":"<p><img fetchpriority=\"high\" decoding=\"async\" src=\"https:\/\/lh6.googleusercontent.com\/-qIbr-W0KV1k\/UWw7anfT5BI\/AAAAAAAAByU\/B90xeKy9tTo\/s640\/sesi.jpg\" width=\"600\" height=\"450\" style=\"vertical-align: top;\" \/><\/p>\n<p>  <!--more-->  <\/p>\n<p>\u00a0<\/p>\n<p>Contrastando com a den\u00fancia contra o baixo sal\u00e1rio oferecido pela UEG em seu processo seletivo, o Servi\u00e7o Social da Ind\u00fastria\/SESI-DF abre nessa ter\u00e7a-feira o edital para contrata\u00e7\u00e3o de Bibliotec\u00e1rio tempor\u00e1rio e oferece a remunera\u00e7\u00e3o de R$2.891,00 para uma jornada de trabalho de 40h semanais.<\/p>\n<p>O edital disponibiliza 1 (uma) vaga para o cargo, tendo como exig\u00eancias o diploma, devidamente registrado, de Gradua\u00e7\u00e3o em Biblioteconomia, fornecido por Institui\u00e7\u00e3o de Ensino Superior reconhecida pelo Minist\u00e9rio da Educa\u00e7\u00e3o e Registro no Conselho Regional de Biblioteconomia. Al\u00e9m da remunera\u00e7\u00e3o, s\u00e3o oferecidas assist\u00eancias m\u00e9dia e odontol\u00f3gica, refei\u00e7\u00e3o subsidiada, vale-transporte e aux\u00edlio-funeral.<\/p>\n<p>As provas acontecer\u00e3o em 20 de janeiro de 2013 e os locais e hor\u00e1rios ser\u00e3o disponibilizados posteriormente atrav\u00e9s do Edital de Convoca\u00e7\u00e3o a ser publicado no jornal Correio Braziliense e atrav\u00e9s do endere\u00e7o eletr\u00f4nico da Cetro Concursos (www.cetroconcursos.org.br), observado o hor\u00e1rio oficial de Bras\u00edlia\/DF.<\/p>\n<p>Para conferir o edital na \u00edntegra,\u00a0<a href=\"http:\/\/www.cetroconcursos.org.br\/arquivos\/anexos\/086e67db396115365b11618bdf322a86.pdf\" target=\"_blank\" rel=\"noopener\">clique aqui<\/a>.<\/p>\n","protected":false},"excerpt":{"rendered":"","protected":false},"author":1,"featured_media":0,"comment_status":"open","ping_status":"open","sticky":false,"template":"","format":"standard","meta":{"site-sidebar-layout":"default","site-content-layout":"","ast-site-content-layout":"default","site-content-style":"default","site-sidebar-style":"default","ast-global-header-display":"","ast-banner-title-visibility":"","ast-main-header-display":"","ast-hfb-above-header-display":"","ast-hfb-below-header-display":"","ast-hfb-mobile-header-display":"","site-post-title":"","ast-breadcrumbs-content":"","ast-featured-img":"","footer-sml-layout":"","ast-disable-related-posts":"","theme-transparent-header-meta":"","adv-header-id-meta":"","stick-header-meta":"","header-above-stick-meta":"","header-main-stick-meta":"","header-below-stick-meta":"","astra-migrate-meta-layouts":"default","ast-page-background-enabled":"default","ast-page-background-meta":{"desktop":{"background-color":"","background-image":"","background-repeat":"repeat","background-position":"center center","background-size":"auto","background-attachment":"scroll","background-type":"","background-media":"","overlay-type":"","overlay-color":"","overlay-opacity":"","overlay-gradient":""},"tablet":{"background-color":"","background-image":"","background-repeat":"repeat","background-position":"center center","background-size":"auto","background-attachment":"scroll","background-type":"","background-media":"","overlay-type":"","overlay-color":"","overlay-opacity":"","overlay-gradient":""},"mobile":{"background-color":"","background-image":"","background-repeat":"repeat","background-position":"center center","background-size":"auto","background-attachment":"scroll","background-type":"","background-media":"","overlay-type":"","overlay-color":"","overlay-opacity":"","overlay-gradient":""}},"ast-content-background-meta":{"desktop":{"background-color":"var(--ast-global-color-5)","background-image":"","background-repeat":"repeat","background-position":"center center","background-size":"auto","background-attachment":"scroll","background-type":"","background-media":"","overlay-type":"","overlay-color":"","overlay-opacity":"","overlay-gradient":""},"tablet":{"background-color":"var(--ast-global-color-5)","background-image":"","background-repeat":"repeat","background-position":"center center","background-size":"auto","background-attachment":"scroll","background-type":"","background-media":"","overlay-type":"","overlay-color":"","overlay-opacity":"","overlay-gradient":""},"mobile":{"background-color":"var(--ast-global-color-5)","background-image":"","background-repeat":"repeat","background-position":"center center","background-size":"auto","background-attachment":"scroll","background-type":"","background-media":"","overlay-type":"","overlay-color":"","overlay-opacity":"","overlay-gradient":""}},"footnotes":""},"categories":[1],"tags":[],"class_list":["post-445","post","type-post","status-publish","format-standard","hentry","category-noticias"],"_links":{"self":[{"href":"https:\/\/crb1.org.br\/site\/wp-json\/wp\/v2\/posts\/445","targetHints":{"allow":["GET"]}}],"collection":[{"href":"https:\/\/crb1.org.br\/site\/wp-json\/wp\/v2\/posts"}],"about":[{"href":"https:\/\/crb1.org.br\/site\/wp-json\/wp\/v2\/types\/post"}],"author":[{"embeddable":true,"href":"https:\/\/crb1.org.br\/site\/wp-json\/wp\/v2\/users\/1"}],"replies":[{"embeddable":true,"href":"https:\/\/crb1.org.br\/site\/wp-json\/wp\/v2\/comments?post=445"}],"version-history":[{"count":0,"href":"https:\/\/crb1.org.br\/site\/wp-json\/wp\/v2\/posts\/445\/revisions"}],"wp:attachment":[{"href":"https:\/\/crb1.org.br\/site\/wp-json\/wp\/v2\/media?parent=445"}],"wp:term":[{"taxonomy":"category","embeddable":true,"href":"https:\/\/crb1.org.br\/site\/wp-json\/wp\/v2\/categories?post=445"},{"taxonomy":"post_tag","embeddable":true,"href":"https:\/\/crb1.org.br\/site\/wp-json\/wp\/v2\/tags?post=445"}],"curies":[{"name":"wp","href":"https:\/\/api.w.org\/{rel}","templated":true}]}}