{"id":4506,"date":"2019-09-11T22:19:09","date_gmt":"2019-09-12T01:19:09","guid":{"rendered":"https:\/\/crb1.org.br\/?p=4506"},"modified":"2019-09-11T22:19:09","modified_gmt":"2019-09-12T01:19:09","slug":"8o-seminario-internacional-de-bibliotecas","status":"publish","type":"post","link":"https:\/\/crb1.org.br\/site\/2019\/09\/8o-seminario-internacional-de-bibliotecas\/","title":{"rendered":"8o Semin\u00e1rio Internacional de Bibliotecas"},"content":{"rendered":"<p style=\"text-align: justify;\">\n<p style=\"text-align: justify;\">Est\u00e3o abertas at\u00e9 23\/09 as inscri\u00e7\u00f5es para apresenta\u00e7\u00e3o de trabalhos, nas seguintes modalidades: Compartilhamento de Ideias (apresenta\u00e7\u00e3o oral) e Sal\u00e3o de Ideias (banners)<\/p>\n<p style=\"text-align: justify;\">As inscri\u00e7\u00f5es s\u00e3o abertas a qualquer interessado em apresentar pesquisas e relatos de pr\u00e1ticas que tenham v\u00ednculo com os eixos tem\u00e1ticos propostos nesta edi\u00e7\u00e3o do evento:<\/p>\n<p style=\"text-align: justify;\">a) Biblioteca e Democracia;<br \/>\nb) Mem\u00f3ria e Oralidade;<br \/>\nc) Bibliotecas em Rede;<br \/>\nd) Pr\u00e1ticas de Media\u00e7\u00e3o de Leitura.<\/p>\n<p style=\"text-align: justify;\">Vamos pensar, agir e poetizar a luta pela Democracia e pelas Bibliotecas.<\/p>\n<p style=\"text-align: justify;\">Inscri\u00e7\u00f5es e maiores informa\u00e7\u00f5es:<\/p>\n<p style=\"text-align: justify;\"><a href=\"http:\/\/arb.org.br\/seminario-bibliotecas-2019\/\">http:\/\/arb.org.br\/seminario-bibliotecas-2019\/<\/a><\/p>\n<hr \/>\n<p style=\"text-align: justify;\">\n","protected":false},"excerpt":{"rendered":"<p>Est\u00e3o abertas at\u00e9 23\/09 as inscri\u00e7\u00f5es para apresenta\u00e7\u00e3o de trabalhos, nas seguintes modalidades: Compartilhamento de Ideias (apresenta\u00e7\u00e3o oral) e Sal\u00e3o de Ideias (banners) As inscri\u00e7\u00f5es s\u00e3o abertas a qualquer interessado em apresentar pesquisas e relatos de pr\u00e1ticas que tenham v\u00ednculo com os eixos tem\u00e1ticos propostos nesta edi\u00e7\u00e3o do evento: a) Biblioteca e Democracia; b) Mem\u00f3ria [&hellip;]<\/p>\n","protected":false},"author":1,"featured_media":4507,"comment_status":"open","ping_status":"open","sticky":false,"template":"","format":"standard","meta":{"site-sidebar-layout":"default","site-content-layout":"","ast-site-content-layout":"default","site-content-style":"default","site-sidebar-style":"default","ast-global-header-display":"","ast-banner-title-visibility":"","ast-main-header-display":"","ast-hfb-above-header-display":"","ast-hfb-below-header-display":"","ast-hfb-mobile-header-display":"","site-post-title":"","ast-breadcrumbs-content":"","ast-featured-img":"","footer-sml-layout":"","ast-disable-related-posts":"","theme-transparent-header-meta":"","adv-header-id-meta":"","stick-header-meta":"","header-above-stick-meta":"","header-main-stick-meta":"","header-below-stick-meta":"","astra-migrate-meta-layouts":"default","ast-page-background-enabled":"default","ast-page-background-meta":{"desktop":{"background-color":"","background-image":"","background-repeat":"repeat","background-position":"center center","background-size":"auto","background-attachment":"scroll","background-type":"","background-media":"","overlay-type":"","overlay-color":"","overlay-opacity":"","overlay-gradient":""},"tablet":{"background-color":"","background-image":"","background-repeat":"repeat","background-position":"center center","background-size":"auto","background-attachment":"scroll","background-type":"","background-media":"","overlay-type":"","overlay-color":"","overlay-opacity":"","overlay-gradient":""},"mobile":{"background-color":"","background-image":"","background-repeat":"repeat","background-position":"center center","background-size":"auto","background-attachment":"scroll","background-type":"","background-media":"","overlay-type":"","overlay-color":"","overlay-opacity":"","overlay-gradient":""}},"ast-content-background-meta":{"desktop":{"background-color":"var(--ast-global-color-5)","background-image":"","background-repeat":"repeat","background-position":"center center","background-size":"auto","background-attachment":"scroll","background-type":"","background-media":"","overlay-type":"","overlay-color":"","overlay-opacity":"","overlay-gradient":""},"tablet":{"background-color":"var(--ast-global-color-5)","background-image":"","background-repeat":"repeat","background-position":"center center","background-size":"auto","background-attachment":"scroll","background-type":"","background-media":"","overlay-type":"","overlay-color":"","overlay-opacity":"","overlay-gradient":""},"mobile":{"background-color":"var(--ast-global-color-5)","background-image":"","background-repeat":"repeat","background-position":"center center","background-size":"auto","background-attachment":"scroll","background-type":"","background-media":"","overlay-type":"","overlay-color":"","overlay-opacity":"","overlay-gradient":""}},"footnotes":""},"categories":[24],"tags":[],"class_list":["post-4506","post","type-post","status-publish","format-standard","has-post-thumbnail","hentry","category-evento"],"_links":{"self":[{"href":"https:\/\/crb1.org.br\/site\/wp-json\/wp\/v2\/posts\/4506","targetHints":{"allow":["GET"]}}],"collection":[{"href":"https:\/\/crb1.org.br\/site\/wp-json\/wp\/v2\/posts"}],"about":[{"href":"https:\/\/crb1.org.br\/site\/wp-json\/wp\/v2\/types\/post"}],"author":[{"embeddable":true,"href":"https:\/\/crb1.org.br\/site\/wp-json\/wp\/v2\/users\/1"}],"replies":[{"embeddable":true,"href":"https:\/\/crb1.org.br\/site\/wp-json\/wp\/v2\/comments?post=4506"}],"version-history":[{"count":0,"href":"https:\/\/crb1.org.br\/site\/wp-json\/wp\/v2\/posts\/4506\/revisions"}],"wp:featuredmedia":[{"embeddable":true,"href":"https:\/\/crb1.org.br\/site\/wp-json\/"}],"wp:attachment":[{"href":"https:\/\/crb1.org.br\/site\/wp-json\/wp\/v2\/media?parent=4506"}],"wp:term":[{"taxonomy":"category","embeddable":true,"href":"https:\/\/crb1.org.br\/site\/wp-json\/wp\/v2\/categories?post=4506"},{"taxonomy":"post_tag","embeddable":true,"href":"https:\/\/crb1.org.br\/site\/wp-json\/wp\/v2\/tags?post=4506"}],"curies":[{"name":"wp","href":"https:\/\/api.w.org\/{rel}","templated":true}]}}