{"id":456,"date":"2013-04-20T19:13:34","date_gmt":"2013-04-20T22:13:34","guid":{"rendered":"https:\/\/novocrb1.ultramidia.com.br\/internautas-poderao-opinar-sobre-o-vale-cultura-segundo-ministra-marta-suplicy\/"},"modified":"2013-04-20T19:13:34","modified_gmt":"2013-04-20T22:13:34","slug":"internautas-poderao-opinar-sobre-o-vale-cultura-segundo-ministra-marta-suplicy","status":"publish","type":"post","link":"https:\/\/crb1.org.br\/site\/2013\/04\/internautas-poderao-opinar-sobre-o-vale-cultura-segundo-ministra-marta-suplicy\/","title":{"rendered":"Internautas poder\u00e3o opinar sobre o Vale-Cultura, segundo ministra Marta Suplicy"},"content":{"rendered":"<p><span>Fonte:\u00a0<\/span><a href=\"http:\/\/www.cultura.gov.br\/site\/2013\/01\/09\/vale-cultura-13\/\" target=\"_blank\" rel=\"noopener\">MinC<\/a><\/p>\n<p><img fetchpriority=\"high\" decoding=\"async\" src=\"https:\/\/lh4.googleusercontent.com\/-33wRv3Tke30\/UWw6NF_XOJI\/AAAAAAAABpM\/avD_c4IYcig\/s300\/8341455607_81b82a0d73_b-300x203.jpg\" width=\"276\" height=\"187\" style=\"margin: 3px 5px; float: left;\" \/>A ministra da Cultura, Marta Suplicy, abriu nesta quarta-feira (9), em\u00a0<a href=\"http:\/\/www.cultura.gov.br\/site\/wp-content\/uploads\/2013\/01\/A%C3%BAdio-R%C3%A1dio-BandNews_0001.wma\" target=\"_blank\" rel=\"noopener\">entrevista<\/a>\u00a0\u00e0 R\u00e1dio Band AM, a possibilidade de internautas enviarem opini\u00f5es, sugest\u00f5es e d\u00favidas sobre o Vale-Cultura \u00e0 comiss\u00e3o que vai regulamentar a pol\u00edtica institu\u00edda por lei, no final do ano passado.<\/p>\n<p>Espa\u00e7o aberto nos coment\u00e1rios desta mat\u00e9ria e nas redes sociais. Todas as postagens ser\u00e3o objeto de estudo da comiss\u00e3o formada pela Secretaria de Fomento e Incentivo \u00e0 Cultura (SEFIC\/MinC) e Secretaria de Pol\u00edticas Culturais (SPC\/MinC),\u00a0 pela Consultoria Jur\u00eddica (Conjur\/MinC) e Secretaria Executiva (SE\/MinC). O grupo tem at\u00e9 o dia 26 de fevereiro para regulamentar o Vale-Cultura.<\/p>\n<p>  <!--more-->  <\/p>\n<p>\u00a0<\/p>\n<p><strong>O que \u00e9 Vale-Cultura<\/strong>&#8211; Sancionado pela presidente Dilma Rousseff no dia 27 de dezembro, o Vale-Cultura \u00e9 um benef\u00edcio de R$ 50 mensais concedido aos trabalhadores que recebam at\u00e9 cinco sal\u00e1rios m\u00ednimos por m\u00eas.<\/p>\n<p>Com ele os trabalhadores poder\u00e3o acessar servi\u00e7os e produtos culturais nas \u00e1reas de Artes Visuais, Artes C\u00eanicas, Audiovisual, Literatura, Humanidades e Informa\u00e7\u00e3o, M\u00fasica e Patrim\u00f4nio Cultural.<\/p>\n<p>A pol\u00edtica deve beneficiar aproximadamente 17 milh\u00f5es de trabalhadores e elevar o consumo cultural em at\u00e9 7,2 bilh\u00f5es por ano.<\/p>\n<p><strong>Como funciona &#8211;<\/strong>\u00a0O Vale Cultura ser\u00e1 disponibilizado, preferencialmente, por meio magn\u00e9tico. N\u00e3o ser\u00e1 permitida a troca do vale por dinheiro e aqueles trabalhadores que aderirem ao programa ter\u00e3o um desconto m\u00e1ximo de 10% do valor do vale sobre seus sal\u00e1rios. Este percentual ser\u00e1 diferenciado para aqueles que recebam mais do que cinco sal\u00e1rios m\u00ednimos.<\/p>\n<p>Entre os pontos que devem ser esclarecidos com a regulamenta\u00e7\u00e3o est\u00e1 a defini\u00e7\u00e3o concreta de servi\u00e7os e produtos culturais que o trabalhador poder\u00e1 consumir com o Vale-Cultura.<\/p>\n<p><strong>Todos ganham<\/strong><\/p>\n<p>Trabalhadores: acesso aos produtos e servi\u00e7os culturais, forma\u00e7\u00e3o pessoal e melhoria da qualidade de vida;<\/p>\n<p>Empregadores: incentivo fiscal para ades\u00e3o ao sistema e satisfa\u00e7\u00e3o e qualifica\u00e7\u00e3o dos empregados;<\/p>\n<p>Mercado: inje\u00e7\u00e3o de 7,2 bilh\u00f5es\/ano na cadeia produtiva da Cultura;<\/p>\n<p>Artistas: escoamento da produ\u00e7\u00e3o cultural e amplia\u00e7\u00e3o da demanda;<\/p>\n<p>Minist\u00e9rio da Cultura: avan\u00e7o na pol\u00edtica de democratiza\u00e7\u00e3o do acesso aos bens e servi\u00e7os culturais.<\/p>\n","protected":false},"excerpt":{"rendered":"<p>Fonte:\u00a0MinC A ministra da Cultura, Marta Suplicy, abriu nesta quarta-feira (9), em\u00a0entrevista\u00a0\u00e0 R\u00e1dio Band AM, a possibilidade de internautas enviarem opini\u00f5es, sugest\u00f5es e d\u00favidas sobre o Vale-Cultura \u00e0 comiss\u00e3o que vai regulamentar a pol\u00edtica institu\u00edda por lei, no final do ano passado. Espa\u00e7o aberto nos coment\u00e1rios desta mat\u00e9ria e nas redes sociais. Todas as postagens [&hellip;]<\/p>\n","protected":false},"author":1,"featured_media":0,"comment_status":"open","ping_status":"open","sticky":false,"template":"","format":"standard","meta":{"site-sidebar-layout":"default","site-content-layout":"","ast-site-content-layout":"default","site-content-style":"default","site-sidebar-style":"default","ast-global-header-display":"","ast-banner-title-visibility":"","ast-main-header-display":"","ast-hfb-above-header-display":"","ast-hfb-below-header-display":"","ast-hfb-mobile-header-display":"","site-post-title":"","ast-breadcrumbs-content":"","ast-featured-img":"","footer-sml-layout":"","ast-disable-related-posts":"","theme-transparent-header-meta":"","adv-header-id-meta":"","stick-header-meta":"","header-above-stick-meta":"","header-main-stick-meta":"","header-below-stick-meta":"","astra-migrate-meta-layouts":"default","ast-page-background-enabled":"default","ast-page-background-meta":{"desktop":{"background-color":"","background-image":"","background-repeat":"repeat","background-position":"center center","background-size":"auto","background-attachment":"scroll","background-type":"","background-media":"","overlay-type":"","overlay-color":"","overlay-opacity":"","overlay-gradient":""},"tablet":{"background-color":"","background-image":"","background-repeat":"repeat","background-position":"center center","background-size":"auto","background-attachment":"scroll","background-type":"","background-media":"","overlay-type":"","overlay-color":"","overlay-opacity":"","overlay-gradient":""},"mobile":{"background-color":"","background-image":"","background-repeat":"repeat","background-position":"center center","background-size":"auto","background-attachment":"scroll","background-type":"","background-media":"","overlay-type":"","overlay-color":"","overlay-opacity":"","overlay-gradient":""}},"ast-content-background-meta":{"desktop":{"background-color":"var(--ast-global-color-5)","background-image":"","background-repeat":"repeat","background-position":"center center","background-size":"auto","background-attachment":"scroll","background-type":"","background-media":"","overlay-type":"","overlay-color":"","overlay-opacity":"","overlay-gradient":""},"tablet":{"background-color":"var(--ast-global-color-5)","background-image":"","background-repeat":"repeat","background-position":"center center","background-size":"auto","background-attachment":"scroll","background-type":"","background-media":"","overlay-type":"","overlay-color":"","overlay-opacity":"","overlay-gradient":""},"mobile":{"background-color":"var(--ast-global-color-5)","background-image":"","background-repeat":"repeat","background-position":"center center","background-size":"auto","background-attachment":"scroll","background-type":"","background-media":"","overlay-type":"","overlay-color":"","overlay-opacity":"","overlay-gradient":""}},"footnotes":""},"categories":[1],"tags":[],"class_list":["post-456","post","type-post","status-publish","format-standard","hentry","category-noticias"],"_links":{"self":[{"href":"https:\/\/crb1.org.br\/site\/wp-json\/wp\/v2\/posts\/456","targetHints":{"allow":["GET"]}}],"collection":[{"href":"https:\/\/crb1.org.br\/site\/wp-json\/wp\/v2\/posts"}],"about":[{"href":"https:\/\/crb1.org.br\/site\/wp-json\/wp\/v2\/types\/post"}],"author":[{"embeddable":true,"href":"https:\/\/crb1.org.br\/site\/wp-json\/wp\/v2\/users\/1"}],"replies":[{"embeddable":true,"href":"https:\/\/crb1.org.br\/site\/wp-json\/wp\/v2\/comments?post=456"}],"version-history":[{"count":0,"href":"https:\/\/crb1.org.br\/site\/wp-json\/wp\/v2\/posts\/456\/revisions"}],"wp:attachment":[{"href":"https:\/\/crb1.org.br\/site\/wp-json\/wp\/v2\/media?parent=456"}],"wp:term":[{"taxonomy":"category","embeddable":true,"href":"https:\/\/crb1.org.br\/site\/wp-json\/wp\/v2\/categories?post=456"},{"taxonomy":"post_tag","embeddable":true,"href":"https:\/\/crb1.org.br\/site\/wp-json\/wp\/v2\/tags?post=456"}],"curies":[{"name":"wp","href":"https:\/\/api.w.org\/{rel}","templated":true}]}}