{"id":457,"date":"2013-04-20T19:15:19","date_gmt":"2013-04-20T22:15:19","guid":{"rendered":"https:\/\/novocrb1.ultramidia.com.br\/programa-conexao-futura-aborda-adiamento-do-novo-acordo-ortografico-e-perfil-da-geracao-y\/"},"modified":"2013-04-20T19:15:19","modified_gmt":"2013-04-20T22:15:19","slug":"programa-conexao-futura-aborda-adiamento-do-novo-acordo-ortografico-e-perfil-da-geracao-y","status":"publish","type":"post","link":"https:\/\/crb1.org.br\/site\/2013\/04\/programa-conexao-futura-aborda-adiamento-do-novo-acordo-ortografico-e-perfil-da-geracao-y\/","title":{"rendered":"Programa &#8220;Conex\u00e3o Futura&#8221; aborda adiamento do novo acordo ortogr\u00e1fico e perfil da gera\u00e7\u00e3o \u201cy\u201d"},"content":{"rendered":"<p><img decoding=\"async\" src=\"https:\/\/lh6.googleusercontent.com\/-HccKRkNX6ss\/UWw6thYbP7I\/AAAAAAAABtk\/wmsGvV1kkas\/s300\/acordo-ortogr%25C3%25A1fico1-300x184.jpg\" width=\"276\" height=\"169\" style=\"float: left; margin: 3px 5px;\" \/>O\u00a0<strong>Conex\u00e3o Futura<\/strong>\u00a0de 9 de janeiro falou sobre o adiamento do Acordo Ortogr\u00e1fico. Direto do Rio de Janeiro, no est\u00fadio do Canal Futura, o professor de L\u00edngua Portuguesa S\u00e9rgio Nogueira fala sobre o adiamento do acordo que, segundo ele, envolveria uma quest\u00e3o pol\u00edtica.<\/p>\n<p>Em seguida, o programa falou sobre a gera\u00e7\u00e3o \u201cY\u201d no mercado de trabalho: imediatismo e carreira. A convidada Jana\u00edna Ferreira, professora de Lideran\u00e7a e Gest\u00e3o de Carreira do IBMEC RJ, e Andr\u00e9 Laizo, administrador, falam sobre a inser\u00e7\u00e3o dos jovens nascidos nas d\u00e9cadas de 1980 e 1990 no mercado de trabalho.\u00a0Segundo Jana\u00edna e Laizo, a chamada gera\u00e7\u00e3o \u201cY\u201d se caracteriza pela busca da estabilidade, ambi\u00e7\u00e3o e imediatismo. E Bernardo Sermenho, supervisor da \u00e1rea de tributos da BDO Brazil, conta um pouco da sua experi\u00eancia profissional e como, aos 25 anos, j\u00e1 \u00e9 supervisor de n\u00edvel m\u00e1ximo na empresa em que trabalha.<\/p>\n<p>  <!--more-->  <\/p>\n<p>\u00a0<\/p>\n<p><strong>QUANDO VER<\/strong><\/p>\n<p><strong>A faixa Conex\u00e3o Futura entra no ar em\u00a03 hor\u00e1rios:<\/strong><\/p>\n<ul>\n<li><strong>14h30m<\/strong><\/li>\n<li><strong>14h50m<\/strong><\/li>\n<li><strong>15h20m\u00a0\u00a0\u00a0\u00a0\u00a0\u00a0\u00a0\u00a0\u00a0\u00a0\u00a0\u00a0\u00a0\u00a0\u00a0\u00a0<\/strong><\/li>\n<\/ul>\n<p><strong>Reprise, \u00e0s 23h30m<\/strong><\/p>\n<p><strong>O programa tamb\u00e9m \u00e9 exibido no Blog\u00a0<\/strong><a href=\"http:\/\/www.conexaofutura.org.br\/\" target=\"_blank\" rel=\"noopener\">www.conexaofutura.org.br<\/a><\/p>\n","protected":false},"excerpt":{"rendered":"<p>O\u00a0Conex\u00e3o Futura\u00a0de 9 de janeiro falou sobre o adiamento do Acordo Ortogr\u00e1fico. Direto do Rio de Janeiro, no est\u00fadio do Canal Futura, o professor de L\u00edngua Portuguesa S\u00e9rgio Nogueira fala sobre o adiamento do acordo que, segundo ele, envolveria uma quest\u00e3o pol\u00edtica. Em seguida, o programa falou sobre a gera\u00e7\u00e3o \u201cY\u201d no mercado de trabalho: [&hellip;]<\/p>\n","protected":false},"author":1,"featured_media":0,"comment_status":"open","ping_status":"open","sticky":false,"template":"","format":"standard","meta":{"site-sidebar-layout":"default","site-content-layout":"","ast-site-content-layout":"default","site-content-style":"default","site-sidebar-style":"default","ast-global-header-display":"","ast-banner-title-visibility":"","ast-main-header-display":"","ast-hfb-above-header-display":"","ast-hfb-below-header-display":"","ast-hfb-mobile-header-display":"","site-post-title":"","ast-breadcrumbs-content":"","ast-featured-img":"","footer-sml-layout":"","ast-disable-related-posts":"","theme-transparent-header-meta":"","adv-header-id-meta":"","stick-header-meta":"","header-above-stick-meta":"","header-main-stick-meta":"","header-below-stick-meta":"","astra-migrate-meta-layouts":"default","ast-page-background-enabled":"default","ast-page-background-meta":{"desktop":{"background-color":"","background-image":"","background-repeat":"repeat","background-position":"center center","background-size":"auto","background-attachment":"scroll","background-type":"","background-media":"","overlay-type":"","overlay-color":"","overlay-opacity":"","overlay-gradient":""},"tablet":{"background-color":"","background-image":"","background-repeat":"repeat","background-position":"center center","background-size":"auto","background-attachment":"scroll","background-type":"","background-media":"","overlay-type":"","overlay-color":"","overlay-opacity":"","overlay-gradient":""},"mobile":{"background-color":"","background-image":"","background-repeat":"repeat","background-position":"center center","background-size":"auto","background-attachment":"scroll","background-type":"","background-media":"","overlay-type":"","overlay-color":"","overlay-opacity":"","overlay-gradient":""}},"ast-content-background-meta":{"desktop":{"background-color":"var(--ast-global-color-5)","background-image":"","background-repeat":"repeat","background-position":"center center","background-size":"auto","background-attachment":"scroll","background-type":"","background-media":"","overlay-type":"","overlay-color":"","overlay-opacity":"","overlay-gradient":""},"tablet":{"background-color":"var(--ast-global-color-5)","background-image":"","background-repeat":"repeat","background-position":"center center","background-size":"auto","background-attachment":"scroll","background-type":"","background-media":"","overlay-type":"","overlay-color":"","overlay-opacity":"","overlay-gradient":""},"mobile":{"background-color":"var(--ast-global-color-5)","background-image":"","background-repeat":"repeat","background-position":"center center","background-size":"auto","background-attachment":"scroll","background-type":"","background-media":"","overlay-type":"","overlay-color":"","overlay-opacity":"","overlay-gradient":""}},"footnotes":""},"categories":[1],"tags":[],"class_list":["post-457","post","type-post","status-publish","format-standard","hentry","category-noticias"],"_links":{"self":[{"href":"https:\/\/crb1.org.br\/site\/wp-json\/wp\/v2\/posts\/457","targetHints":{"allow":["GET"]}}],"collection":[{"href":"https:\/\/crb1.org.br\/site\/wp-json\/wp\/v2\/posts"}],"about":[{"href":"https:\/\/crb1.org.br\/site\/wp-json\/wp\/v2\/types\/post"}],"author":[{"embeddable":true,"href":"https:\/\/crb1.org.br\/site\/wp-json\/wp\/v2\/users\/1"}],"replies":[{"embeddable":true,"href":"https:\/\/crb1.org.br\/site\/wp-json\/wp\/v2\/comments?post=457"}],"version-history":[{"count":0,"href":"https:\/\/crb1.org.br\/site\/wp-json\/wp\/v2\/posts\/457\/revisions"}],"wp:attachment":[{"href":"https:\/\/crb1.org.br\/site\/wp-json\/wp\/v2\/media?parent=457"}],"wp:term":[{"taxonomy":"category","embeddable":true,"href":"https:\/\/crb1.org.br\/site\/wp-json\/wp\/v2\/categories?post=457"},{"taxonomy":"post_tag","embeddable":true,"href":"https:\/\/crb1.org.br\/site\/wp-json\/wp\/v2\/tags?post=457"}],"curies":[{"name":"wp","href":"https:\/\/api.w.org\/{rel}","templated":true}]}}