{"id":458,"date":"2013-04-20T19:16:27","date_gmt":"2013-04-20T22:16:27","guid":{"rendered":"https:\/\/novocrb1.ultramidia.com.br\/comissao-inclui-etica-cidadania-e-defesa-do-consumidor-na-educacao-basica\/"},"modified":"2013-04-20T19:16:27","modified_gmt":"2013-04-20T22:16:27","slug":"comissao-inclui-etica-cidadania-e-defesa-do-consumidor-na-educacao-basica","status":"publish","type":"post","link":"https:\/\/crb1.org.br\/site\/2013\/04\/comissao-inclui-etica-cidadania-e-defesa-do-consumidor-na-educacao-basica\/","title":{"rendered":"Comiss\u00e3o inclui \u00e9tica, cidadania e defesa do consumidor na educa\u00e7\u00e3o b\u00e1sica"},"content":{"rendered":"<p><img decoding=\"async\" src=\"https:\/\/lh5.googleusercontent.com\/-oxGXS7PRXUE\/UWw6IgzydMI\/AAAAAAAABo0\/uLTRPbprlsg\/s229\/2012030114150_joao%2520linkMED.jpg\" width=\"229\" height=\"140\" style=\"float: left; margin: 3px 5px;\" \/>A Comiss\u00e3o de Finan\u00e7as e Tributa\u00e7\u00e3o aprovou o Projeto de Lei 3993\/08, do deputado Humberto Souto (PPS-MG), que insere os conte\u00fados \u00e9tica, cidadania e defesa do consumidor no curr\u00edculo da educa\u00e7\u00e3o b\u00e1sica.<\/p>\n<p>Para evitar a incompatibilidade financeira da proposta, o relator, deputado Jo\u00e3o Dado (PDT-SP), apresentou emenda que transforma os temas em parte de outra disciplina j\u00e1 ofertada pelas escolas.<\/p>\n<p>  <!--more-->  <\/p>\n<p>\u00a0<\/p>\n<p>Como foi apresentada originalmente \u2013 na forma de uma disciplina isolada no curr\u00edculo \u2013, segundo Dado, a proposta acarretaria a necessidade de contrata\u00e7\u00e3o de novos professores, com consequente cria\u00e7\u00e3o de despesa obrigat\u00f3ria de car\u00e1ter continuado para o er\u00e1rio.<\/p>\n<p>Nesse caso, o autor seria obrigado a apresentar a estimativa dos gastos e a origem dos recursos para cobri-los. Como essas medidas n\u00e3o foram tomadas, e o relator diz considerar os assuntos importantes para os alunos, decidiu apresentar medida corretiva para aprovar o projeto.<\/p>\n<p><strong>Rejei\u00e7\u00e3o<\/strong><br \/>J\u00e1 o projeto principal (PL\u00a0<a href=\"http:\/\/www2.camara.leg.br\/camaranoticias\/noticias\/EDUCACAO-E-CULTURA\/45829-PROJETO-ALTERA-VARIOS-PONTOS-DA-LDB.html\" target=\"_blank\" rel=\"noopener\">2082\/03<\/a>), do deputado Paes Landim (PTB-PI), que, entre outros pontos, prev\u00ea recesso escolar de dez dias cont\u00ednuos em cada ano letivo para os professores, al\u00e9m das f\u00e9rias, e progressiva extens\u00e3o da gratuidade ao ensino m\u00e9dio, foi rejeitado pelo relator. Conforme argumenta, o projeto cria despesa obrigat\u00f3ria de car\u00e1ter continuado sem estimar os gastos nem apresentar a origem dos recursos necess\u00e1rios \u00e0 sua ado\u00e7\u00e3o.<\/p>\n<p>Pelo mesmo motivo foram considerados incompat\u00edveis do ponto de vista or\u00e7ament\u00e1rio e financeiro todos os demais apensados \u2013 PLs 3366\/04, 6262\/09, 387\/11, 1632\/11 e 2261\/11, al\u00e9m do\u00a0<a href=\"http:\/\/www2.camara.leg.br\/camaranoticias\/noticias\/EDUCACAO-E-CULTURA\/115892-EDUCACAO-APROVA-UMA-HORA-EXTRA-POR-DIA-NA-ESCOLA.html\" target=\"_blank\" rel=\"noopener\">substitutivo<\/a>\u00a0da Comiss\u00e3o da Educa\u00e7\u00e3o e Cultura ao PL 2082\/03.<\/p>\n<p>O texto foi analisado no dia 21 de novembro.<\/p>\n<p><strong>Tramita\u00e7\u00e3o<\/strong><br \/>Os projetos seguem para an\u00e1lise da Comiss\u00e3o de Constitui\u00e7\u00e3o e Justi\u00e7a e de Cidadania. Depois, ser\u00e3o votados pelo Plen\u00e1rio.<\/p>\n<div>\n<div id=\"proposicao\">\n<h4>\u00cdntegra da proposta:<\/h4>\n<ul>\n<li><a href=\"http:\/\/www.camara.gov.br\/internet\/sileg\/Prop_Detalhe.asp?id=135107\">PL-2082\/2003<\/a><\/li>\n<li><a href=\"http:\/\/www.camara.gov.br\/internet\/sileg\/Prop_Detalhe.asp?id=249441\">PL-3366\/2004<\/a><\/li>\n<li><a href=\"http:\/\/www.camara.gov.br\/internet\/sileg\/Prop_Detalhe.asp?id=408789\">PL-3993\/2008<\/a><\/li>\n<li><a href=\"http:\/\/www.camara.gov.br\/internet\/sileg\/Prop_Detalhe.asp?id=456128\">PL-6262\/2009<\/a><\/li>\n<li><a href=\"http:\/\/www.camara.gov.br\/internet\/sileg\/Prop_Detalhe.asp?id=491888\">PL-387\/2011<\/a><\/li>\n<li><a href=\"http:\/\/www.camara.gov.br\/internet\/sileg\/Prop_Detalhe.asp?id=509797\">PL-1632\/2011<\/a><\/li>\n<li><a href=\"http:\/\/www.camara.gov.br\/internet\/sileg\/Prop_Detalhe.asp?id=519319\">PL-2261\/2011<\/a><\/li>\n<\/ul><\/div>\n<div id=\"creditosMateria\">Reportagem \u2013 Maria Neves<br \/>Edi\u00e7\u00e3o \u2013 Newton Ara\u00fajo <\/p>\n<div>A reprodu\u00e7\u00e3o das not\u00edcias \u00e9 autorizada desde que contenha a assinatura &#8216;<a href=\"http:\/\/www2.camara.gov.br\/camaranoticias\" title=\"Ag\u00eancia C\u00e2mara de Not\u00edticas\">Ag\u00eancia C\u00e2mara Not\u00edcias<\/a>&#8216;<\/div>\n<p>\u00a0<\/p>\n<\/p><\/div>\n<\/p><\/div>\n","protected":false},"excerpt":{"rendered":"<p>A Comiss\u00e3o de Finan\u00e7as e Tributa\u00e7\u00e3o aprovou o Projeto de Lei 3993\/08, do deputado Humberto Souto (PPS-MG), que insere os conte\u00fados \u00e9tica, cidadania e defesa do consumidor no curr\u00edculo da educa\u00e7\u00e3o b\u00e1sica. Para evitar a incompatibilidade financeira da proposta, o relator, deputado Jo\u00e3o Dado (PDT-SP), apresentou emenda que transforma os temas em parte de outra [&hellip;]<\/p>\n","protected":false},"author":1,"featured_media":0,"comment_status":"open","ping_status":"open","sticky":false,"template":"","format":"standard","meta":{"site-sidebar-layout":"default","site-content-layout":"","ast-site-content-layout":"default","site-content-style":"default","site-sidebar-style":"default","ast-global-header-display":"","ast-banner-title-visibility":"","ast-main-header-display":"","ast-hfb-above-header-display":"","ast-hfb-below-header-display":"","ast-hfb-mobile-header-display":"","site-post-title":"","ast-breadcrumbs-content":"","ast-featured-img":"","footer-sml-layout":"","ast-disable-related-posts":"","theme-transparent-header-meta":"","adv-header-id-meta":"","stick-header-meta":"","header-above-stick-meta":"","header-main-stick-meta":"","header-below-stick-meta":"","astra-migrate-meta-layouts":"default","ast-page-background-enabled":"default","ast-page-background-meta":{"desktop":{"background-color":"","background-image":"","background-repeat":"repeat","background-position":"center center","background-size":"auto","background-attachment":"scroll","background-type":"","background-media":"","overlay-type":"","overlay-color":"","overlay-opacity":"","overlay-gradient":""},"tablet":{"background-color":"","background-image":"","background-repeat":"repeat","background-position":"center center","background-size":"auto","background-attachment":"scroll","background-type":"","background-media":"","overlay-type":"","overlay-color":"","overlay-opacity":"","overlay-gradient":""},"mobile":{"background-color":"","background-image":"","background-repeat":"repeat","background-position":"center center","background-size":"auto","background-attachment":"scroll","background-type":"","background-media":"","overlay-type":"","overlay-color":"","overlay-opacity":"","overlay-gradient":""}},"ast-content-background-meta":{"desktop":{"background-color":"var(--ast-global-color-5)","background-image":"","background-repeat":"repeat","background-position":"center center","background-size":"auto","background-attachment":"scroll","background-type":"","background-media":"","overlay-type":"","overlay-color":"","overlay-opacity":"","overlay-gradient":""},"tablet":{"background-color":"var(--ast-global-color-5)","background-image":"","background-repeat":"repeat","background-position":"center center","background-size":"auto","background-attachment":"scroll","background-type":"","background-media":"","overlay-type":"","overlay-color":"","overlay-opacity":"","overlay-gradient":""},"mobile":{"background-color":"var(--ast-global-color-5)","background-image":"","background-repeat":"repeat","background-position":"center center","background-size":"auto","background-attachment":"scroll","background-type":"","background-media":"","overlay-type":"","overlay-color":"","overlay-opacity":"","overlay-gradient":""}},"footnotes":""},"categories":[1],"tags":[],"class_list":["post-458","post","type-post","status-publish","format-standard","hentry","category-noticias"],"_links":{"self":[{"href":"https:\/\/crb1.org.br\/site\/wp-json\/wp\/v2\/posts\/458","targetHints":{"allow":["GET"]}}],"collection":[{"href":"https:\/\/crb1.org.br\/site\/wp-json\/wp\/v2\/posts"}],"about":[{"href":"https:\/\/crb1.org.br\/site\/wp-json\/wp\/v2\/types\/post"}],"author":[{"embeddable":true,"href":"https:\/\/crb1.org.br\/site\/wp-json\/wp\/v2\/users\/1"}],"replies":[{"embeddable":true,"href":"https:\/\/crb1.org.br\/site\/wp-json\/wp\/v2\/comments?post=458"}],"version-history":[{"count":0,"href":"https:\/\/crb1.org.br\/site\/wp-json\/wp\/v2\/posts\/458\/revisions"}],"wp:attachment":[{"href":"https:\/\/crb1.org.br\/site\/wp-json\/wp\/v2\/media?parent=458"}],"wp:term":[{"taxonomy":"category","embeddable":true,"href":"https:\/\/crb1.org.br\/site\/wp-json\/wp\/v2\/categories?post=458"},{"taxonomy":"post_tag","embeddable":true,"href":"https:\/\/crb1.org.br\/site\/wp-json\/wp\/v2\/tags?post=458"}],"curies":[{"name":"wp","href":"https:\/\/api.w.org\/{rel}","templated":true}]}}