{"id":460,"date":"2013-04-20T19:19:02","date_gmt":"2013-04-20T22:19:02","guid":{"rendered":"https:\/\/novocrb1.ultramidia.com.br\/esta-pronta-para-votacao-proposta-que-obriga-escola-publica-a-ter-biblioteca\/"},"modified":"2013-04-20T19:19:02","modified_gmt":"2013-04-20T22:19:02","slug":"esta-pronta-para-votacao-proposta-que-obriga-escola-publica-a-ter-biblioteca","status":"publish","type":"post","link":"https:\/\/crb1.org.br\/site\/2013\/04\/esta-pronta-para-votacao-proposta-que-obriga-escola-publica-a-ter-biblioteca\/","title":{"rendered":"Est\u00e1 pronta para vota\u00e7\u00e3o proposta que obriga escola p\u00fablica a ter biblioteca"},"content":{"rendered":"<p>Fonte:\u00a0<a href=\"http:\/\/www12.senado.gov.br\/noticias\/jornal\/edicoes\/2013\/01\/07\/esta-pronta-para-votacao-proposta-que-obriga-escola-publica-a-ter-biblioteca\" target=\"_blank\" rel=\"noopener\">Jornal do Senado<\/a><\/p>\n<p>Proposta que obriga todas as escolas p\u00fablicas de ensino b\u00e1sico a manter biblioteca para os alunos, com profissionais capacitados a atend\u00ea-los, est\u00e1 pronta para entrar na pauta da CE. De acordo com o projeto, as escolas ter\u00e3o cinco anos para que as exig\u00eancias sejam cumpridas.<\/p>\n<p>O PLC 28\/12 ser\u00e1 analisado na comiss\u00e3o em car\u00e1ter terminativo. O texto, de autoria do deputado Sandes J\u00fanior (PP-GO), atribui aos sistemas de ensino a cria\u00e7\u00e3o e a manuten\u00e7\u00e3o de bibliotecas escolares\u00a0 com acervo permanentemente\u00a0 atualizado e mantido em local pr\u00f3prio, atraente e acess\u00edvel, com disponibilidade de acesso \u00e0 internet para os alunos.<\/p>\n<p>  <!--more-->  <\/p>\n<p>\u00a0<\/p>\n<p>O projeto tamb\u00e9m exige a atua\u00e7\u00e3o de um bibliotec\u00e1rio com ensino superior para atender uma ou mais escolas da mesma jurisdi\u00e7\u00e3o de ensino.<\/p>\n<p>O relator na CE, C\u00e1ssio Cunha Lima (PSDB-PB),\u00a0 defende a aprova\u00e7\u00e3o. O senador diz que \u201ca iniciativa envolve uma oportunidade\u00a0 \u00edmpar\u00a0 para a implanta\u00e7\u00e3o de bibliotecas em escolas onde n\u00e3o existam\u201d.<\/p>\n<p>C\u00e1ssio, no entanto, prev\u00ea dificuldade para a contrata\u00e7\u00e3o de bibliotec\u00e1rios nas mais de 100 mil escolas rurais de pequeno porte existentes no Brasil.<\/p>\n<p>Jornal do Senado<\/p>\n<p>(Reprodu\u00e7\u00e3o autorizada mediante cita\u00e7\u00e3o do Jornal do Senado)<\/p>\n","protected":false},"excerpt":{"rendered":"<p>Fonte:\u00a0Jornal do Senado Proposta que obriga todas as escolas p\u00fablicas de ensino b\u00e1sico a manter biblioteca para os alunos, com profissionais capacitados a atend\u00ea-los, est\u00e1 pronta para entrar na pauta da CE. De acordo com o projeto, as escolas ter\u00e3o cinco anos para que as exig\u00eancias sejam cumpridas. O PLC 28\/12 ser\u00e1 analisado na comiss\u00e3o [&hellip;]<\/p>\n","protected":false},"author":1,"featured_media":0,"comment_status":"open","ping_status":"open","sticky":false,"template":"","format":"standard","meta":{"site-sidebar-layout":"default","site-content-layout":"","ast-site-content-layout":"default","site-content-style":"default","site-sidebar-style":"default","ast-global-header-display":"","ast-banner-title-visibility":"","ast-main-header-display":"","ast-hfb-above-header-display":"","ast-hfb-below-header-display":"","ast-hfb-mobile-header-display":"","site-post-title":"","ast-breadcrumbs-content":"","ast-featured-img":"","footer-sml-layout":"","ast-disable-related-posts":"","theme-transparent-header-meta":"","adv-header-id-meta":"","stick-header-meta":"","header-above-stick-meta":"","header-main-stick-meta":"","header-below-stick-meta":"","astra-migrate-meta-layouts":"default","ast-page-background-enabled":"default","ast-page-background-meta":{"desktop":{"background-color":"","background-image":"","background-repeat":"repeat","background-position":"center center","background-size":"auto","background-attachment":"scroll","background-type":"","background-media":"","overlay-type":"","overlay-color":"","overlay-opacity":"","overlay-gradient":""},"tablet":{"background-color":"","background-image":"","background-repeat":"repeat","background-position":"center center","background-size":"auto","background-attachment":"scroll","background-type":"","background-media":"","overlay-type":"","overlay-color":"","overlay-opacity":"","overlay-gradient":""},"mobile":{"background-color":"","background-image":"","background-repeat":"repeat","background-position":"center center","background-size":"auto","background-attachment":"scroll","background-type":"","background-media":"","overlay-type":"","overlay-color":"","overlay-opacity":"","overlay-gradient":""}},"ast-content-background-meta":{"desktop":{"background-color":"var(--ast-global-color-5)","background-image":"","background-repeat":"repeat","background-position":"center center","background-size":"auto","background-attachment":"scroll","background-type":"","background-media":"","overlay-type":"","overlay-color":"","overlay-opacity":"","overlay-gradient":""},"tablet":{"background-color":"var(--ast-global-color-5)","background-image":"","background-repeat":"repeat","background-position":"center center","background-size":"auto","background-attachment":"scroll","background-type":"","background-media":"","overlay-type":"","overlay-color":"","overlay-opacity":"","overlay-gradient":""},"mobile":{"background-color":"var(--ast-global-color-5)","background-image":"","background-repeat":"repeat","background-position":"center center","background-size":"auto","background-attachment":"scroll","background-type":"","background-media":"","overlay-type":"","overlay-color":"","overlay-opacity":"","overlay-gradient":""}},"footnotes":""},"categories":[1],"tags":[],"class_list":["post-460","post","type-post","status-publish","format-standard","hentry","category-noticias"],"_links":{"self":[{"href":"https:\/\/crb1.org.br\/site\/wp-json\/wp\/v2\/posts\/460","targetHints":{"allow":["GET"]}}],"collection":[{"href":"https:\/\/crb1.org.br\/site\/wp-json\/wp\/v2\/posts"}],"about":[{"href":"https:\/\/crb1.org.br\/site\/wp-json\/wp\/v2\/types\/post"}],"author":[{"embeddable":true,"href":"https:\/\/crb1.org.br\/site\/wp-json\/wp\/v2\/users\/1"}],"replies":[{"embeddable":true,"href":"https:\/\/crb1.org.br\/site\/wp-json\/wp\/v2\/comments?post=460"}],"version-history":[{"count":0,"href":"https:\/\/crb1.org.br\/site\/wp-json\/wp\/v2\/posts\/460\/revisions"}],"wp:attachment":[{"href":"https:\/\/crb1.org.br\/site\/wp-json\/wp\/v2\/media?parent=460"}],"wp:term":[{"taxonomy":"category","embeddable":true,"href":"https:\/\/crb1.org.br\/site\/wp-json\/wp\/v2\/categories?post=460"},{"taxonomy":"post_tag","embeddable":true,"href":"https:\/\/crb1.org.br\/site\/wp-json\/wp\/v2\/tags?post=460"}],"curies":[{"name":"wp","href":"https:\/\/api.w.org\/{rel}","templated":true}]}}