{"id":462,"date":"2013-04-20T19:21:57","date_gmt":"2013-04-20T22:21:57","guid":{"rendered":"https:\/\/novocrb1.ultramidia.com.br\/extralibris-promove-cursos-on-line-para-bibliotecarios\/"},"modified":"2013-04-20T19:21:57","modified_gmt":"2013-04-20T22:21:57","slug":"extralibris-promove-cursos-on-line-para-bibliotecarios","status":"publish","type":"post","link":"https:\/\/crb1.org.br\/site\/2013\/04\/extralibris-promove-cursos-on-line-para-bibliotecarios\/","title":{"rendered":"ExtraLibris promove cursos on line para Bibliotec\u00e1rios"},"content":{"rendered":"<p>A ExtraLibris, plataforma online de difus\u00e3o do conhecimento para profissionais da informa\u00e7\u00e3o, est\u00e1 promovendo os cursos &#8220;<a href=\"http:\/\/extralibris.org\/cursos\/gestao-de-documentos-de-arquivo-e-gerenciamento-eletronico-de-documentos-por-adelly-mendonca\/\">G<\/a><a href=\"http:\/\/extralibris.org\/cursos\/gestao-de-documentos-de-arquivo-e-gerenciamento-eletronico-de-documentos-por-adelly-mendonca\/\" target=\"_blank\" rel=\"noopener\">est\u00e3o de Documentos de Arquivo e Gerenciamento Eletr\u00f4nico de Documentos<\/a>&#8221;\u00a0com Adelly Mendon\u00e7a, e\u00a0\u00a0&#8220;<a href=\"http:\/\/extralibris.org\/cursos\/curso-de-elaboracao-de-projetos-de-mestrado-e-doutorado-com-jonathas-carvalho\/\" target=\"_blank\" rel=\"noopener\">Elabora\u00e7\u00e3o de Projetos para Mestrado e Doutorado<\/a>&#8221;\u00a0 com Jonathas Carvalho, ambos com in\u00edcio no dia 25 de janeiro. O principal objetivo da ExtraLibris \u00e9 incentivar a forma\u00e7\u00e3o continuada de bibliotec\u00e1rios e profissionais da \u00e1rea atrav\u00e9s da realiza\u00e7\u00e3o de cursos com qualidade reconhecida e valores acess\u00edveis, buscando a democratizar a forma\u00e7\u00e3o e contribuir com a profissionaliza\u00e7\u00e3o da gest\u00e3o da informa\u00e7\u00e3o no Brasil.<\/p>\n","protected":false},"excerpt":{"rendered":"<p>A ExtraLibris, plataforma online de difus\u00e3o do conhecimento para profissionais da informa\u00e7\u00e3o, est\u00e1 promovendo os cursos &#8220;Gest\u00e3o de Documentos de Arquivo e Gerenciamento Eletr\u00f4nico de Documentos&#8221;\u00a0com Adelly Mendon\u00e7a, e\u00a0\u00a0&#8220;Elabora\u00e7\u00e3o de Projetos para Mestrado e Doutorado&#8221;\u00a0 com Jonathas Carvalho, ambos com in\u00edcio no dia 25 de janeiro. O principal objetivo da ExtraLibris \u00e9 incentivar a forma\u00e7\u00e3o [&hellip;]<\/p>\n","protected":false},"author":1,"featured_media":0,"comment_status":"open","ping_status":"open","sticky":false,"template":"","format":"standard","meta":{"site-sidebar-layout":"default","site-content-layout":"","ast-site-content-layout":"default","site-content-style":"default","site-sidebar-style":"default","ast-global-header-display":"","ast-banner-title-visibility":"","ast-main-header-display":"","ast-hfb-above-header-display":"","ast-hfb-below-header-display":"","ast-hfb-mobile-header-display":"","site-post-title":"","ast-breadcrumbs-content":"","ast-featured-img":"","footer-sml-layout":"","ast-disable-related-posts":"","theme-transparent-header-meta":"","adv-header-id-meta":"","stick-header-meta":"","header-above-stick-meta":"","header-main-stick-meta":"","header-below-stick-meta":"","astra-migrate-meta-layouts":"default","ast-page-background-enabled":"default","ast-page-background-meta":{"desktop":{"background-color":"","background-image":"","background-repeat":"repeat","background-position":"center center","background-size":"auto","background-attachment":"scroll","background-type":"","background-media":"","overlay-type":"","overlay-color":"","overlay-opacity":"","overlay-gradient":""},"tablet":{"background-color":"","background-image":"","background-repeat":"repeat","background-position":"center center","background-size":"auto","background-attachment":"scroll","background-type":"","background-media":"","overlay-type":"","overlay-color":"","overlay-opacity":"","overlay-gradient":""},"mobile":{"background-color":"","background-image":"","background-repeat":"repeat","background-position":"center center","background-size":"auto","background-attachment":"scroll","background-type":"","background-media":"","overlay-type":"","overlay-color":"","overlay-opacity":"","overlay-gradient":""}},"ast-content-background-meta":{"desktop":{"background-color":"var(--ast-global-color-5)","background-image":"","background-repeat":"repeat","background-position":"center center","background-size":"auto","background-attachment":"scroll","background-type":"","background-media":"","overlay-type":"","overlay-color":"","overlay-opacity":"","overlay-gradient":""},"tablet":{"background-color":"var(--ast-global-color-5)","background-image":"","background-repeat":"repeat","background-position":"center center","background-size":"auto","background-attachment":"scroll","background-type":"","background-media":"","overlay-type":"","overlay-color":"","overlay-opacity":"","overlay-gradient":""},"mobile":{"background-color":"var(--ast-global-color-5)","background-image":"","background-repeat":"repeat","background-position":"center center","background-size":"auto","background-attachment":"scroll","background-type":"","background-media":"","overlay-type":"","overlay-color":"","overlay-opacity":"","overlay-gradient":""}},"footnotes":""},"categories":[1],"tags":[],"class_list":["post-462","post","type-post","status-publish","format-standard","hentry","category-noticias"],"_links":{"self":[{"href":"https:\/\/crb1.org.br\/site\/wp-json\/wp\/v2\/posts\/462","targetHints":{"allow":["GET"]}}],"collection":[{"href":"https:\/\/crb1.org.br\/site\/wp-json\/wp\/v2\/posts"}],"about":[{"href":"https:\/\/crb1.org.br\/site\/wp-json\/wp\/v2\/types\/post"}],"author":[{"embeddable":true,"href":"https:\/\/crb1.org.br\/site\/wp-json\/wp\/v2\/users\/1"}],"replies":[{"embeddable":true,"href":"https:\/\/crb1.org.br\/site\/wp-json\/wp\/v2\/comments?post=462"}],"version-history":[{"count":0,"href":"https:\/\/crb1.org.br\/site\/wp-json\/wp\/v2\/posts\/462\/revisions"}],"wp:attachment":[{"href":"https:\/\/crb1.org.br\/site\/wp-json\/wp\/v2\/media?parent=462"}],"wp:term":[{"taxonomy":"category","embeddable":true,"href":"https:\/\/crb1.org.br\/site\/wp-json\/wp\/v2\/categories?post=462"},{"taxonomy":"post_tag","embeddable":true,"href":"https:\/\/crb1.org.br\/site\/wp-json\/wp\/v2\/tags?post=462"}],"curies":[{"name":"wp","href":"https:\/\/api.w.org\/{rel}","templated":true}]}}