{"id":463,"date":"2013-04-20T19:23:33","date_gmt":"2013-04-20T22:23:33","guid":{"rendered":"https:\/\/novocrb1.ultramidia.com.br\/https-lh6-googleusercontent-com-1sb1ijjfjya-uxbnh7uulai-aaaaaaaab2q-0cpv9-lvhus-s512-ged-2520e-2520gerenciamento-2520de-2520documentos-2520de-2520arquivo-jpg\/"},"modified":"2013-04-20T19:23:33","modified_gmt":"2013-04-20T22:23:33","slug":"https-lh6-googleusercontent-com-1sb1ijjfjya-uxbnh7uulai-aaaaaaaab2q-0cpv9-lvhus-s512-ged-2520e-2520gerenciamento-2520de-2520documentos-2520de-2520arquivo-jpg","status":"publish","type":"post","link":"https:\/\/crb1.org.br\/site\/2013\/04\/https-lh6-googleusercontent-com-1sb1ijjfjya-uxbnh7uulai-aaaaaaaab2q-0cpv9-lvhus-s512-ged-2520e-2520gerenciamento-2520de-2520documentos-2520de-2520arquivo-jpg\/","title":{"rendered":"Painel das Letras: Os sem cadastro"},"content":{"rendered":"<p style=\"text-align: justify;\">N\u00e3o \u00e0 toa 74 t\u00edtulos da Record inscritos no Pr\u00eamio de Literatura da Funda\u00e7\u00e3o Biblioteca Nacional, no fim de 2012, foram inabilitados por \u201cinsufici\u00eancia de ISBN\u201d. Desde 2007, quando a vers\u00e3o brasileira do c\u00f3digo internacional que identifica livros passou a ter 13 d\u00edgitos, em vez de dez, a editora praticamente n\u00e3o cadastra obras na ag\u00eancia nacional do International Standard Book Number. Assim como as outras cinco primeiras casas a aderir ao sistema no pa\u00eds, em 1978, a Record teve por anos o direito de autoatribuir seus c\u00f3digos, sem ter de pagar. Com a mudan\u00e7a de 2007, as pioneiras perderam o privil\u00e9gio. A Record continuou atribuindo seus c\u00f3digos por conta \u2014cada ISBN inclui um n\u00famero da editora e outro da publica\u00e7\u00e3o\u2014, sem cadastr\u00e1-los na ag\u00eancia.<\/p>\n<p style=\"text-align: justify;\"><strong>ISBN fecha o cerco<\/strong><\/p>\n<p style=\"text-align: justify;\">Em anos anteriores, t\u00edtulos da Record levaram o pr\u00eamio da FBN, mas isso porque a institui\u00e7\u00e3o, que representa o ISBN no Brasil, ainda n\u00e3o eliminava concorrentes por irregularidades no cadastro. A inabilita\u00e7\u00e3o no \u00faltimo pr\u00eamio foi um movimento da ag\u00eancia para que editoras se regularizem. Est\u00e1 em estudo o mesmo procedimento para aceita\u00e7\u00e3o de livros no dep\u00f3sito legal da Biblioteca Nacional \u2014editoras s\u00e3o obrigadas por lei a enviar \u00e0 FBN c\u00f3pias de livros que publicam.<\/p>\n<p style=\"text-align: justify;\">\u201cO cadastro \u00e9 bom para todos. Ele garante que livros nacionais apare\u00e7am na base de dados internacional do ISBN\u201d, diz Andr\u00e9a Co\u00ealho, chefe da ag\u00eancia nacional, sem comentar o caso da Record. \u201cEssa \u00e9 uma quest\u00e3o antiga que trabalhamos para resolver junto com a BN\u201d, informou a editora.<\/p>\n<p style=\"text-align: justify;\"><strong>Para facilitar<\/strong>\u00a0Embora inscrever um livro na ag\u00eancia do ISBN custe apenas R$ 12, algumas editoras demoram a se regularizar porque os documentos precisam ser enviados pelo correio. Prometido para 2011, o cadastro pela internet deve entrar no ar, segundo a ag\u00eancia, em mar\u00e7o.<\/p>\n<p style=\"text-align: justify;\"><strong>Reflexo<\/strong>\u00a0Em 2012, a ag\u00eancia do ISBN atribuiu 85.360 c\u00f3digos a livros, um aumento de 126% em cinco anos (foram 37.689 em 2007) e de 14% em rela\u00e7\u00e3o a 2011 (74.996). O crescimento pode ser visto como reflexo do maior n\u00famero de t\u00edtulos editados no pa\u00eds e da chegada de obras digitais.<\/p>\n<p style=\"text-align: justify;\"><strong style=\"line-height: 1.3em;\">HQ<\/strong><span style=\"line-height: 1.3em;\">\u00a0Os \u00e1lbuns de Valentina, a sensual personagem de Guido Crepax, voltar\u00e3o a ser publicados no pa\u00eds pela L&amp;PM; ser\u00e3o sete reedi\u00e7\u00f5es, al\u00e9m de \u201cA Hist\u00f3ria de O\u201d, que sai em mar\u00e7o impresso e como e-book.<\/span><\/p>\n<p style=\"text-align: justify;\"><strong>Juntos\u00a0<\/strong>\u00c9 da Companhia das Letras a HQ \u201cDrawn Together\u201d, com hist\u00f3rias autobiogr\u00e1ficas do casal Aline e Robert Crumb. Deve sair em 2014. As obras do cartunista vinham sendo editadas pela Conrad, em reformula\u00e7\u00e3o desde a sa\u00edda do editor Rog\u00e9rio de Campos, em 2012.<\/p>\n<p style=\"text-align: justify;\"><strong>S\u00e9ries<\/strong>\u00a0Arist\u00f3teles e Freud ajudam a explicar estrat\u00e9gias narrativas e personagens de s\u00e9ries como \u201cMad Men\u201d e \u201cBreaking Bad\u201d no curso que o escritor e jornalista Felipe Pena ministra na Casa do Saber, no Rio. As aulas agora v\u00e3o virar livro, previsto para este ano pela Nova Fronteira.<\/p>\n<p style=\"text-align: justify;\"><strong>Criatividade<\/strong>\u00a0Rec\u00e9m-sa\u00edda do selo Gutenberg, da Aut\u00eantica, Gabriela Nascimento assume a dire\u00e7\u00e3o editoral da Reflexiva, que deve estrear neste ano com \u201clivros de v\u00e1rias \u00e1reas, sendo a criatividade a linha mestra\u201d.<\/p>\n<p style=\"text-align: justify;\"><strong>Economia<\/strong>\u00a0A jornalista Miriam Leit\u00e3o, vencedora do Jabuti por \u201cSaga Brasileira\u201d, confirmou presen\u00e7a na Flipo\u00e7os, de 27 de abril a 5 de maio, em Po\u00e7os de Caldas (MG).<\/p>\n<p style=\"text-align: justify;\"><strong>Acervo<\/strong>\u00a0A Capivara poder\u00e1 captar at\u00e9 R$ 604 mil via Rouanet para edi\u00e7\u00e3o com imagens do acervo do Instituto Hist\u00f3rico e Geogr\u00e1fico Brasileiro, que faz 175 anos em 2013. O IHGB tem um dos maiores acervos do pa\u00eds, com itens como cartas de Napole\u00e3o a d. Jo\u00e3o 6\u00ba e uma primeira edi\u00e7\u00e3o dos \u201cLus\u00edadas\u201d, de Cam\u00f5es.<\/p>\n<p style=\"text-align: justify;\"><strong>Digital<\/strong>\u00a0Anunciado no in\u00edcio da gest\u00e3o de Galeno Amorim na Funda\u00e7\u00e3o Biblioteca Nacional, em 2011, o projeto de uma biblioteca para empr\u00e9stimo de livros digitais n\u00e3o saiu do papel. Outro, envolvendo s\u00f3 e-books de obras em dom\u00ednio p\u00fablico, prometia 4.500 t\u00edtulos em dois anos. Por ora, foram convertidos dez.<\/p>\n<p style=\"text-align: right;\">Fonte:\u00a0Folha de S. Paulo<\/p>\n","protected":false},"excerpt":{"rendered":"<p>N\u00e3o \u00e0 toa 74 t\u00edtulos da Record inscritos no Pr\u00eamio de Literatura da Funda\u00e7\u00e3o Biblioteca Nacional, no fim de 2012, foram inabilitados por \u201cinsufici\u00eancia de ISBN\u201d. Desde 2007, quando a vers\u00e3o brasileira do c\u00f3digo internacional que identifica livros passou a ter 13 d\u00edgitos, em vez de dez, a editora praticamente n\u00e3o cadastra obras na ag\u00eancia [&hellip;]<\/p>\n","protected":false},"author":1,"featured_media":0,"comment_status":"open","ping_status":"open","sticky":false,"template":"","format":"standard","meta":{"site-sidebar-layout":"default","site-content-layout":"","ast-site-content-layout":"default","site-content-style":"default","site-sidebar-style":"default","ast-global-header-display":"","ast-banner-title-visibility":"","ast-main-header-display":"","ast-hfb-above-header-display":"","ast-hfb-below-header-display":"","ast-hfb-mobile-header-display":"","site-post-title":"","ast-breadcrumbs-content":"","ast-featured-img":"","footer-sml-layout":"","ast-disable-related-posts":"","theme-transparent-header-meta":"","adv-header-id-meta":"","stick-header-meta":"","header-above-stick-meta":"","header-main-stick-meta":"","header-below-stick-meta":"","astra-migrate-meta-layouts":"default","ast-page-background-enabled":"default","ast-page-background-meta":{"desktop":{"background-color":"","background-image":"","background-repeat":"repeat","background-position":"center center","background-size":"auto","background-attachment":"scroll","background-type":"","background-media":"","overlay-type":"","overlay-color":"","overlay-opacity":"","overlay-gradient":""},"tablet":{"background-color":"","background-image":"","background-repeat":"repeat","background-position":"center center","background-size":"auto","background-attachment":"scroll","background-type":"","background-media":"","overlay-type":"","overlay-color":"","overlay-opacity":"","overlay-gradient":""},"mobile":{"background-color":"","background-image":"","background-repeat":"repeat","background-position":"center center","background-size":"auto","background-attachment":"scroll","background-type":"","background-media":"","overlay-type":"","overlay-color":"","overlay-opacity":"","overlay-gradient":""}},"ast-content-background-meta":{"desktop":{"background-color":"var(--ast-global-color-5)","background-image":"","background-repeat":"repeat","background-position":"center center","background-size":"auto","background-attachment":"scroll","background-type":"","background-media":"","overlay-type":"","overlay-color":"","overlay-opacity":"","overlay-gradient":""},"tablet":{"background-color":"var(--ast-global-color-5)","background-image":"","background-repeat":"repeat","background-position":"center center","background-size":"auto","background-attachment":"scroll","background-type":"","background-media":"","overlay-type":"","overlay-color":"","overlay-opacity":"","overlay-gradient":""},"mobile":{"background-color":"var(--ast-global-color-5)","background-image":"","background-repeat":"repeat","background-position":"center center","background-size":"auto","background-attachment":"scroll","background-type":"","background-media":"","overlay-type":"","overlay-color":"","overlay-opacity":"","overlay-gradient":""}},"footnotes":""},"categories":[1],"tags":[],"class_list":["post-463","post","type-post","status-publish","format-standard","hentry","category-noticias"],"_links":{"self":[{"href":"https:\/\/crb1.org.br\/site\/wp-json\/wp\/v2\/posts\/463","targetHints":{"allow":["GET"]}}],"collection":[{"href":"https:\/\/crb1.org.br\/site\/wp-json\/wp\/v2\/posts"}],"about":[{"href":"https:\/\/crb1.org.br\/site\/wp-json\/wp\/v2\/types\/post"}],"author":[{"embeddable":true,"href":"https:\/\/crb1.org.br\/site\/wp-json\/wp\/v2\/users\/1"}],"replies":[{"embeddable":true,"href":"https:\/\/crb1.org.br\/site\/wp-json\/wp\/v2\/comments?post=463"}],"version-history":[{"count":0,"href":"https:\/\/crb1.org.br\/site\/wp-json\/wp\/v2\/posts\/463\/revisions"}],"wp:attachment":[{"href":"https:\/\/crb1.org.br\/site\/wp-json\/wp\/v2\/media?parent=463"}],"wp:term":[{"taxonomy":"category","embeddable":true,"href":"https:\/\/crb1.org.br\/site\/wp-json\/wp\/v2\/categories?post=463"},{"taxonomy":"post_tag","embeddable":true,"href":"https:\/\/crb1.org.br\/site\/wp-json\/wp\/v2\/tags?post=463"}],"curies":[{"name":"wp","href":"https:\/\/api.w.org\/{rel}","templated":true}]}}